{"id":486,"date":"2023-03-11T17:51:11","date_gmt":"2023-03-11T16:51:11","guid":{"rendered":"http:\/\/terezinskainiciativa.cz\/?p=486"},"modified":"2025-11-06T23:28:48","modified_gmt":"2025-11-06T22:28:48","slug":"vzpominka-na-pani-bohumilu-havrankovou","status":"publish","type":"post","link":"https:\/\/terezinskainiciativa.cz\/en\/archiv\/vzpominka-na-pani-bohumilu-havrankovou\/","title":{"rendered":"Vzpom\u00ednka na pan\u00ed Bohumilu Havr\u00e1nkovou"},"content":{"rendered":"<p>Je pro m\u011b obt\u00ed\u017en\u00e9 mluvit o n\u00ed jako o pan\u00ed Bohumile. Prov\u00e1zela m\u011b toti\u017e cel\u00fdm \u017eivotem jako nejlep\u0161\u00ed kamar\u00e1dka na\u0161\u00ed maminky,&nbsp;jako Bohunda. A nem\u016f\u017eu na ni vzpom\u00ednat ani\u017e bych se sou\u010dasn\u011b nezm\u00ednila i o m\u00e1m\u011b. Bohunda a Anka. Jejich p\u0159\u00e1telstv\u00ed za\u010dalo kdysi d\u00e1vno, na Hagiboru, kdy\u017e jedna oslovila tu druhou: &#8220; hol\u010di\u010dko, chce\u0161 si se mnou hr\u00e1t?&#8220; Ob\u011b na to vzpom\u00ednaly, takhle jednodu\u0161e za\u010dalo jejich celo\u017eivotn\u00ed p\u0159\u00e1telstv\u00ed. Trvalo v\u00edc ne\u017e \u00factyhodn\u00fdch 80 let.<\/p>\n\n\n\n<p>V pam\u011bti m\u00e1m mnoho historek, o n\u011bkolik se s v\u00e1mi pod\u011bl\u00edm. N\u011bkter\u00e9 zn\u00e1m z vypr\u00e1v\u011bn\u00ed, jin\u00e9 jsem za\u017eila.&nbsp; P\u0159ed v\u00e1lkou u\u017e Anka&nbsp;musela nosit na\u0161itou hv\u011bzdu, Bohunda jako m\u00ed\u0161enka je\u0161t\u011b ne. \u0160ly spolu po \u017di\u017ekov\u011b a jedna pan\u00ed se na Bohundu rozk\u0159i\u010dela: &#8220; to se nestyd\u00ed\u0161, kamar\u00e1dit se s \u017eidovkou? &#8220; Ta se pak p\u0159ihnala dom\u016f a vy\u017eadovala okam\u017eit\u011b tak\u00e9 hv\u011bzdu, ihned, te\u010f&#8230;.<\/p>\n\n\n\n<p>V t\u00e9 dob\u011b, tak t\u011b\u017ek\u00e9, se velice sbl\u00ed\u017eily a krom\u011b her a prvn\u00edch l\u00e1sek spolu pro\u017e\u00edvaly i strach rodi\u010d\u016f, vn\u00edmaly citliv\u011b v\u0161e t\u00ed\u017eiv\u00e9 kolem nich. Br\u00e1nily se t\u00edm, \u017ee zat\u00edm z\u016fstaly d\u011btmi. Hr\u00e1ly si, cvi\u010dily&#8230;.<\/p>\n\n\n\n<p>Pozd\u011bji se jejich osud&nbsp;rozd\u011blil.&nbsp;\u010cetla jsem Bohundin&nbsp;den\u00edk z t\u00e9 doby, ka\u017ed\u00fd den v n\u011bm dojemn\u011b&nbsp; vzpom\u00edn\u00e1 na ty, kte\u0159\u00ed u\u017e do koncentr\u00e1ku ode\u0161li, \u010dasto na Anku. Se strachem, obavami, l\u00e1skou.&nbsp;Bohunda m\u011bla to&nbsp;\u0161t\u011bst\u00ed,&nbsp;\u017ee byla &#8222;jen&#8220; v Terez\u00edn\u011b, nepro\u0161la&nbsp;dal\u0161\u00edmi koncentra\u010dn\u00edmi t\u00e1bory.&nbsp;A \u0161t\u011bst\u00ed nejv\u011bt\u0161\u00ed, po v\u00e1lce m\u011bla rodinu. Rodi\u010de i sestru.&nbsp;<\/p>\n\n\n\n<p>Vystudovala \u0161kolu fotografie a n\u011bjakou dobu se t\u00edm \u017eivila. Vdala se, m\u011bla rodinu. Dv\u011b dcery, Evu a M\u00ed\u0161u. Milovala nejen je, ale pozd\u011bji i jejich d\u011bti a pravnou\u010data. Byla na n\u011b velice py\u0161n\u00e1, jak u\u017e tak babi\u010dky b\u00fdvaj\u00ed.<\/p>\n\n\n\n<p>Vzpom\u00edn\u00e1m na rok 1989, kdy byla&nbsp;s M\u00ed\u0161ou (pro na\u0161e tehdej\u0161\u00ed \u00fa\u0159ady tajn\u011b) v Izraeli. Po p\u0159\u00edletu n\u00e1m \u0159\u00edkala, \u017ee u zdi n\u00e1\u0159k\u016f&nbsp;zasunula mezi kameny dle zvyku p\u0159\u00e1n\u00ed. Jak\u00e9? Panebo\u017ee, pros\u00edm t\u011b, a\u0165 u\u017e jdou u n\u00e1s ty komunisti do p&#8230;.e. Ne zcela korektn\u011b vyj\u00e1d\u0159en\u00e9, zato bylo spln\u011bn\u00e9.&nbsp;&nbsp;&nbsp;&nbsp;&nbsp;&nbsp;&nbsp;&nbsp;&nbsp; V listopadu se pak sm\u00e1la a \u0159\u00edkala: \u201eJac\u00ed studenti? To jsem za\u0159\u00eddila j\u00e1!!!\u201c&nbsp; A pro\u010d si byla tak jist\u00e1?&nbsp; No p\u0159ece d\u00e1rek k narozenin\u00e1m!!!&nbsp; Ano, h\u00e1d\u00e1te spr\u00e1vn\u011b, narodila se toti\u017e 17. listopadu.<\/p>\n\n\n\n<p>Stejn\u011b jako ostatn\u00ed p\u0159e\u017eiv\u0161\u00ed se v\u011bnovala p\u0159edn\u00e1\u0161k\u00e1m pro d\u011bti, pracovala v p\u0159edsednictvu Terez\u00ednsk\u00e9 iniciativy a brala to za samoz\u0159ejmou povinnost. Ud\u011blat v\u0161e pro to, aby se o \u0161oa mluvilo, aby se nic podobn\u00e9ho neopakovalo, aby dal\u0161\u00ed generace byla pou\u010den\u00e1 a vzd\u011blan\u00e1.<\/p>\n\n\n\n<p>Bohunda se opravdu um\u011bla radovat ze \u017eivota. Byla velice sportovn\u011b zdatn\u00e1, ly\u017eovala, plavala, v\u00fdborn\u011b cvi\u010dila. Skv\u011bl\u00e1 kondice a smysl pro humor j\u00ed vydr\u017eely do pozdn\u00edho v\u011bku. Do ned\u00e1vn\u00e9 doby se setk\u00e1valy s ostatn\u00edmi kamar\u00e1dkami, \u010dasto u n\u00e1s na zahrad\u011b, a \u017ee jsou u n\u00e1s bylo sly\u0161et ji\u017e zdaleka. \u017d\u00e1dnou z nich nep\u0159e\u0161el humor. Proto bylo tak smutn\u00e9, \u017ee kdykoliv jsem ji vid\u011bla po mamin\u010din\u011b smrti, mluvila jen o tom, jak ji u\u017e \u017eivot nebav\u00ed a opravdu si p\u0159\u00e1la odej\u00edt. To se j\u00ed povedlo, po jej\u00edch 95. narozenin\u00e1ch. Tak snad m\u00e1 klid. Jenom n\u00e1m, co jsme ji m\u011bli r\u00e1di, chyb\u00ed. Jej\u00ed el\u00e1n, smysl pro humor. Ale pokud nem\u011bla s\u00edlu a chu\u0165<\/p>\n\n\n\n<p>k \u017eivotu, bu\u010fme i my sm\u00ed\u0159en\u00ed s jej\u00edm odchodem.<\/p>\n\n\n\n<p>Za v\u0161echny, kte\u0159\u00ed ji m\u011bli r\u00e1di, Alena Lehovcov\u00e1<\/p>\n\n\n\n<figure class=\"wp-block-image size-full\"><img loading=\"lazy\" decoding=\"async\" width=\"502\" height=\"409\" src=\"http:\/\/terezinskainiciativa.cz\/wp-content\/uploads\/2023\/03\/B.-Havrankova-duben-2017-1.jpg\" alt=\"\" class=\"wp-image-533\" srcset=\"https:\/\/terezinskainiciativa.cz\/wp-content\/uploads\/2023\/03\/B.-Havrankova-duben-2017-1.jpg 502w, https:\/\/terezinskainiciativa.cz\/wp-content\/uploads\/2023\/03\/B.-Havrankova-duben-2017-1-300x244.jpg 300w\" sizes=\"(max-width: 502px) 100vw, 502px\" \/><figcaption class=\"wp-element-caption\">duben 2017<\/figcaption><\/figure>\n\n\n\n<figure class=\"wp-block-image size-full\"><img loading=\"lazy\" decoding=\"async\" width=\"420\" height=\"261\" src=\"http:\/\/terezinskainiciativa.cz\/wp-content\/uploads\/2023\/03\/B.-Havrankova-rijen-2021.jpg\" alt=\"\" class=\"wp-image-534\" srcset=\"https:\/\/terezinskainiciativa.cz\/wp-content\/uploads\/2023\/03\/B.-Havrankova-rijen-2021.jpg 420w, https:\/\/terezinskainiciativa.cz\/wp-content\/uploads\/2023\/03\/B.-Havrankova-rijen-2021-300x186.jpg 300w\" sizes=\"(max-width: 420px) 100vw, 420px\" \/><figcaption class=\"wp-element-caption\">\u0159\u00edjen 2021<\/figcaption><\/figure>","protected":false},"excerpt":{"rendered":"<p>Je pro m\u011b obt\u00ed\u017en\u00e9 mluvit o n\u00ed jako o pan\u00ed Bohumile. Prov\u00e1zela m\u011b toti\u017e cel\u00fdm \u017eivotem jako nejlep\u0161\u00ed kamar\u00e1dka na\u0161\u00ed maminky,&nbsp;jako Bohunda. A nem\u016f\u017eu na ni vzpom\u00ednat ani\u017e bych se [&hellip;]<\/p>","protected":false},"author":1,"featured_media":0,"comment_status":"closed","ping_status":"closed","sticky":false,"template":"","format":"standard","meta":{"footnotes":""},"categories":[27],"tags":[],"class_list":["post-486","post","type-post","status-publish","format-standard","hentry","category-archiv"],"yoast_head":"<!-- This site is optimized with the Yoast SEO plugin v21.9.1 - https:\/\/yoast.com\/wordpress\/plugins\/seo\/ -->\n<title>Vzpom\u00ednka na pan\u00ed Bohumilu Havr\u00e1nkovou<\/title>\n<meta name=\"description\" content=\"Je pro m\u011b obt\u00ed\u017en\u00e9 mluvit o n\u00ed jako o pan\u00ed Bohumile. Prov\u00e1zela m\u011b toti\u017e cel\u00fdm \u017eivotem jako nejlep\u0161\u00ed kamar\u00e1dka na\u0161\u00ed maminky,&nbsp;jako Bohunda. A nem\u016f\u017eu na\" \/>\n<meta name=\"robots\" content=\"index, follow, max-snippet:-1, max-image-preview:large, max-video-preview:-1\" \/>\n<link rel=\"canonical\" href=\"https:\/\/terezinskainiciativa.cz\/en\/archiv\/vzpominka-na-pani-bohumilu-havrankovou\/\" \/>\n<meta property=\"og:locale\" content=\"en_US\" \/>\n<meta property=\"og:type\" content=\"article\" \/>\n<meta property=\"og:title\" content=\"Vzpom\u00ednka na pan\u00ed Bohumilu Havr\u00e1nkovou\" \/>\n<meta property=\"og:description\" content=\"Je pro m\u011b obt\u00ed\u017en\u00e9 mluvit o n\u00ed jako o pan\u00ed Bohumile. Prov\u00e1zela m\u011b toti\u017e cel\u00fdm \u017eivotem jako nejlep\u0161\u00ed kamar\u00e1dka na\u0161\u00ed maminky,&nbsp;jako Bohunda. A nem\u016f\u017eu na\" \/>\n<meta property=\"og:url\" content=\"https:\/\/terezinskainiciativa.cz\/en\/archiv\/vzpominka-na-pani-bohumilu-havrankovou\/\" \/>\n<meta property=\"og:site_name\" content=\"Terez\u00ednsk\u00e1 iniciativa\" \/>\n<meta property=\"article:published_time\" content=\"2023-03-11T16:51:11+00:00\" \/>\n<meta property=\"article:modified_time\" content=\"2025-11-06T22:28:48+00:00\" \/>\n<meta property=\"og:image\" content=\"http:\/\/terezinskainiciativa.cz\/wp-content\/uploads\/2023\/03\/B.-Havrankova-duben-2017-1.jpg\" \/>\n<meta name=\"author\" content=\"TI\" \/>\n<meta name=\"twitter:card\" content=\"summary_large_image\" \/>\n<meta name=\"twitter:label1\" content=\"Written by\" \/>\n\t<meta name=\"twitter:data1\" content=\"TI\" \/>\n\t<meta name=\"twitter:label2\" content=\"Est. reading time\" \/>\n\t<meta name=\"twitter:data2\" content=\"3 minutes\" \/>\n<script type=\"application\/ld+json\" class=\"yoast-schema-graph\">{\"@context\":\"https:\/\/schema.org\",\"@graph\":[{\"@type\":\"Article\",\"@id\":\"https:\/\/terezinskainiciativa.cz\/archiv\/vzpominka-na-pani-bohumilu-havrankovou\/#article\",\"isPartOf\":{\"@id\":\"https:\/\/terezinskainiciativa.cz\/archiv\/vzpominka-na-pani-bohumilu-havrankovou\/\"},\"author\":{\"name\":\"TI\",\"@id\":\"https:\/\/terezinskainiciativa.cz\/#\/schema\/person\/19226cfe72c90058c84eed8ae52b2dcf\"},\"headline\":\"Vzpom\u00ednka na pan\u00ed Bohumilu Havr\u00e1nkovou\",\"datePublished\":\"2023-03-11T16:51:11+00:00\",\"dateModified\":\"2025-11-06T22:28:48+00:00\",\"mainEntityOfPage\":{\"@id\":\"https:\/\/terezinskainiciativa.cz\/archiv\/vzpominka-na-pani-bohumilu-havrankovou\/\"},\"wordCount\":710,\"publisher\":{\"@id\":\"https:\/\/terezinskainiciativa.cz\/#organization\"},\"articleSection\":[\"Archiv\"],\"inLanguage\":\"en-US\"},{\"@type\":\"WebPage\",\"@id\":\"https:\/\/terezinskainiciativa.cz\/archiv\/vzpominka-na-pani-bohumilu-havrankovou\/\",\"url\":\"https:\/\/terezinskainiciativa.cz\/archiv\/vzpominka-na-pani-bohumilu-havrankovou\/\",\"name\":\"Vzpom\u00ednka na pan\u00ed Bohumilu Havr\u00e1nkovou\",\"isPartOf\":{\"@id\":\"https:\/\/terezinskainiciativa.cz\/#website\"},\"datePublished\":\"2023-03-11T16:51:11+00:00\",\"dateModified\":\"2025-11-06T22:28:48+00:00\",\"description\":\"Je pro m\u011b obt\u00ed\u017en\u00e9 mluvit o n\u00ed jako o pan\u00ed Bohumile. Prov\u00e1zela m\u011b toti\u017e cel\u00fdm \u017eivotem jako nejlep\u0161\u00ed kamar\u00e1dka na\u0161\u00ed maminky,&nbsp;jako Bohunda. A nem\u016f\u017eu na\",\"breadcrumb\":{\"@id\":\"https:\/\/terezinskainiciativa.cz\/archiv\/vzpominka-na-pani-bohumilu-havrankovou\/#breadcrumb\"},\"inLanguage\":\"en-US\",\"potentialAction\":[{\"@type\":\"ReadAction\",\"target\":[\"https:\/\/terezinskainiciativa.cz\/archiv\/vzpominka-na-pani-bohumilu-havrankovou\/\"]}]},{\"@type\":\"BreadcrumbList\",\"@id\":\"https:\/\/terezinskainiciativa.cz\/archiv\/vzpominka-na-pani-bohumilu-havrankovou\/#breadcrumb\",\"itemListElement\":[{\"@type\":\"ListItem\",\"position\":1,\"name\":\"Dom\u016f\",\"item\":\"https:\/\/terezinskainiciativa.cz\/\"},{\"@type\":\"ListItem\",\"position\":2,\"name\":\"Vzpom\u00ednka na pan\u00ed Bohumilu Havr\u00e1nkovou\"}]},{\"@type\":\"WebSite\",\"@id\":\"https:\/\/terezinskainiciativa.cz\/#website\",\"url\":\"https:\/\/terezinskainiciativa.cz\/\",\"name\":\"Terez\u00ednsk\u00e1 iniciativa\",\"description\":\"TI je sdru\u017een\u00ed b\u00fdval\u00fdch v\u011bz\u0148\u016f terez\u00ednsk\u00e9ho ghetta a jejich p\u0159\u00edm\u00fdch potomk\u016f\",\"publisher\":{\"@id\":\"https:\/\/terezinskainiciativa.cz\/#organization\"},\"potentialAction\":[{\"@type\":\"SearchAction\",\"target\":{\"@type\":\"EntryPoint\",\"urlTemplate\":\"https:\/\/terezinskainiciativa.cz\/?s={search_term_string}\"},\"query-input\":\"required name=search_term_string\"}],\"inLanguage\":\"en-US\"},{\"@type\":\"Organization\",\"@id\":\"https:\/\/terezinskainiciativa.cz\/#organization\",\"name\":\"Terez\u00ednsk\u00e1 iniciativa\",\"url\":\"https:\/\/terezinskainiciativa.cz\/\",\"logo\":{\"@type\":\"ImageObject\",\"inLanguage\":\"en-US\",\"@id\":\"https:\/\/terezinskainiciativa.cz\/#\/schema\/logo\/image\/\",\"url\":\"https:\/\/terezinskainiciativa.cz\/wp-content\/uploads\/2022\/12\/cropped-ti-v2.png\",\"contentUrl\":\"https:\/\/terezinskainiciativa.cz\/wp-content\/uploads\/2022\/12\/cropped-ti-v2.png\",\"width\":242,\"height\":71,\"caption\":\"Terez\u00ednsk\u00e1 iniciativa\"},\"image\":{\"@id\":\"https:\/\/terezinskainiciativa.cz\/#\/schema\/logo\/image\/\"}},{\"@type\":\"Person\",\"@id\":\"https:\/\/terezinskainiciativa.cz\/#\/schema\/person\/19226cfe72c90058c84eed8ae52b2dcf\",\"name\":\"TI\",\"image\":{\"@type\":\"ImageObject\",\"inLanguage\":\"en-US\",\"@id\":\"https:\/\/terezinskainiciativa.cz\/#\/schema\/person\/image\/\",\"url\":\"https:\/\/secure.gravatar.com\/avatar\/c2d28ae173a6028f6ad18228439211d3?s=96&d=mm&r=g\",\"contentUrl\":\"https:\/\/secure.gravatar.com\/avatar\/c2d28ae173a6028f6ad18228439211d3?s=96&d=mm&r=g\",\"caption\":\"TI\"},\"sameAs\":[\"http:\/\/terezinskainiciativa.cz\"]}]}<\/script>\n<!-- \/ Yoast SEO plugin. -->","yoast_head_json":{"title":"Vzpom\u00ednka na pan\u00ed Bohumilu Havr\u00e1nkovou","description":"Je pro m\u011b obt\u00ed\u017en\u00e9 mluvit o n\u00ed jako o pan\u00ed Bohumile. Prov\u00e1zela m\u011b toti\u017e cel\u00fdm \u017eivotem jako nejlep\u0161\u00ed kamar\u00e1dka na\u0161\u00ed maminky,&nbsp;jako Bohunda. A nem\u016f\u017eu na","robots":{"index":"index","follow":"follow","max-snippet":"max-snippet:-1","max-image-preview":"max-image-preview:large","max-video-preview":"max-video-preview:-1"},"canonical":"https:\/\/terezinskainiciativa.cz\/en\/archiv\/vzpominka-na-pani-bohumilu-havrankovou\/","og_locale":"en_US","og_type":"article","og_title":"Vzpom\u00ednka na pan\u00ed Bohumilu Havr\u00e1nkovou","og_description":"Je pro m\u011b obt\u00ed\u017en\u00e9 mluvit o n\u00ed jako o pan\u00ed Bohumile. Prov\u00e1zela m\u011b toti\u017e cel\u00fdm \u017eivotem jako nejlep\u0161\u00ed kamar\u00e1dka na\u0161\u00ed maminky,&nbsp;jako Bohunda. A nem\u016f\u017eu na","og_url":"https:\/\/terezinskainiciativa.cz\/en\/archiv\/vzpominka-na-pani-bohumilu-havrankovou\/","og_site_name":"Terez\u00ednsk\u00e1 iniciativa","article_published_time":"2023-03-11T16:51:11+00:00","article_modified_time":"2025-11-06T22:28:48+00:00","og_image":[{"url":"http:\/\/terezinskainiciativa.cz\/wp-content\/uploads\/2023\/03\/B.-Havrankova-duben-2017-1.jpg"}],"author":"TI","twitter_card":"summary_large_image","twitter_misc":{"Written by":"TI","Est. reading time":"3 minutes"},"schema":{"@context":"https:\/\/schema.org","@graph":[{"@type":"Article","@id":"https:\/\/terezinskainiciativa.cz\/archiv\/vzpominka-na-pani-bohumilu-havrankovou\/#article","isPartOf":{"@id":"https:\/\/terezinskainiciativa.cz\/archiv\/vzpominka-na-pani-bohumilu-havrankovou\/"},"author":{"name":"TI","@id":"https:\/\/terezinskainiciativa.cz\/#\/schema\/person\/19226cfe72c90058c84eed8ae52b2dcf"},"headline":"Vzpom\u00ednka na pan\u00ed Bohumilu Havr\u00e1nkovou","datePublished":"2023-03-11T16:51:11+00:00","dateModified":"2025-11-06T22:28:48+00:00","mainEntityOfPage":{"@id":"https:\/\/terezinskainiciativa.cz\/archiv\/vzpominka-na-pani-bohumilu-havrankovou\/"},"wordCount":710,"publisher":{"@id":"https:\/\/terezinskainiciativa.cz\/#organization"},"articleSection":["Archiv"],"inLanguage":"en-US"},{"@type":"WebPage","@id":"https:\/\/terezinskainiciativa.cz\/archiv\/vzpominka-na-pani-bohumilu-havrankovou\/","url":"https:\/\/terezinskainiciativa.cz\/archiv\/vzpominka-na-pani-bohumilu-havrankovou\/","name":"Vzpom\u00ednka na pan\u00ed Bohumilu Havr\u00e1nkovou","isPartOf":{"@id":"https:\/\/terezinskainiciativa.cz\/#website"},"datePublished":"2023-03-11T16:51:11+00:00","dateModified":"2025-11-06T22:28:48+00:00","description":"Je pro m\u011b obt\u00ed\u017en\u00e9 mluvit o n\u00ed jako o pan\u00ed Bohumile. Prov\u00e1zela m\u011b toti\u017e cel\u00fdm \u017eivotem jako nejlep\u0161\u00ed kamar\u00e1dka na\u0161\u00ed maminky,&nbsp;jako Bohunda. A nem\u016f\u017eu na","breadcrumb":{"@id":"https:\/\/terezinskainiciativa.cz\/archiv\/vzpominka-na-pani-bohumilu-havrankovou\/#breadcrumb"},"inLanguage":"en-US","potentialAction":[{"@type":"ReadAction","target":["https:\/\/terezinskainiciativa.cz\/archiv\/vzpominka-na-pani-bohumilu-havrankovou\/"]}]},{"@type":"BreadcrumbList","@id":"https:\/\/terezinskainiciativa.cz\/archiv\/vzpominka-na-pani-bohumilu-havrankovou\/#breadcrumb","itemListElement":[{"@type":"ListItem","position":1,"name":"Dom\u016f","item":"https:\/\/terezinskainiciativa.cz\/"},{"@type":"ListItem","position":2,"name":"Vzpom\u00ednka na pan\u00ed Bohumilu Havr\u00e1nkovou"}]},{"@type":"WebSite","@id":"https:\/\/terezinskainiciativa.cz\/#website","url":"https:\/\/terezinskainiciativa.cz\/","name":"Terez\u00ednsk\u00e1 iniciativa","description":"TI je sdru\u017een\u00ed b\u00fdval\u00fdch v\u011bz\u0148\u016f terez\u00ednsk\u00e9ho ghetta a jejich p\u0159\u00edm\u00fdch potomk\u016f","publisher":{"@id":"https:\/\/terezinskainiciativa.cz\/#organization"},"potentialAction":[{"@type":"SearchAction","target":{"@type":"EntryPoint","urlTemplate":"https:\/\/terezinskainiciativa.cz\/?s={search_term_string}"},"query-input":"required name=search_term_string"}],"inLanguage":"en-US"},{"@type":"Organization","@id":"https:\/\/terezinskainiciativa.cz\/#organization","name":"Terez\u00ednsk\u00e1 iniciativa","url":"https:\/\/terezinskainiciativa.cz\/","logo":{"@type":"ImageObject","inLanguage":"en-US","@id":"https:\/\/terezinskainiciativa.cz\/#\/schema\/logo\/image\/","url":"https:\/\/terezinskainiciativa.cz\/wp-content\/uploads\/2022\/12\/cropped-ti-v2.png","contentUrl":"https:\/\/terezinskainiciativa.cz\/wp-content\/uploads\/2022\/12\/cropped-ti-v2.png","width":242,"height":71,"caption":"Terez\u00ednsk\u00e1 iniciativa"},"image":{"@id":"https:\/\/terezinskainiciativa.cz\/#\/schema\/logo\/image\/"}},{"@type":"Person","@id":"https:\/\/terezinskainiciativa.cz\/#\/schema\/person\/19226cfe72c90058c84eed8ae52b2dcf","name":"TI","image":{"@type":"ImageObject","inLanguage":"en-US","@id":"https:\/\/terezinskainiciativa.cz\/#\/schema\/person\/image\/","url":"https:\/\/secure.gravatar.com\/avatar\/c2d28ae173a6028f6ad18228439211d3?s=96&d=mm&r=g","contentUrl":"https:\/\/secure.gravatar.com\/avatar\/c2d28ae173a6028f6ad18228439211d3?s=96&d=mm&r=g","caption":"TI"},"sameAs":["http:\/\/terezinskainiciativa.cz"]}]}},"_links":{"self":[{"href":"https:\/\/terezinskainiciativa.cz\/en\/wp-json\/wp\/v2\/posts\/486"}],"collection":[{"href":"https:\/\/terezinskainiciativa.cz\/en\/wp-json\/wp\/v2\/posts"}],"about":[{"href":"https:\/\/terezinskainiciativa.cz\/en\/wp-json\/wp\/v2\/types\/post"}],"author":[{"embeddable":true,"href":"https:\/\/terezinskainiciativa.cz\/en\/wp-json\/wp\/v2\/users\/1"}],"replies":[{"embeddable":true,"href":"https:\/\/terezinskainiciativa.cz\/en\/wp-json\/wp\/v2\/comments?post=486"}],"version-history":[{"count":2,"href":"https:\/\/terezinskainiciativa.cz\/en\/wp-json\/wp\/v2\/posts\/486\/revisions"}],"predecessor-version":[{"id":535,"href":"https:\/\/terezinskainiciativa.cz\/en\/wp-json\/wp\/v2\/posts\/486\/revisions\/535"}],"wp:attachment":[{"href":"https:\/\/terezinskainiciativa.cz\/en\/wp-json\/wp\/v2\/media?parent=486"}],"wp:term":[{"taxonomy":"category","embeddable":true,"href":"https:\/\/terezinskainiciativa.cz\/en\/wp-json\/wp\/v2\/categories?post=486"},{"taxonomy":"post_tag","embeddable":true,"href":"https:\/\/terezinskainiciativa.cz\/en\/wp-json\/wp\/v2\/tags?post=486"}],"curies":[{"name":"wp","href":"https:\/\/api.w.org\/{rel}","templated":true}]}}