{"id":545,"date":"2023-03-22T15:45:00","date_gmt":"2023-03-22T14:45:00","guid":{"rendered":"http:\/\/terezinskainiciativa.cz\/?p=545"},"modified":"2025-11-06T23:28:47","modified_gmt":"2025-11-06T22:28:47","slug":"v-blodig-ocenen-radem-cestne-legie","status":"publish","type":"post","link":"https:\/\/terezinskainiciativa.cz\/en\/archiv\/v-blodig-ocenen-radem-cestne-legie\/","title":{"rendered":"V. Blodig ocen\u011bn \u0158\u00e1dem \u010destn\u00e9 legie"},"content":{"rendered":"<p><strong>V\u00a0\u00fater\u00fd 28. \u00fanora p\u0159evzal Vojt\u011bch Blodig z\u00a0rukou francouzsk\u00e9ho velvyslance Alexise Dutertra na p\u016fd\u011b Velvyslanectv\u00ed Francie v\u00a0Praze \u0158\u00e1d \u010destn\u00e9 legie, nejvy\u0161\u0161\u00ed francouzsk\u00e9 st\u00e1tn\u00ed vyznamen\u00e1n\u00ed. \u0158\u00e1d mu byl ud\u011blen za dlouhodob\u00e9 p\u0159ipom\u00edn\u00e1n\u00ed historie holocaustu.<\/strong><\/p>\n\n\n\n<p><strong>Vojt\u011bch Blodig si pozval na slavnostn\u00ed p\u0159ed\u00e1n\u00ed ocen\u011bn\u00ed mimo sv\u00e9 rodiny i z\u00e1stupce r\u016fzn\u00fdch organizac\u00ed, p\u0159edsedu Terez\u00ednsk\u00e9 iniciativy nevyj\u00edmaje.<\/strong><\/p>\n\n\n\n<figure class=\"wp-block-image size-full\"><img loading=\"lazy\" decoding=\"async\" width=\"925\" height=\"694\" src=\"http:\/\/terezinskainiciativa.cz\/wp-content\/uploads\/2023\/03\/Foto-1-blodig.jpg\" alt=\"\" class=\"wp-image-546\" srcset=\"https:\/\/terezinskainiciativa.cz\/wp-content\/uploads\/2023\/03\/Foto-1-blodig.jpg 925w, https:\/\/terezinskainiciativa.cz\/wp-content\/uploads\/2023\/03\/Foto-1-blodig-300x225.jpg 300w, https:\/\/terezinskainiciativa.cz\/wp-content\/uploads\/2023\/03\/Foto-1-blodig-768x576.jpg 768w\" sizes=\"(max-width: 925px) 100vw, 925px\" \/><\/figure>\n\n\n\n<figure class=\"wp-block-image size-full\"><img loading=\"lazy\" decoding=\"async\" width=\"925\" height=\"694\" src=\"http:\/\/terezinskainiciativa.cz\/wp-content\/uploads\/2023\/03\/Foto-2-blodig.jpg\" alt=\"\" class=\"wp-image-547\" srcset=\"https:\/\/terezinskainiciativa.cz\/wp-content\/uploads\/2023\/03\/Foto-2-blodig.jpg 925w, https:\/\/terezinskainiciativa.cz\/wp-content\/uploads\/2023\/03\/Foto-2-blodig-300x225.jpg 300w, https:\/\/terezinskainiciativa.cz\/wp-content\/uploads\/2023\/03\/Foto-2-blodig-768x576.jpg 768w\" sizes=\"(max-width: 925px) 100vw, 925px\" \/><\/figure>\n\n\n\n<p>Vojt\u011bch Blodig je historik a n\u00e1m\u011bstek \u0159editele pam\u00e1tn\u00edku Terez\u00edn. Sv\u016fj profesn\u00ed \u017eivot v\u011bnoval d\u011bjin\u00e1m terez\u00ednsk\u00e9ho ghetta. Zaslou\u017eil se o roz\u0161\u00ed\u0159en\u00ed jeho expozice, pod\u00edlel se na cel\u00e9 \u0159ad\u011b publikac\u00ed zab\u00fdvaj\u00edc\u00edch se problematikou holocaustu. Ve\u0161kerou svou \u010dinnost\u00ed se sna\u017e\u00ed aktivn\u011b p\u0159ipom\u00ednat \u0161irok\u00e9 ve\u0159ejnosti toto tragick\u00e9 obdob\u00ed, co\u017e je zejm\u00e9na v&nbsp;sou\u010dasn\u00e9 dob\u011b velmi aktu\u00e1ln\u00ed.<\/p>\n\n\n\n<p>&nbsp;&nbsp;&nbsp;&nbsp;&nbsp;&nbsp;&nbsp;&nbsp;&nbsp;&nbsp;&nbsp; Od roku 2015 je m\u00edstop\u0159edsedou mezin\u00e1rodn\u00edho v\u00fdboru Centra pro vzd\u011bl\u00e1v\u00e1n\u00ed o Osv\u011btimi a holocaustu ICEAH (International Center for Education about Auschwitz and the Holocaust), kter\u00e9 bylo z\u0159\u00edzeno p\u0159i St\u00e1tn\u00edm muzeu Auschwitz-Birkenau v Osv\u011btimi. Krom\u011b toho, \u017ee se pod\u00edl\u00ed na vzd\u011bl\u00e1vac\u00ed \u010dinnosti Pam\u00e1tn\u00edku Terez\u00edn, p\u016fsob\u00ed i jako pedagog na Univerzit\u011b Jana Evangelisty Purkyn\u011b v \u00dast\u00ed nad Labem.<\/p>\n\n\n\n<figure class=\"wp-block-image size-full\"><img loading=\"lazy\" decoding=\"async\" width=\"925\" height=\"694\" src=\"http:\/\/terezinskainiciativa.cz\/wp-content\/uploads\/2023\/03\/Foto-3-blodig.jpg\" alt=\"\" class=\"wp-image-548\" srcset=\"https:\/\/terezinskainiciativa.cz\/wp-content\/uploads\/2023\/03\/Foto-3-blodig.jpg 925w, https:\/\/terezinskainiciativa.cz\/wp-content\/uploads\/2023\/03\/Foto-3-blodig-300x225.jpg 300w, https:\/\/terezinskainiciativa.cz\/wp-content\/uploads\/2023\/03\/Foto-3-blodig-768x576.jpg 768w\" sizes=\"(max-width: 925px) 100vw, 925px\" \/><\/figure>\n\n\n\n<figure class=\"wp-block-image size-full\"><img loading=\"lazy\" decoding=\"async\" width=\"925\" height=\"694\" src=\"http:\/\/terezinskainiciativa.cz\/wp-content\/uploads\/2023\/03\/Foto-4-blodig.jpg\" alt=\"\" class=\"wp-image-549\" srcset=\"https:\/\/terezinskainiciativa.cz\/wp-content\/uploads\/2023\/03\/Foto-4-blodig.jpg 925w, https:\/\/terezinskainiciativa.cz\/wp-content\/uploads\/2023\/03\/Foto-4-blodig-300x225.jpg 300w, https:\/\/terezinskainiciativa.cz\/wp-content\/uploads\/2023\/03\/Foto-4-blodig-768x576.jpg 768w\" sizes=\"(max-width: 925px) 100vw, 925px\" \/><\/figure>\n\n\n\n<p>\u00a0\u00a0\u00a0\u00a0\u00a0\u00a0\u00a0\u00a0\u00a0 \u00a0 Nejvy\u0161\u0161\u00ed francouzsk\u00e9 vyznamen\u00e1n\u00ed je ud\u011blov\u00e1no za <em>vynikaj\u00edc\u00ed z\u00e1sluhy z\u00edskan\u00e9 ve slu\u017eb\u011b n\u00e1rodu v civiln\u00ed \u010di vojensk\u00e9<\/em> <em>funkci <\/em>od kv\u011btna 1802, kdy bylo z\u0159\u00edzeno Napoleonem Bonapartem.<\/p>\n\n\n\n<p>&nbsp;&nbsp;&nbsp;&nbsp;&nbsp;&nbsp;&nbsp;&nbsp;&nbsp;&nbsp;&nbsp; Vojt\u011bch Blodig se tak za\u0159adil mezi nositele tohoto vyznamen\u00e1n\u00ed, jak\u00fdmi byli na p\u0159\u00edklad prezident \u010cesk\u00e9 republiky Petr Pavel, biskup V\u00e1clav Mal\u00fd, sen\u00e1tor Pavel Fischer nebo p\u0159edseda \u00dastavn\u00edho soudu Pavel Rychetsk\u00fd.<\/p>\n\n\n\n<p>&nbsp;&nbsp;&nbsp;&nbsp;&nbsp;&nbsp;&nbsp;&nbsp;&nbsp;&nbsp;&nbsp; Za Terez\u00ednskou iniciativu up\u0159\u00edmn\u011b blahop\u0159ejeme.<\/p>\n\n\n\n<p><em>Foto: Michal Str\u00e1nsk\u00fd<\/em><\/p>","protected":false},"excerpt":{"rendered":"<p>V\u00a0\u00fater\u00fd 28. \u00fanora p\u0159evzal Vojt\u011bch Blodig z\u00a0rukou francouzsk\u00e9ho velvyslance Alexise Dutertra na p\u016fd\u011b Velvyslanectv\u00ed Francie v\u00a0Praze \u0158\u00e1d \u010destn\u00e9 legie, nejvy\u0161\u0161\u00ed francouzsk\u00e9 st\u00e1tn\u00ed vyznamen\u00e1n\u00ed. \u0158\u00e1d mu byl ud\u011blen za dlouhodob\u00e9 p\u0159ipom\u00edn\u00e1n\u00ed [&hellip;]<\/p>","protected":false},"author":1,"featured_media":0,"comment_status":"closed","ping_status":"closed","sticky":false,"template":"","format":"standard","meta":{"footnotes":""},"categories":[27],"tags":[],"class_list":["post-545","post","type-post","status-publish","format-standard","hentry","category-archiv"],"yoast_head":"<!-- This site is optimized with the Yoast SEO plugin v21.9.1 - https:\/\/yoast.com\/wordpress\/plugins\/seo\/ -->\n<title>V. Blodig ocen\u011bn \u0158\u00e1dem \u010destn\u00e9 legie<\/title>\n<meta name=\"description\" content=\"V\u00a0\u00fater\u00fd 28. \u00fanora p\u0159evzal Vojt\u011bch Blodig z\u00a0rukou francouzsk\u00e9ho velvyslance Alexise Dutertra na p\u016fd\u011b Velvyslanectv\u00ed Francie v\u00a0Praze \u0158\u00e1d \u010destn\u00e9 legie,\" \/>\n<meta name=\"robots\" content=\"index, follow, max-snippet:-1, max-image-preview:large, max-video-preview:-1\" \/>\n<link rel=\"canonical\" href=\"https:\/\/terezinskainiciativa.cz\/en\/archiv\/v-blodig-ocenen-radem-cestne-legie\/\" \/>\n<meta property=\"og:locale\" content=\"en_US\" \/>\n<meta property=\"og:type\" content=\"article\" \/>\n<meta property=\"og:title\" content=\"V. Blodig ocen\u011bn \u0158\u00e1dem \u010destn\u00e9 legie\" \/>\n<meta property=\"og:description\" content=\"V\u00a0\u00fater\u00fd 28. \u00fanora p\u0159evzal Vojt\u011bch Blodig z\u00a0rukou francouzsk\u00e9ho velvyslance Alexise Dutertra na p\u016fd\u011b Velvyslanectv\u00ed Francie v\u00a0Praze \u0158\u00e1d \u010destn\u00e9 legie,\" \/>\n<meta property=\"og:url\" content=\"https:\/\/terezinskainiciativa.cz\/en\/archiv\/v-blodig-ocenen-radem-cestne-legie\/\" \/>\n<meta property=\"og:site_name\" content=\"Terez\u00ednsk\u00e1 iniciativa\" \/>\n<meta property=\"article:published_time\" content=\"2023-03-22T14:45:00+00:00\" \/>\n<meta property=\"article:modified_time\" content=\"2025-11-06T22:28:47+00:00\" \/>\n<meta property=\"og:image\" content=\"http:\/\/terezinskainiciativa.cz\/wp-content\/uploads\/2023\/03\/Foto-1-blodig.jpg\" \/>\n<meta name=\"author\" content=\"TI\" \/>\n<meta name=\"twitter:card\" content=\"summary_large_image\" \/>\n<meta name=\"twitter:label1\" content=\"Written by\" \/>\n\t<meta name=\"twitter:data1\" content=\"TI\" \/>\n\t<meta name=\"twitter:label2\" content=\"Est. reading time\" \/>\n\t<meta name=\"twitter:data2\" content=\"2 minutes\" \/>\n<script type=\"application\/ld+json\" class=\"yoast-schema-graph\">{\"@context\":\"https:\/\/schema.org\",\"@graph\":[{\"@type\":\"Article\",\"@id\":\"https:\/\/terezinskainiciativa.cz\/archiv\/v-blodig-ocenen-radem-cestne-legie\/#article\",\"isPartOf\":{\"@id\":\"https:\/\/terezinskainiciativa.cz\/archiv\/v-blodig-ocenen-radem-cestne-legie\/\"},\"author\":{\"name\":\"TI\",\"@id\":\"https:\/\/terezinskainiciativa.cz\/#\/schema\/person\/19226cfe72c90058c84eed8ae52b2dcf\"},\"headline\":\"V. Blodig ocen\u011bn \u0158\u00e1dem \u010destn\u00e9 legie\",\"datePublished\":\"2023-03-22T14:45:00+00:00\",\"dateModified\":\"2025-11-06T22:28:47+00:00\",\"mainEntityOfPage\":{\"@id\":\"https:\/\/terezinskainiciativa.cz\/archiv\/v-blodig-ocenen-radem-cestne-legie\/\"},\"wordCount\":352,\"publisher\":{\"@id\":\"https:\/\/terezinskainiciativa.cz\/#organization\"},\"articleSection\":[\"Archiv\"],\"inLanguage\":\"en-US\"},{\"@type\":\"WebPage\",\"@id\":\"https:\/\/terezinskainiciativa.cz\/archiv\/v-blodig-ocenen-radem-cestne-legie\/\",\"url\":\"https:\/\/terezinskainiciativa.cz\/archiv\/v-blodig-ocenen-radem-cestne-legie\/\",\"name\":\"V. Blodig ocen\u011bn \u0158\u00e1dem \u010destn\u00e9 legie\",\"isPartOf\":{\"@id\":\"https:\/\/terezinskainiciativa.cz\/#website\"},\"datePublished\":\"2023-03-22T14:45:00+00:00\",\"dateModified\":\"2025-11-06T22:28:47+00:00\",\"description\":\"V\u00a0\u00fater\u00fd 28. \u00fanora p\u0159evzal Vojt\u011bch Blodig z\u00a0rukou francouzsk\u00e9ho velvyslance Alexise Dutertra na p\u016fd\u011b Velvyslanectv\u00ed Francie v\u00a0Praze \u0158\u00e1d \u010destn\u00e9 legie,\",\"breadcrumb\":{\"@id\":\"https:\/\/terezinskainiciativa.cz\/archiv\/v-blodig-ocenen-radem-cestne-legie\/#breadcrumb\"},\"inLanguage\":\"en-US\",\"potentialAction\":[{\"@type\":\"ReadAction\",\"target\":[\"https:\/\/terezinskainiciativa.cz\/archiv\/v-blodig-ocenen-radem-cestne-legie\/\"]}]},{\"@type\":\"BreadcrumbList\",\"@id\":\"https:\/\/terezinskainiciativa.cz\/archiv\/v-blodig-ocenen-radem-cestne-legie\/#breadcrumb\",\"itemListElement\":[{\"@type\":\"ListItem\",\"position\":1,\"name\":\"Dom\u016f\",\"item\":\"https:\/\/terezinskainiciativa.cz\/\"},{\"@type\":\"ListItem\",\"position\":2,\"name\":\"V. Blodig ocen\u011bn \u0158\u00e1dem \u010destn\u00e9 legie\"}]},{\"@type\":\"WebSite\",\"@id\":\"https:\/\/terezinskainiciativa.cz\/#website\",\"url\":\"https:\/\/terezinskainiciativa.cz\/\",\"name\":\"Terez\u00ednsk\u00e1 iniciativa\",\"description\":\"TI je sdru\u017een\u00ed b\u00fdval\u00fdch v\u011bz\u0148\u016f terez\u00ednsk\u00e9ho ghetta a jejich p\u0159\u00edm\u00fdch potomk\u016f\",\"publisher\":{\"@id\":\"https:\/\/terezinskainiciativa.cz\/#organization\"},\"potentialAction\":[{\"@type\":\"SearchAction\",\"target\":{\"@type\":\"EntryPoint\",\"urlTemplate\":\"https:\/\/terezinskainiciativa.cz\/?s={search_term_string}\"},\"query-input\":\"required name=search_term_string\"}],\"inLanguage\":\"en-US\"},{\"@type\":\"Organization\",\"@id\":\"https:\/\/terezinskainiciativa.cz\/#organization\",\"name\":\"Terez\u00ednsk\u00e1 iniciativa\",\"url\":\"https:\/\/terezinskainiciativa.cz\/\",\"logo\":{\"@type\":\"ImageObject\",\"inLanguage\":\"en-US\",\"@id\":\"https:\/\/terezinskainiciativa.cz\/#\/schema\/logo\/image\/\",\"url\":\"https:\/\/terezinskainiciativa.cz\/wp-content\/uploads\/2022\/12\/cropped-ti-v2.png\",\"contentUrl\":\"https:\/\/terezinskainiciativa.cz\/wp-content\/uploads\/2022\/12\/cropped-ti-v2.png\",\"width\":242,\"height\":71,\"caption\":\"Terez\u00ednsk\u00e1 iniciativa\"},\"image\":{\"@id\":\"https:\/\/terezinskainiciativa.cz\/#\/schema\/logo\/image\/\"}},{\"@type\":\"Person\",\"@id\":\"https:\/\/terezinskainiciativa.cz\/#\/schema\/person\/19226cfe72c90058c84eed8ae52b2dcf\",\"name\":\"TI\",\"image\":{\"@type\":\"ImageObject\",\"inLanguage\":\"en-US\",\"@id\":\"https:\/\/terezinskainiciativa.cz\/#\/schema\/person\/image\/\",\"url\":\"https:\/\/secure.gravatar.com\/avatar\/c2d28ae173a6028f6ad18228439211d3?s=96&d=mm&r=g\",\"contentUrl\":\"https:\/\/secure.gravatar.com\/avatar\/c2d28ae173a6028f6ad18228439211d3?s=96&d=mm&r=g\",\"caption\":\"TI\"},\"sameAs\":[\"http:\/\/terezinskainiciativa.cz\"]}]}<\/script>\n<!-- \/ Yoast SEO plugin. -->","yoast_head_json":{"title":"V. Blodig ocen\u011bn \u0158\u00e1dem \u010destn\u00e9 legie","description":"V\u00a0\u00fater\u00fd 28. \u00fanora p\u0159evzal Vojt\u011bch Blodig z\u00a0rukou francouzsk\u00e9ho velvyslance Alexise Dutertra na p\u016fd\u011b Velvyslanectv\u00ed Francie v\u00a0Praze \u0158\u00e1d \u010destn\u00e9 legie,","robots":{"index":"index","follow":"follow","max-snippet":"max-snippet:-1","max-image-preview":"max-image-preview:large","max-video-preview":"max-video-preview:-1"},"canonical":"https:\/\/terezinskainiciativa.cz\/en\/archiv\/v-blodig-ocenen-radem-cestne-legie\/","og_locale":"en_US","og_type":"article","og_title":"V. Blodig ocen\u011bn \u0158\u00e1dem \u010destn\u00e9 legie","og_description":"V\u00a0\u00fater\u00fd 28. \u00fanora p\u0159evzal Vojt\u011bch Blodig z\u00a0rukou francouzsk\u00e9ho velvyslance Alexise Dutertra na p\u016fd\u011b Velvyslanectv\u00ed Francie v\u00a0Praze \u0158\u00e1d \u010destn\u00e9 legie,","og_url":"https:\/\/terezinskainiciativa.cz\/en\/archiv\/v-blodig-ocenen-radem-cestne-legie\/","og_site_name":"Terez\u00ednsk\u00e1 iniciativa","article_published_time":"2023-03-22T14:45:00+00:00","article_modified_time":"2025-11-06T22:28:47+00:00","og_image":[{"url":"http:\/\/terezinskainiciativa.cz\/wp-content\/uploads\/2023\/03\/Foto-1-blodig.jpg"}],"author":"TI","twitter_card":"summary_large_image","twitter_misc":{"Written by":"TI","Est. reading time":"2 minutes"},"schema":{"@context":"https:\/\/schema.org","@graph":[{"@type":"Article","@id":"https:\/\/terezinskainiciativa.cz\/archiv\/v-blodig-ocenen-radem-cestne-legie\/#article","isPartOf":{"@id":"https:\/\/terezinskainiciativa.cz\/archiv\/v-blodig-ocenen-radem-cestne-legie\/"},"author":{"name":"TI","@id":"https:\/\/terezinskainiciativa.cz\/#\/schema\/person\/19226cfe72c90058c84eed8ae52b2dcf"},"headline":"V. Blodig ocen\u011bn \u0158\u00e1dem \u010destn\u00e9 legie","datePublished":"2023-03-22T14:45:00+00:00","dateModified":"2025-11-06T22:28:47+00:00","mainEntityOfPage":{"@id":"https:\/\/terezinskainiciativa.cz\/archiv\/v-blodig-ocenen-radem-cestne-legie\/"},"wordCount":352,"publisher":{"@id":"https:\/\/terezinskainiciativa.cz\/#organization"},"articleSection":["Archiv"],"inLanguage":"en-US"},{"@type":"WebPage","@id":"https:\/\/terezinskainiciativa.cz\/archiv\/v-blodig-ocenen-radem-cestne-legie\/","url":"https:\/\/terezinskainiciativa.cz\/archiv\/v-blodig-ocenen-radem-cestne-legie\/","name":"V. Blodig ocen\u011bn \u0158\u00e1dem \u010destn\u00e9 legie","isPartOf":{"@id":"https:\/\/terezinskainiciativa.cz\/#website"},"datePublished":"2023-03-22T14:45:00+00:00","dateModified":"2025-11-06T22:28:47+00:00","description":"V\u00a0\u00fater\u00fd 28. \u00fanora p\u0159evzal Vojt\u011bch Blodig z\u00a0rukou francouzsk\u00e9ho velvyslance Alexise Dutertra na p\u016fd\u011b Velvyslanectv\u00ed Francie v\u00a0Praze \u0158\u00e1d \u010destn\u00e9 legie,","breadcrumb":{"@id":"https:\/\/terezinskainiciativa.cz\/archiv\/v-blodig-ocenen-radem-cestne-legie\/#breadcrumb"},"inLanguage":"en-US","potentialAction":[{"@type":"ReadAction","target":["https:\/\/terezinskainiciativa.cz\/archiv\/v-blodig-ocenen-radem-cestne-legie\/"]}]},{"@type":"BreadcrumbList","@id":"https:\/\/terezinskainiciativa.cz\/archiv\/v-blodig-ocenen-radem-cestne-legie\/#breadcrumb","itemListElement":[{"@type":"ListItem","position":1,"name":"Dom\u016f","item":"https:\/\/terezinskainiciativa.cz\/"},{"@type":"ListItem","position":2,"name":"V. Blodig ocen\u011bn \u0158\u00e1dem \u010destn\u00e9 legie"}]},{"@type":"WebSite","@id":"https:\/\/terezinskainiciativa.cz\/#website","url":"https:\/\/terezinskainiciativa.cz\/","name":"Terez\u00ednsk\u00e1 iniciativa","description":"TI je sdru\u017een\u00ed b\u00fdval\u00fdch v\u011bz\u0148\u016f terez\u00ednsk\u00e9ho ghetta a jejich p\u0159\u00edm\u00fdch potomk\u016f","publisher":{"@id":"https:\/\/terezinskainiciativa.cz\/#organization"},"potentialAction":[{"@type":"SearchAction","target":{"@type":"EntryPoint","urlTemplate":"https:\/\/terezinskainiciativa.cz\/?s={search_term_string}"},"query-input":"required name=search_term_string"}],"inLanguage":"en-US"},{"@type":"Organization","@id":"https:\/\/terezinskainiciativa.cz\/#organization","name":"Terez\u00ednsk\u00e1 iniciativa","url":"https:\/\/terezinskainiciativa.cz\/","logo":{"@type":"ImageObject","inLanguage":"en-US","@id":"https:\/\/terezinskainiciativa.cz\/#\/schema\/logo\/image\/","url":"https:\/\/terezinskainiciativa.cz\/wp-content\/uploads\/2022\/12\/cropped-ti-v2.png","contentUrl":"https:\/\/terezinskainiciativa.cz\/wp-content\/uploads\/2022\/12\/cropped-ti-v2.png","width":242,"height":71,"caption":"Terez\u00ednsk\u00e1 iniciativa"},"image":{"@id":"https:\/\/terezinskainiciativa.cz\/#\/schema\/logo\/image\/"}},{"@type":"Person","@id":"https:\/\/terezinskainiciativa.cz\/#\/schema\/person\/19226cfe72c90058c84eed8ae52b2dcf","name":"TI","image":{"@type":"ImageObject","inLanguage":"en-US","@id":"https:\/\/terezinskainiciativa.cz\/#\/schema\/person\/image\/","url":"https:\/\/secure.gravatar.com\/avatar\/c2d28ae173a6028f6ad18228439211d3?s=96&d=mm&r=g","contentUrl":"https:\/\/secure.gravatar.com\/avatar\/c2d28ae173a6028f6ad18228439211d3?s=96&d=mm&r=g","caption":"TI"},"sameAs":["http:\/\/terezinskainiciativa.cz"]}]}},"_links":{"self":[{"href":"https:\/\/terezinskainiciativa.cz\/en\/wp-json\/wp\/v2\/posts\/545"}],"collection":[{"href":"https:\/\/terezinskainiciativa.cz\/en\/wp-json\/wp\/v2\/posts"}],"about":[{"href":"https:\/\/terezinskainiciativa.cz\/en\/wp-json\/wp\/v2\/types\/post"}],"author":[{"embeddable":true,"href":"https:\/\/terezinskainiciativa.cz\/en\/wp-json\/wp\/v2\/users\/1"}],"replies":[{"embeddable":true,"href":"https:\/\/terezinskainiciativa.cz\/en\/wp-json\/wp\/v2\/comments?post=545"}],"version-history":[{"count":2,"href":"https:\/\/terezinskainiciativa.cz\/en\/wp-json\/wp\/v2\/posts\/545\/revisions"}],"predecessor-version":[{"id":551,"href":"https:\/\/terezinskainiciativa.cz\/en\/wp-json\/wp\/v2\/posts\/545\/revisions\/551"}],"wp:attachment":[{"href":"https:\/\/terezinskainiciativa.cz\/en\/wp-json\/wp\/v2\/media?parent=545"}],"wp:term":[{"taxonomy":"category","embeddable":true,"href":"https:\/\/terezinskainiciativa.cz\/en\/wp-json\/wp\/v2\/categories?post=545"},{"taxonomy":"post_tag","embeddable":true,"href":"https:\/\/terezinskainiciativa.cz\/en\/wp-json\/wp\/v2\/tags?post=545"}],"curies":[{"name":"wp","href":"https:\/\/api.w.org\/{rel}","templated":true}]}}