{"id":553,"date":"2023-03-26T18:45:44","date_gmt":"2023-03-26T16:45:44","guid":{"rendered":"http:\/\/terezinskainiciativa.cz\/?p=553"},"modified":"2025-11-06T23:28:47","modified_gmt":"2025-11-06T22:28:47","slug":"spolecna-budoucnost","status":"publish","type":"post","link":"https:\/\/terezinskainiciativa.cz\/en\/archiv\/spolecna-budoucnost\/","title":{"rendered":"Spole\u010dn\u00e1 budoucnost"},"content":{"rendered":"<p><strong><em>Michaela Vidl\u00e1kov\u00e1, foto Michal Str\u00e1nsk\u00fd a Martin Salajka<\/em><\/strong><\/p>\n\n\n\n<p>\u010cesk\u00fd v\u00fdbor KKL-JNF (Keren Kayemeth Leisrael \u2013 \u017didovsk\u00fd n\u00e1rodn\u00ed fond) ji\u017e tradi\u010dn\u011b a logicky v\u011bnuje zvl\u00e1\u0161tn\u00ed pozornost sv\u00e1tku TU BI-BI\u0160VAT \u2013 co\u017e je Nov\u00fd rok strom\u016f. Pro\u010d tradi\u010dn\u011b a logicky? Celosv\u011btov\u00e1 organizace KKL p\u0159ece vznikla p\u0159ed 121 lety hlavn\u011b proto, aby po cel\u00e9m sv\u011bt\u011b sb\u00edrala pen\u00edze, za n\u011b\u017e byly zakupov\u00e1ny pozemky ve Svat\u00e9 zemi. Na nich pak bylo mo\u017eno zakl\u00e1dat osady a m\u011bsta, aby se zem\u011b mohla st\u00e1t domovinou pro rozpt\u00fdlen\u00fd lid Izraele. Dal\u0161\u00ed nutnost\u00ed v\u0161ak bylo tuto zemi z\u00farodnit a obzvl\u00e1\u0161t\u011b zalesnit, po vzniku st\u00e1tu Izrael v\u00fdkup p\u016fdy odpadl a jednou z hlavn\u00edch \u010dinnost\u00ed KKL se stalo zales\u0148ov\u00e1n\u00ed. A proto tak\u00e9 ten d\u016fraz na sv\u00e1tek strom\u016f.<\/p>\n\n\n\n<p>&nbsp;&nbsp;&nbsp;&nbsp;&nbsp;&nbsp;&nbsp;&nbsp;&nbsp;&nbsp;&nbsp; V \u010cR po dobu okupace a socialismu KKL ov\u0161em fungovat nemohl, a\u017e pot\u00e9 zde bylo mo\u017eno obnovit jeho \u010dinnost. Prvn\u00edm velk\u00fdm projektem KKL-\u010cR bylo zales\u0148ov\u00e1n\u00ed pou\u0161tn\u00edch oblast\u00ed v&nbsp;Negevu, kde vznikl \u010cesk\u00fd les. V sou\u010dasn\u00e9 dob\u011b je hlavn\u00edm projektem revitalizace Masarykova lesa u kibucu Sarid (zalo\u017een\u00e9ho v&nbsp;r. 1927 p\u0159ev\u00e1\u017en\u011b \u010desk\u00fdmi osadn\u00edky). V&nbsp;r. 1930 byl u tohoto kibucu vysazen les, 13 000 sazenic zakoupen\u00fdch ze sb\u00edrky a \u010deskoslovensk\u00fdm KKL v\u011bnov\u00e1n prezidentu Masarykovi k&nbsp;jeho 80. narozenin\u00e1m.<\/p>\n\n\n\n<p>&nbsp;&nbsp;&nbsp;&nbsp;&nbsp;&nbsp;&nbsp;&nbsp;&nbsp;&nbsp;&nbsp; Pot\u0159eba zales\u0148ov\u00e1n\u00ed v&nbsp;Izraeli st\u00e1le trv\u00e1, a proto i \u010desk\u00fd v\u00fdbor KKL sb\u00edr\u00e1 finan\u010dn\u00ed zdroje. D\u00e1rci si symbolicky kupuj\u00ed ur\u010dit\u00fd po\u010det strom\u016f v&nbsp;Izraeli. Krom\u011b oslavy sv\u00e1tku TU BI\u0160VAT v&nbsp;Praze, KKL v&nbsp;tom obdob\u00ed n\u011bkolikr\u00e1t uspo\u0159\u00e1dal spole\u010dn\u00e9 ekumenick\u00e9 z\u00e1jezdy do Izraele, kter\u00e9 spojuj\u00ed&nbsp;n\u00e1v\u0161t\u011bvu zem\u011b s vlastnoru\u010dn\u00edm s\u00e1zen\u00edm stromk\u016f.<\/p>\n\n\n\n<p>&nbsp;&nbsp;&nbsp;&nbsp;&nbsp;&nbsp;&nbsp;&nbsp;&nbsp;&nbsp;&nbsp; Leto\u0161n\u00ed oslava byla ov\u0161em dvojn\u00e1sobn\u011b v\u00fdznamn\u00e1: \u010cesk\u00fd v\u00fdbor KKL-JNF spole\u010dn\u011b s&nbsp;Ministerstvem zahrani\u010dn\u00edch v\u011bc\u00ed a pod z\u00e1\u0161titou ministra Jana Lipavsk\u00e9ho uspo\u0159\u00e1dal 6. \u00fanora, u p\u0159\u00edle\u017eitosti sv\u00e1tku TU BI\u0160VAT a sou\u010dasn\u011b jako \u2013 vzhledem k&nbsp;epidemii o rok odlo\u017eenou \u2013 oslavu 120. v\u00fdro\u010d\u00ed vzniku KKL, ve Velk\u00e9m s\u00e1le&nbsp;\u010cern\u00ednsk\u00e9ho pal\u00e1ce benefi\u010dn\u00ed spole\u010densk\u00fd ve\u010der s&nbsp;n\u00e1zvem \u201eSpole\u010dn\u00e1 budoucnost\u201c.<\/p>\n\n\n\n<figure class=\"wp-block-image size-full\"><img loading=\"lazy\" decoding=\"async\" width=\"641\" height=\"436\" src=\"http:\/\/terezinskainiciativa.cz\/wp-content\/uploads\/2023\/03\/FOTO-1-1.jpg\" alt=\"\" class=\"wp-image-554\" srcset=\"https:\/\/terezinskainiciativa.cz\/wp-content\/uploads\/2023\/03\/FOTO-1-1.jpg 641w, https:\/\/terezinskainiciativa.cz\/wp-content\/uploads\/2023\/03\/FOTO-1-1-300x204.jpg 300w\" sizes=\"(max-width: 641px) 100vw, 641px\" \/><figcaption class=\"wp-element-caption\">Mgr. Ji\u0159\u00ed Koz\u00e1k &#8211; foto Martin Salajka<\/figcaption><\/figure>\n\n\n\n<figure class=\"wp-block-image size-full\"><img loading=\"lazy\" decoding=\"async\" width=\"752\" height=\"522\" src=\"http:\/\/terezinskainiciativa.cz\/wp-content\/uploads\/2023\/03\/FOTO-2-1.jpg\" alt=\"\" class=\"wp-image-555\" srcset=\"https:\/\/terezinskainiciativa.cz\/wp-content\/uploads\/2023\/03\/FOTO-2-1.jpg 752w, https:\/\/terezinskainiciativa.cz\/wp-content\/uploads\/2023\/03\/FOTO-2-1-300x208.jpg 300w\" sizes=\"(max-width: 752px) 100vw, 752px\" \/><figcaption class=\"wp-element-caption\">JUDr. Michal Pacovsk\u00fd \u2013 foto Michal Str\u00e1nsk\u00fd<\/figcaption><\/figure>\n\n\n\n<figure class=\"wp-block-image size-full\"><img loading=\"lazy\" decoding=\"async\" width=\"738\" height=\"636\" src=\"http:\/\/terezinskainiciativa.cz\/wp-content\/uploads\/2023\/03\/FOTO-3-1.jpg\" alt=\"\" class=\"wp-image-556\" srcset=\"https:\/\/terezinskainiciativa.cz\/wp-content\/uploads\/2023\/03\/FOTO-3-1.jpg 738w, https:\/\/terezinskainiciativa.cz\/wp-content\/uploads\/2023\/03\/FOTO-3-1-300x259.jpg 300w\" sizes=\"(max-width: 738px) 100vw, 738px\" \/><figcaption class=\"wp-element-caption\">RNDr. Michaela Vidl\u00e1kov\u00e1 \u2013 foto Michal Str\u00e1nsk\u00fd<\/figcaption><\/figure>\n\n\n\n<p>&nbsp;&nbsp;&nbsp;&nbsp;&nbsp;&nbsp;&nbsp;&nbsp;&nbsp;&nbsp;&nbsp; U\u017e sama vstupenka p\u0159edznamen\u00e1vala n\u00e1pl\u0148 ve\u010dera, p\u0159edstavovala toti\u017e obnos na zakoupen\u00ed \u010dty\u0159 stromk\u016f. Za Terez\u00ednskou iniciativu byli na slavnostn\u00ed ve\u010der pozv\u00e1ni PhDr. Michal Str\u00e1nsk\u00fd, p\u0159edseda TI, a RNDr. Michaela Vidl\u00e1kov\u00e1. \u00da\u010dastn\u00edci se za\u010dali sch\u00e1zet kolem 18.30 hod., na ka\u017ed\u00e9ho \u010dekal mal\u00fd p\u0159\u00edpitek. V&nbsp;19 hod. hosty p\u0159iv\u00edtal Mgr. Ji\u0159\u00ed Koz\u00e1k, 1. n\u00e1m\u011bstek ministra zahrani\u010dn\u00edch v\u011bc\u00ed \u010cR. N\u00e1sledoval projev p\u0159edsedy v\u00fdboru KKL-\u010cR JUDr. Michala Pacovsk\u00e9ho, kter\u00fd byl v\u011bnov\u00e1n 121let\u00e9 historii \u017didovsk\u00e9ho n\u00e1rodn\u00edho fondu: \u010deho za ta l\u00e9ta dos\u00e1hl, jak se m\u011bnily a rozv\u00edjely jeho \u00fakoly. Michal Pacovsk\u00fd zd\u016fraznil, \u017ee KKL za l\u00e9ta sv\u00e9ho p\u016fsoben\u00ed vysadil v&nbsp;Izraeli neuv\u011b\u0159iteln\u00fdch cca 250 milion\u016f strom\u016f, nemluv\u011b o dal\u0161\u00edch projektech s&nbsp;velk\u00fdm ekologick\u00fdm dosahem. N\u00e1sledovala vzpom\u00ednka RNDr. Michaely Vidl\u00e1kov\u00e9 na jej\u00edho otce a jeho \u00fa\u010dast p\u0159i zalo\u017een\u00ed kibucu Sarid. Bohu\u017eel, z\u0159ejm\u011b z&nbsp;\u010dasov\u00fdch d\u016fvod\u016f, vrchn\u00ed zemsk\u00fd rab\u00edn Karol E. Sidon p\u0159ibl\u00ed\u017eil jen kr\u00e1tkou bajkou nutnost v\u00e1\u017eit si strom\u016f, zakotvenou u\u017e v&nbsp;\u017eidovsk\u00e9m n\u00e1bo\u017eenstv\u00ed po tis\u00edcilet\u00ed, a nemohl host\u016fm p\u0159edv\u00e9st a vysv\u011btlit celou a celoro\u010dn\u00ed symboliku obsa\u017eenou v oslav\u011b sv\u00e1tku.<\/p>\n\n\n\n<figure class=\"wp-block-image size-full\"><img loading=\"lazy\" decoding=\"async\" width=\"654\" height=\"709\" src=\"http:\/\/terezinskainiciativa.cz\/wp-content\/uploads\/2023\/03\/FOTO-4-1.jpg\" alt=\"\" class=\"wp-image-557\" srcset=\"https:\/\/terezinskainiciativa.cz\/wp-content\/uploads\/2023\/03\/FOTO-4-1.jpg 654w, https:\/\/terezinskainiciativa.cz\/wp-content\/uploads\/2023\/03\/FOTO-4-1-277x300.jpg 277w\" sizes=\"(max-width: 654px) 100vw, 654px\" \/><figcaption class=\"wp-element-caption\">Vrchn\u00ed zemsk\u00fd rab\u00edn Karol E. Sidon \u2013 foto Michal Str\u00e1nsk\u00fd<\/figcaption><\/figure>\n\n\n\n<figure class=\"wp-block-image size-full\"><img loading=\"lazy\" decoding=\"async\" width=\"925\" height=\"694\" src=\"http:\/\/terezinskainiciativa.cz\/wp-content\/uploads\/2023\/03\/Foto-5-1.jpg\" alt=\"\" class=\"wp-image-558\" srcset=\"https:\/\/terezinskainiciativa.cz\/wp-content\/uploads\/2023\/03\/Foto-5-1.jpg 925w, https:\/\/terezinskainiciativa.cz\/wp-content\/uploads\/2023\/03\/Foto-5-1-300x225.jpg 300w, https:\/\/terezinskainiciativa.cz\/wp-content\/uploads\/2023\/03\/Foto-5-1-768x576.jpg 768w\" sizes=\"(max-width: 925px) 100vw, 925px\" \/><figcaption class=\"wp-element-caption\">D\u011bti Dominiky Weiss Ho\u0161kov\u00e9 \u2013 foto Michal Str\u00e1nsk\u00fd<\/figcaption><\/figure>\n\n\n\n<p>&nbsp;&nbsp;&nbsp;&nbsp;&nbsp;&nbsp;&nbsp;&nbsp;&nbsp;&nbsp;&nbsp; Kulturn\u00ed z\u00e1\u017eitek p\u0159ipravila host\u016fm rodina Dominiky Weiss Ho\u0161kov\u00e9 a jej\u00ed d\u011bti \u2013 Adina, Micha, Noa a Amos. V&nbsp;\u00faprav\u011b Ji\u0159\u00edho Ho\u0161ka zazp\u00edvali a zahr\u00e1li v\u00fdb\u011br z&nbsp;\u017eidovsk\u00fdch melodi\u00ed a n\u011bkolik \u017eidovsk\u00fdch tradicion\u00e1l\u016f.<\/p>\n\n\n\n<p>&nbsp;&nbsp;&nbsp;&nbsp;&nbsp;&nbsp;&nbsp;&nbsp;&nbsp;&nbsp;&nbsp; Slavnostn\u00ed chv\u00edle nastala p\u0159i p\u0159ed\u00e1n\u00ed ceny Jerusalem Awards panu Pavlovi Smutn\u00e9mu, prezidentovi \u010cesko-izraelsk\u00e9 sm\u00ed\u0161en\u00e9 obchodn\u00ed komory. \u017de si ji za svou aktivn\u00ed a ob\u011btavou \u010dinnost bezesporu zaslou\u017e\u00ed, to potvrdil i s\u00e1l velik\u00fdm potleskem. Posledn\u00edm bodem programu bylo p\u0159ed\u00e1n\u00ed d\u00e1rcovsk\u00fdch \u0161ek\u016f a pod\u011bkov\u00e1n\u00ed sponzor\u016fm.<\/p>\n\n\n\n<p>&nbsp;&nbsp;&nbsp;&nbsp;&nbsp;&nbsp;&nbsp;&nbsp;&nbsp;&nbsp;&nbsp; Pak si je\u0161t\u011b host\u00e9 pochutnali na ob\u010derstven\u00ed, spojen\u00e9m se setk\u00e1n\u00edm s p\u0159\u00e1teli a zn\u00e1m\u00fdmi, na\u010de\u017e se host\u00e9 pozvolna za\u010dali rozch\u00e1zet.<\/p>\n\n\n\n<figure class=\"wp-block-image size-full\"><img loading=\"lazy\" decoding=\"async\" width=\"819\" height=\"614\" src=\"http:\/\/terezinskainiciativa.cz\/wp-content\/uploads\/2023\/03\/FOTO-6.jpeg\" alt=\"\" class=\"wp-image-559\" srcset=\"https:\/\/terezinskainiciativa.cz\/wp-content\/uploads\/2023\/03\/FOTO-6.jpeg 819w, https:\/\/terezinskainiciativa.cz\/wp-content\/uploads\/2023\/03\/FOTO-6-300x225.jpeg 300w, https:\/\/terezinskainiciativa.cz\/wp-content\/uploads\/2023\/03\/FOTO-6-768x576.jpeg 768w\" sizes=\"(max-width: 819px) 100vw, 819px\" \/><figcaption class=\"wp-element-caption\">Pohled do publika \u2013 foto Martin Salajka<\/figcaption><\/figure>\n\n\n\n<p>&nbsp;&nbsp;&nbsp;&nbsp;&nbsp;&nbsp;&nbsp;&nbsp;&nbsp;&nbsp;&nbsp; Cel\u00fdm ve\u010derem prov\u00e1zela Linda Salajkov\u00e1, vnu\u010dka na\u0161\u00ed \u010dlenky Hany Hn\u00e1tov\u00e9, kter\u00e1 v&nbsp;lo\u0148sk\u00e9m roce zem\u0159ela. D\u00edky velk\u00e9 pr\u00e1ci i dal\u0161\u00edch \u010dlen\u016f v\u00fdboru KKL, kte\u0159\u00ed st\u00e1li za organizac\u00ed a p\u0159\u00edpravou akce, se ve\u010der p\u011bkn\u011b vyda\u0159il!<\/p>","protected":false},"excerpt":{"rendered":"<p>Michaela Vidl\u00e1kov\u00e1, foto Michal Str\u00e1nsk\u00fd a Martin Salajka \u010cesk\u00fd v\u00fdbor KKL-JNF (Keren Kayemeth Leisrael \u2013 \u017didovsk\u00fd n\u00e1rodn\u00ed fond) ji\u017e tradi\u010dn\u011b a logicky v\u011bnuje zvl\u00e1\u0161tn\u00ed pozornost sv\u00e1tku TU BI-BI\u0160VAT \u2013 co\u017e [&hellip;]<\/p>","protected":false},"author":1,"featured_media":0,"comment_status":"closed","ping_status":"closed","sticky":false,"template":"","format":"standard","meta":{"footnotes":""},"categories":[27],"tags":[],"class_list":["post-553","post","type-post","status-publish","format-standard","hentry","category-archiv"],"yoast_head":"<!-- This site is optimized with the Yoast SEO plugin v21.9.1 - https:\/\/yoast.com\/wordpress\/plugins\/seo\/ -->\n<title>Spole\u010dn\u00e1 budoucnost<\/title>\n<meta name=\"description\" content=\"Michaela Vidl\u00e1kov\u00e1, foto Michal Str\u00e1nsk\u00fd a Martin Salajka \u010cesk\u00fd v\u00fdbor KKL-JNF (Keren Kayemeth Leisrael \u2013 \u017didovsk\u00fd n\u00e1rodn\u00ed fond) ji\u017e tradi\u010dn\u011b a logicky\" \/>\n<meta name=\"robots\" content=\"index, follow, max-snippet:-1, max-image-preview:large, max-video-preview:-1\" \/>\n<link rel=\"canonical\" href=\"https:\/\/terezinskainiciativa.cz\/en\/archiv\/spolecna-budoucnost\/\" \/>\n<meta property=\"og:locale\" content=\"en_US\" \/>\n<meta property=\"og:type\" content=\"article\" \/>\n<meta property=\"og:title\" content=\"Spole\u010dn\u00e1 budoucnost\" \/>\n<meta property=\"og:description\" content=\"Michaela Vidl\u00e1kov\u00e1, foto Michal Str\u00e1nsk\u00fd a Martin Salajka \u010cesk\u00fd v\u00fdbor KKL-JNF (Keren Kayemeth Leisrael \u2013 \u017didovsk\u00fd n\u00e1rodn\u00ed fond) ji\u017e tradi\u010dn\u011b a logicky\" \/>\n<meta property=\"og:url\" content=\"https:\/\/terezinskainiciativa.cz\/en\/archiv\/spolecna-budoucnost\/\" \/>\n<meta property=\"og:site_name\" content=\"Terez\u00ednsk\u00e1 iniciativa\" \/>\n<meta property=\"article:published_time\" content=\"2023-03-26T16:45:44+00:00\" \/>\n<meta property=\"article:modified_time\" content=\"2025-11-06T22:28:47+00:00\" \/>\n<meta property=\"og:image\" content=\"http:\/\/terezinskainiciativa.cz\/wp-content\/uploads\/2023\/03\/FOTO-1-1.jpg\" \/>\n<meta name=\"author\" content=\"TI\" \/>\n<meta name=\"twitter:card\" content=\"summary_large_image\" \/>\n<meta name=\"twitter:label1\" content=\"Written by\" \/>\n\t<meta name=\"twitter:data1\" content=\"TI\" \/>\n\t<meta name=\"twitter:label2\" content=\"Est. reading time\" \/>\n\t<meta name=\"twitter:data2\" content=\"4 minutes\" \/>\n<script type=\"application\/ld+json\" class=\"yoast-schema-graph\">{\"@context\":\"https:\/\/schema.org\",\"@graph\":[{\"@type\":\"Article\",\"@id\":\"https:\/\/terezinskainiciativa.cz\/archiv\/spolecna-budoucnost\/#article\",\"isPartOf\":{\"@id\":\"https:\/\/terezinskainiciativa.cz\/archiv\/spolecna-budoucnost\/\"},\"author\":{\"name\":\"TI\",\"@id\":\"https:\/\/terezinskainiciativa.cz\/#\/schema\/person\/19226cfe72c90058c84eed8ae52b2dcf\"},\"headline\":\"Spole\u010dn\u00e1 budoucnost\",\"datePublished\":\"2023-03-26T16:45:44+00:00\",\"dateModified\":\"2025-11-06T22:28:47+00:00\",\"mainEntityOfPage\":{\"@id\":\"https:\/\/terezinskainiciativa.cz\/archiv\/spolecna-budoucnost\/\"},\"wordCount\":980,\"publisher\":{\"@id\":\"https:\/\/terezinskainiciativa.cz\/#organization\"},\"articleSection\":[\"Archiv\"],\"inLanguage\":\"en-US\"},{\"@type\":\"WebPage\",\"@id\":\"https:\/\/terezinskainiciativa.cz\/archiv\/spolecna-budoucnost\/\",\"url\":\"https:\/\/terezinskainiciativa.cz\/archiv\/spolecna-budoucnost\/\",\"name\":\"Spole\u010dn\u00e1 budoucnost\",\"isPartOf\":{\"@id\":\"https:\/\/terezinskainiciativa.cz\/#website\"},\"datePublished\":\"2023-03-26T16:45:44+00:00\",\"dateModified\":\"2025-11-06T22:28:47+00:00\",\"description\":\"Michaela Vidl\u00e1kov\u00e1, foto Michal Str\u00e1nsk\u00fd a Martin Salajka \u010cesk\u00fd v\u00fdbor KKL-JNF (Keren Kayemeth Leisrael \u2013 \u017didovsk\u00fd n\u00e1rodn\u00ed fond) ji\u017e tradi\u010dn\u011b a logicky\",\"breadcrumb\":{\"@id\":\"https:\/\/terezinskainiciativa.cz\/archiv\/spolecna-budoucnost\/#breadcrumb\"},\"inLanguage\":\"en-US\",\"potentialAction\":[{\"@type\":\"ReadAction\",\"target\":[\"https:\/\/terezinskainiciativa.cz\/archiv\/spolecna-budoucnost\/\"]}]},{\"@type\":\"BreadcrumbList\",\"@id\":\"https:\/\/terezinskainiciativa.cz\/archiv\/spolecna-budoucnost\/#breadcrumb\",\"itemListElement\":[{\"@type\":\"ListItem\",\"position\":1,\"name\":\"Dom\u016f\",\"item\":\"https:\/\/terezinskainiciativa.cz\/\"},{\"@type\":\"ListItem\",\"position\":2,\"name\":\"Spole\u010dn\u00e1 budoucnost\"}]},{\"@type\":\"WebSite\",\"@id\":\"https:\/\/terezinskainiciativa.cz\/#website\",\"url\":\"https:\/\/terezinskainiciativa.cz\/\",\"name\":\"Terez\u00ednsk\u00e1 iniciativa\",\"description\":\"TI je sdru\u017een\u00ed b\u00fdval\u00fdch v\u011bz\u0148\u016f terez\u00ednsk\u00e9ho ghetta a jejich p\u0159\u00edm\u00fdch potomk\u016f\",\"publisher\":{\"@id\":\"https:\/\/terezinskainiciativa.cz\/#organization\"},\"potentialAction\":[{\"@type\":\"SearchAction\",\"target\":{\"@type\":\"EntryPoint\",\"urlTemplate\":\"https:\/\/terezinskainiciativa.cz\/?s={search_term_string}\"},\"query-input\":\"required name=search_term_string\"}],\"inLanguage\":\"en-US\"},{\"@type\":\"Organization\",\"@id\":\"https:\/\/terezinskainiciativa.cz\/#organization\",\"name\":\"Terez\u00ednsk\u00e1 iniciativa\",\"url\":\"https:\/\/terezinskainiciativa.cz\/\",\"logo\":{\"@type\":\"ImageObject\",\"inLanguage\":\"en-US\",\"@id\":\"https:\/\/terezinskainiciativa.cz\/#\/schema\/logo\/image\/\",\"url\":\"https:\/\/terezinskainiciativa.cz\/wp-content\/uploads\/2022\/12\/cropped-ti-v2.png\",\"contentUrl\":\"https:\/\/terezinskainiciativa.cz\/wp-content\/uploads\/2022\/12\/cropped-ti-v2.png\",\"width\":242,\"height\":71,\"caption\":\"Terez\u00ednsk\u00e1 iniciativa\"},\"image\":{\"@id\":\"https:\/\/terezinskainiciativa.cz\/#\/schema\/logo\/image\/\"}},{\"@type\":\"Person\",\"@id\":\"https:\/\/terezinskainiciativa.cz\/#\/schema\/person\/19226cfe72c90058c84eed8ae52b2dcf\",\"name\":\"TI\",\"image\":{\"@type\":\"ImageObject\",\"inLanguage\":\"en-US\",\"@id\":\"https:\/\/terezinskainiciativa.cz\/#\/schema\/person\/image\/\",\"url\":\"https:\/\/secure.gravatar.com\/avatar\/c2d28ae173a6028f6ad18228439211d3?s=96&d=mm&r=g\",\"contentUrl\":\"https:\/\/secure.gravatar.com\/avatar\/c2d28ae173a6028f6ad18228439211d3?s=96&d=mm&r=g\",\"caption\":\"TI\"},\"sameAs\":[\"http:\/\/terezinskainiciativa.cz\"]}]}<\/script>\n<!-- \/ Yoast SEO plugin. -->","yoast_head_json":{"title":"Spole\u010dn\u00e1 budoucnost","description":"Michaela Vidl\u00e1kov\u00e1, foto Michal Str\u00e1nsk\u00fd a Martin Salajka \u010cesk\u00fd v\u00fdbor KKL-JNF (Keren Kayemeth Leisrael \u2013 \u017didovsk\u00fd n\u00e1rodn\u00ed fond) ji\u017e tradi\u010dn\u011b a logicky","robots":{"index":"index","follow":"follow","max-snippet":"max-snippet:-1","max-image-preview":"max-image-preview:large","max-video-preview":"max-video-preview:-1"},"canonical":"https:\/\/terezinskainiciativa.cz\/en\/archiv\/spolecna-budoucnost\/","og_locale":"en_US","og_type":"article","og_title":"Spole\u010dn\u00e1 budoucnost","og_description":"Michaela Vidl\u00e1kov\u00e1, foto Michal Str\u00e1nsk\u00fd a Martin Salajka \u010cesk\u00fd v\u00fdbor KKL-JNF (Keren Kayemeth Leisrael \u2013 \u017didovsk\u00fd n\u00e1rodn\u00ed fond) ji\u017e tradi\u010dn\u011b a logicky","og_url":"https:\/\/terezinskainiciativa.cz\/en\/archiv\/spolecna-budoucnost\/","og_site_name":"Terez\u00ednsk\u00e1 iniciativa","article_published_time":"2023-03-26T16:45:44+00:00","article_modified_time":"2025-11-06T22:28:47+00:00","og_image":[{"url":"http:\/\/terezinskainiciativa.cz\/wp-content\/uploads\/2023\/03\/FOTO-1-1.jpg"}],"author":"TI","twitter_card":"summary_large_image","twitter_misc":{"Written by":"TI","Est. reading time":"4 minutes"},"schema":{"@context":"https:\/\/schema.org","@graph":[{"@type":"Article","@id":"https:\/\/terezinskainiciativa.cz\/archiv\/spolecna-budoucnost\/#article","isPartOf":{"@id":"https:\/\/terezinskainiciativa.cz\/archiv\/spolecna-budoucnost\/"},"author":{"name":"TI","@id":"https:\/\/terezinskainiciativa.cz\/#\/schema\/person\/19226cfe72c90058c84eed8ae52b2dcf"},"headline":"Spole\u010dn\u00e1 budoucnost","datePublished":"2023-03-26T16:45:44+00:00","dateModified":"2025-11-06T22:28:47+00:00","mainEntityOfPage":{"@id":"https:\/\/terezinskainiciativa.cz\/archiv\/spolecna-budoucnost\/"},"wordCount":980,"publisher":{"@id":"https:\/\/terezinskainiciativa.cz\/#organization"},"articleSection":["Archiv"],"inLanguage":"en-US"},{"@type":"WebPage","@id":"https:\/\/terezinskainiciativa.cz\/archiv\/spolecna-budoucnost\/","url":"https:\/\/terezinskainiciativa.cz\/archiv\/spolecna-budoucnost\/","name":"Spole\u010dn\u00e1 budoucnost","isPartOf":{"@id":"https:\/\/terezinskainiciativa.cz\/#website"},"datePublished":"2023-03-26T16:45:44+00:00","dateModified":"2025-11-06T22:28:47+00:00","description":"Michaela Vidl\u00e1kov\u00e1, foto Michal Str\u00e1nsk\u00fd a Martin Salajka \u010cesk\u00fd v\u00fdbor KKL-JNF (Keren Kayemeth Leisrael \u2013 \u017didovsk\u00fd n\u00e1rodn\u00ed fond) ji\u017e tradi\u010dn\u011b a logicky","breadcrumb":{"@id":"https:\/\/terezinskainiciativa.cz\/archiv\/spolecna-budoucnost\/#breadcrumb"},"inLanguage":"en-US","potentialAction":[{"@type":"ReadAction","target":["https:\/\/terezinskainiciativa.cz\/archiv\/spolecna-budoucnost\/"]}]},{"@type":"BreadcrumbList","@id":"https:\/\/terezinskainiciativa.cz\/archiv\/spolecna-budoucnost\/#breadcrumb","itemListElement":[{"@type":"ListItem","position":1,"name":"Dom\u016f","item":"https:\/\/terezinskainiciativa.cz\/"},{"@type":"ListItem","position":2,"name":"Spole\u010dn\u00e1 budoucnost"}]},{"@type":"WebSite","@id":"https:\/\/terezinskainiciativa.cz\/#website","url":"https:\/\/terezinskainiciativa.cz\/","name":"Terez\u00ednsk\u00e1 iniciativa","description":"TI je sdru\u017een\u00ed b\u00fdval\u00fdch v\u011bz\u0148\u016f terez\u00ednsk\u00e9ho ghetta a jejich p\u0159\u00edm\u00fdch potomk\u016f","publisher":{"@id":"https:\/\/terezinskainiciativa.cz\/#organization"},"potentialAction":[{"@type":"SearchAction","target":{"@type":"EntryPoint","urlTemplate":"https:\/\/terezinskainiciativa.cz\/?s={search_term_string}"},"query-input":"required name=search_term_string"}],"inLanguage":"en-US"},{"@type":"Organization","@id":"https:\/\/terezinskainiciativa.cz\/#organization","name":"Terez\u00ednsk\u00e1 iniciativa","url":"https:\/\/terezinskainiciativa.cz\/","logo":{"@type":"ImageObject","inLanguage":"en-US","@id":"https:\/\/terezinskainiciativa.cz\/#\/schema\/logo\/image\/","url":"https:\/\/terezinskainiciativa.cz\/wp-content\/uploads\/2022\/12\/cropped-ti-v2.png","contentUrl":"https:\/\/terezinskainiciativa.cz\/wp-content\/uploads\/2022\/12\/cropped-ti-v2.png","width":242,"height":71,"caption":"Terez\u00ednsk\u00e1 iniciativa"},"image":{"@id":"https:\/\/terezinskainiciativa.cz\/#\/schema\/logo\/image\/"}},{"@type":"Person","@id":"https:\/\/terezinskainiciativa.cz\/#\/schema\/person\/19226cfe72c90058c84eed8ae52b2dcf","name":"TI","image":{"@type":"ImageObject","inLanguage":"en-US","@id":"https:\/\/terezinskainiciativa.cz\/#\/schema\/person\/image\/","url":"https:\/\/secure.gravatar.com\/avatar\/c2d28ae173a6028f6ad18228439211d3?s=96&d=mm&r=g","contentUrl":"https:\/\/secure.gravatar.com\/avatar\/c2d28ae173a6028f6ad18228439211d3?s=96&d=mm&r=g","caption":"TI"},"sameAs":["http:\/\/terezinskainiciativa.cz"]}]}},"_links":{"self":[{"href":"https:\/\/terezinskainiciativa.cz\/en\/wp-json\/wp\/v2\/posts\/553"}],"collection":[{"href":"https:\/\/terezinskainiciativa.cz\/en\/wp-json\/wp\/v2\/posts"}],"about":[{"href":"https:\/\/terezinskainiciativa.cz\/en\/wp-json\/wp\/v2\/types\/post"}],"author":[{"embeddable":true,"href":"https:\/\/terezinskainiciativa.cz\/en\/wp-json\/wp\/v2\/users\/1"}],"replies":[{"embeddable":true,"href":"https:\/\/terezinskainiciativa.cz\/en\/wp-json\/wp\/v2\/comments?post=553"}],"version-history":[{"count":2,"href":"https:\/\/terezinskainiciativa.cz\/en\/wp-json\/wp\/v2\/posts\/553\/revisions"}],"predecessor-version":[{"id":590,"href":"https:\/\/terezinskainiciativa.cz\/en\/wp-json\/wp\/v2\/posts\/553\/revisions\/590"}],"wp:attachment":[{"href":"https:\/\/terezinskainiciativa.cz\/en\/wp-json\/wp\/v2\/media?parent=553"}],"wp:term":[{"taxonomy":"category","embeddable":true,"href":"https:\/\/terezinskainiciativa.cz\/en\/wp-json\/wp\/v2\/categories?post=553"},{"taxonomy":"post_tag","embeddable":true,"href":"https:\/\/terezinskainiciativa.cz\/en\/wp-json\/wp\/v2\/tags?post=553"}],"curies":[{"name":"wp","href":"https:\/\/api.w.org\/{rel}","templated":true}]}}