{"id":591,"date":"2023-05-03T23:42:07","date_gmt":"2023-05-03T21:42:07","guid":{"rendered":"http:\/\/terezinskainiciativa.cz\/?p=591"},"modified":"2025-11-06T23:28:47","modified_gmt":"2025-11-06T22:28:47","slug":"filmovy-festival-za-hradby","status":"publish","type":"post","link":"https:\/\/terezinskainiciativa.cz\/en\/archiv\/filmovy-festival-za-hradby\/","title":{"rendered":"Filmov\u00fd festival ZA HRADBY"},"content":{"rendered":"<p><strong>PROGRAM FILMOV\u00c9HO FESTIVALU<\/strong><\/p>\n\n\n\n<p id=\"toc_0\"><strong>\u00dater\u00fd 21. \u00fanora<br>17:00 DALEK\u00c1 CESTA (108 min.)<br><\/strong><em>(re\u017eie Alfr\u00e9d Radok, \u010ceskoslovensko, 1948)<\/em><\/p>\n\n\n\n<p id=\"toc_3\"><strong>\u00dater\u00fd 25. dubna<\/strong><br><strong>17:00 <a href=\"https:\/\/terezinskainiciativa.cz\/en\/archiv\/ff-za-hradby-musime-si-pomahat\/\" target=\"_blank\" rel=\"noreferrer noopener\">MUS\u00cdME SI POM\u00c1HAT<\/a> (120 min.)<br><\/strong><em>(re\u017eie Jan H\u0159ebejk, \u010cesko, 2000)<\/em><\/p>\n\n\n\n<p id=\"toc_6\"><strong><a href=\"https:\/\/terezinskainiciativa.cz\/en\/event\/posledni-motyl\/\">St\u0159eda 28. \u010dervna<\/a><\/strong><br><strong>17:00 POSLEDN\u00cd MOT\u00ddL (109 min.)<br><\/strong><em>(re\u017eie Karel Kachy\u0148a, \u010ceskoslovensko \/ Francie \/ velk\u00e1 Brit\u00e1nie, 1990)<\/em><\/p>\n\n\n\n<p id=\"toc_9\"><strong>\u00dater\u00fd 19. z\u00e1\u0159\u00ed<\/strong><br><strong>17:00 V\u0160ICHNI MOJI BL\u00cdZC\u00cd (91 min.)<br><\/strong><em>(re\u017eie Matej Min\u00e1\u010d, \u010cesko \/ Slovensko \/ Polsko, 1999)<\/em><\/p>\n\n\n\n<p id=\"toc_12\"><strong>\u00dater\u00fd 24. \u0159\u00edjna<\/strong><br><strong>17:00 ZAPOMENUT\u00c9 TRANSPORTY DO LOTY\u0160SKA (85 min.)<br><\/strong><em>(re\u017eie Luk\u00e1\u0161 P\u0159ibyl, \u010cesko, 2007)<\/em><\/p>\n\n\n\n<p id=\"toc_15\"><strong>\u00dater\u00fd 28. listopadu<\/strong><br><strong>17:00 VY\u0160\u0160\u00cd PRINCIP (102 min.)<br><\/strong><em>(re\u017eie Ji\u0159\u00ed Krej\u010d\u00edk, \u010ceskoslovensko, 1960)<\/em><\/p>\n\n\n\n<figure class=\"wp-block-image size-large is-resized\"><img loading=\"lazy\" decoding=\"async\" src=\"http:\/\/terezinskainiciativa.cz\/wp-content\/uploads\/2023\/03\/ZA_HRADBY_2023_plakat-727x1024.jpg\" alt=\"\" class=\"wp-image-571\" width=\"903\" height=\"1272\" srcset=\"https:\/\/terezinskainiciativa.cz\/wp-content\/uploads\/2023\/03\/ZA_HRADBY_2023_plakat-727x1024.jpg 727w, https:\/\/terezinskainiciativa.cz\/wp-content\/uploads\/2023\/03\/ZA_HRADBY_2023_plakat-213x300.jpg 213w, https:\/\/terezinskainiciativa.cz\/wp-content\/uploads\/2023\/03\/ZA_HRADBY_2023_plakat-768x1082.jpg 768w, https:\/\/terezinskainiciativa.cz\/wp-content\/uploads\/2023\/03\/ZA_HRADBY_2023_plakat-1091x1536.jpg 1091w, https:\/\/terezinskainiciativa.cz\/wp-content\/uploads\/2023\/03\/ZA_HRADBY_2023_plakat-1454x2048.jpg 1454w, https:\/\/terezinskainiciativa.cz\/wp-content\/uploads\/2023\/03\/ZA_HRADBY_2023_plakat-1200x1690.jpg 1200w, https:\/\/terezinskainiciativa.cz\/wp-content\/uploads\/2023\/03\/ZA_HRADBY_2023_plakat-1980x2789.jpg 1980w, https:\/\/terezinskainiciativa.cz\/wp-content\/uploads\/2023\/03\/ZA_HRADBY_2023_plakat-scaled.jpg 1818w\" sizes=\"(max-width: 903px) 100vw, 903px\" \/><\/figure>","protected":false},"excerpt":{"rendered":"<p>PROGRAM FILMOV\u00c9HO FESTIVALU \u00dater\u00fd 21. \u00fanora17:00 DALEK\u00c1 CESTA (108 min.)(re\u017eie Alfr\u00e9d Radok, \u010ceskoslovensko, 1948) \u00dater\u00fd 25. dubna17:00 MUS\u00cdME SI POM\u00c1HAT (120 min.)(re\u017eie Jan H\u0159ebejk, \u010cesko, 2000) St\u0159eda 28. \u010dervna17:00 POSLEDN\u00cd [&hellip;]<\/p>","protected":false},"author":1,"featured_media":0,"comment_status":"closed","ping_status":"closed","sticky":false,"template":"","format":"standard","meta":{"footnotes":""},"categories":[27],"tags":[],"class_list":["post-591","post","type-post","status-publish","format-standard","hentry","category-archiv"],"yoast_head":"<!-- This site is optimized with the Yoast SEO plugin v21.9.1 - https:\/\/yoast.com\/wordpress\/plugins\/seo\/ -->\n<title>Filmov\u00fd festival ZA HRADBY<\/title>\n<meta name=\"description\" content=\"PROGRAM FILMOV\u00c9HO FESTIVALU \u00dater\u00fd 21. \u00fanora17:00 DALEK\u00c1 CESTA (108 min.)(re\u017eie Alfr\u00e9d Radok, \u010ceskoslovensko, 1948) \u00dater\u00fd 25. dubna17:00 MUS\u00cdME SI POM\u00c1HAT\" \/>\n<meta name=\"robots\" content=\"index, follow, max-snippet:-1, max-image-preview:large, max-video-preview:-1\" \/>\n<link rel=\"canonical\" href=\"https:\/\/terezinskainiciativa.cz\/en\/archiv\/filmovy-festival-za-hradby\/\" \/>\n<meta property=\"og:locale\" content=\"en_US\" \/>\n<meta property=\"og:type\" content=\"article\" \/>\n<meta property=\"og:title\" content=\"Filmov\u00fd festival ZA HRADBY\" \/>\n<meta property=\"og:description\" content=\"PROGRAM FILMOV\u00c9HO FESTIVALU \u00dater\u00fd 21. \u00fanora17:00 DALEK\u00c1 CESTA (108 min.)(re\u017eie Alfr\u00e9d Radok, \u010ceskoslovensko, 1948) \u00dater\u00fd 25. dubna17:00 MUS\u00cdME SI POM\u00c1HAT\" \/>\n<meta property=\"og:url\" content=\"https:\/\/terezinskainiciativa.cz\/en\/archiv\/filmovy-festival-za-hradby\/\" \/>\n<meta property=\"og:site_name\" content=\"Terez\u00ednsk\u00e1 iniciativa\" \/>\n<meta property=\"article:published_time\" content=\"2023-05-03T21:42:07+00:00\" \/>\n<meta property=\"article:modified_time\" content=\"2025-11-06T22:28:47+00:00\" \/>\n<meta property=\"og:image\" content=\"http:\/\/terezinskainiciativa.cz\/wp-content\/uploads\/2023\/03\/ZA_HRADBY_2023_plakat-727x1024.jpg\" \/>\n<meta name=\"author\" content=\"TI\" \/>\n<meta name=\"twitter:card\" content=\"summary_large_image\" \/>\n<meta name=\"twitter:label1\" content=\"Written by\" \/>\n\t<meta name=\"twitter:data1\" content=\"TI\" \/>\n\t<meta name=\"twitter:label2\" content=\"Est. reading time\" \/>\n\t<meta name=\"twitter:data2\" content=\"1 minute\" \/>\n<script type=\"application\/ld+json\" class=\"yoast-schema-graph\">{\"@context\":\"https:\/\/schema.org\",\"@graph\":[{\"@type\":\"Article\",\"@id\":\"https:\/\/terezinskainiciativa.cz\/archiv\/filmovy-festival-za-hradby\/#article\",\"isPartOf\":{\"@id\":\"https:\/\/terezinskainiciativa.cz\/archiv\/filmovy-festival-za-hradby\/\"},\"author\":{\"name\":\"TI\",\"@id\":\"https:\/\/terezinskainiciativa.cz\/#\/schema\/person\/19226cfe72c90058c84eed8ae52b2dcf\"},\"headline\":\"Filmov\u00fd festival ZA HRADBY\",\"datePublished\":\"2023-05-03T21:42:07+00:00\",\"dateModified\":\"2025-11-06T22:28:47+00:00\",\"mainEntityOfPage\":{\"@id\":\"https:\/\/terezinskainiciativa.cz\/archiv\/filmovy-festival-za-hradby\/\"},\"wordCount\":90,\"publisher\":{\"@id\":\"https:\/\/terezinskainiciativa.cz\/#organization\"},\"articleSection\":[\"Archiv\"],\"inLanguage\":\"en-US\"},{\"@type\":\"WebPage\",\"@id\":\"https:\/\/terezinskainiciativa.cz\/archiv\/filmovy-festival-za-hradby\/\",\"url\":\"https:\/\/terezinskainiciativa.cz\/archiv\/filmovy-festival-za-hradby\/\",\"name\":\"Filmov\u00fd festival ZA HRADBY\",\"isPartOf\":{\"@id\":\"https:\/\/terezinskainiciativa.cz\/#website\"},\"datePublished\":\"2023-05-03T21:42:07+00:00\",\"dateModified\":\"2025-11-06T22:28:47+00:00\",\"description\":\"PROGRAM FILMOV\u00c9HO FESTIVALU \u00dater\u00fd 21. \u00fanora17:00 DALEK\u00c1 CESTA (108 min.)(re\u017eie Alfr\u00e9d Radok, \u010ceskoslovensko, 1948) \u00dater\u00fd 25. dubna17:00 MUS\u00cdME SI POM\u00c1HAT\",\"breadcrumb\":{\"@id\":\"https:\/\/terezinskainiciativa.cz\/archiv\/filmovy-festival-za-hradby\/#breadcrumb\"},\"inLanguage\":\"en-US\",\"potentialAction\":[{\"@type\":\"ReadAction\",\"target\":[\"https:\/\/terezinskainiciativa.cz\/archiv\/filmovy-festival-za-hradby\/\"]}]},{\"@type\":\"BreadcrumbList\",\"@id\":\"https:\/\/terezinskainiciativa.cz\/archiv\/filmovy-festival-za-hradby\/#breadcrumb\",\"itemListElement\":[{\"@type\":\"ListItem\",\"position\":1,\"name\":\"Dom\u016f\",\"item\":\"https:\/\/terezinskainiciativa.cz\/\"},{\"@type\":\"ListItem\",\"position\":2,\"name\":\"Filmov\u00fd festival ZA HRADBY\"}]},{\"@type\":\"WebSite\",\"@id\":\"https:\/\/terezinskainiciativa.cz\/#website\",\"url\":\"https:\/\/terezinskainiciativa.cz\/\",\"name\":\"Terez\u00ednsk\u00e1 iniciativa\",\"description\":\"TI je sdru\u017een\u00ed b\u00fdval\u00fdch v\u011bz\u0148\u016f terez\u00ednsk\u00e9ho ghetta a jejich p\u0159\u00edm\u00fdch potomk\u016f\",\"publisher\":{\"@id\":\"https:\/\/terezinskainiciativa.cz\/#organization\"},\"potentialAction\":[{\"@type\":\"SearchAction\",\"target\":{\"@type\":\"EntryPoint\",\"urlTemplate\":\"https:\/\/terezinskainiciativa.cz\/?s={search_term_string}\"},\"query-input\":\"required name=search_term_string\"}],\"inLanguage\":\"en-US\"},{\"@type\":\"Organization\",\"@id\":\"https:\/\/terezinskainiciativa.cz\/#organization\",\"name\":\"Terez\u00ednsk\u00e1 iniciativa\",\"url\":\"https:\/\/terezinskainiciativa.cz\/\",\"logo\":{\"@type\":\"ImageObject\",\"inLanguage\":\"en-US\",\"@id\":\"https:\/\/terezinskainiciativa.cz\/#\/schema\/logo\/image\/\",\"url\":\"https:\/\/terezinskainiciativa.cz\/wp-content\/uploads\/2022\/12\/cropped-ti-v2.png\",\"contentUrl\":\"https:\/\/terezinskainiciativa.cz\/wp-content\/uploads\/2022\/12\/cropped-ti-v2.png\",\"width\":242,\"height\":71,\"caption\":\"Terez\u00ednsk\u00e1 iniciativa\"},\"image\":{\"@id\":\"https:\/\/terezinskainiciativa.cz\/#\/schema\/logo\/image\/\"}},{\"@type\":\"Person\",\"@id\":\"https:\/\/terezinskainiciativa.cz\/#\/schema\/person\/19226cfe72c90058c84eed8ae52b2dcf\",\"name\":\"TI\",\"image\":{\"@type\":\"ImageObject\",\"inLanguage\":\"en-US\",\"@id\":\"https:\/\/terezinskainiciativa.cz\/#\/schema\/person\/image\/\",\"url\":\"https:\/\/secure.gravatar.com\/avatar\/c2d28ae173a6028f6ad18228439211d3?s=96&d=mm&r=g\",\"contentUrl\":\"https:\/\/secure.gravatar.com\/avatar\/c2d28ae173a6028f6ad18228439211d3?s=96&d=mm&r=g\",\"caption\":\"TI\"},\"sameAs\":[\"http:\/\/terezinskainiciativa.cz\"]}]}<\/script>\n<!-- \/ Yoast SEO plugin. -->","yoast_head_json":{"title":"Filmov\u00fd festival ZA HRADBY","description":"PROGRAM FILMOV\u00c9HO FESTIVALU \u00dater\u00fd 21. \u00fanora17:00 DALEK\u00c1 CESTA (108 min.)(re\u017eie Alfr\u00e9d Radok, \u010ceskoslovensko, 1948) \u00dater\u00fd 25. dubna17:00 MUS\u00cdME SI POM\u00c1HAT","robots":{"index":"index","follow":"follow","max-snippet":"max-snippet:-1","max-image-preview":"max-image-preview:large","max-video-preview":"max-video-preview:-1"},"canonical":"https:\/\/terezinskainiciativa.cz\/en\/archiv\/filmovy-festival-za-hradby\/","og_locale":"en_US","og_type":"article","og_title":"Filmov\u00fd festival ZA HRADBY","og_description":"PROGRAM FILMOV\u00c9HO FESTIVALU \u00dater\u00fd 21. \u00fanora17:00 DALEK\u00c1 CESTA (108 min.)(re\u017eie Alfr\u00e9d Radok, \u010ceskoslovensko, 1948) \u00dater\u00fd 25. dubna17:00 MUS\u00cdME SI POM\u00c1HAT","og_url":"https:\/\/terezinskainiciativa.cz\/en\/archiv\/filmovy-festival-za-hradby\/","og_site_name":"Terez\u00ednsk\u00e1 iniciativa","article_published_time":"2023-05-03T21:42:07+00:00","article_modified_time":"2025-11-06T22:28:47+00:00","og_image":[{"url":"http:\/\/terezinskainiciativa.cz\/wp-content\/uploads\/2023\/03\/ZA_HRADBY_2023_plakat-727x1024.jpg"}],"author":"TI","twitter_card":"summary_large_image","twitter_misc":{"Written by":"TI","Est. reading time":"1 minute"},"schema":{"@context":"https:\/\/schema.org","@graph":[{"@type":"Article","@id":"https:\/\/terezinskainiciativa.cz\/archiv\/filmovy-festival-za-hradby\/#article","isPartOf":{"@id":"https:\/\/terezinskainiciativa.cz\/archiv\/filmovy-festival-za-hradby\/"},"author":{"name":"TI","@id":"https:\/\/terezinskainiciativa.cz\/#\/schema\/person\/19226cfe72c90058c84eed8ae52b2dcf"},"headline":"Filmov\u00fd festival ZA HRADBY","datePublished":"2023-05-03T21:42:07+00:00","dateModified":"2025-11-06T22:28:47+00:00","mainEntityOfPage":{"@id":"https:\/\/terezinskainiciativa.cz\/archiv\/filmovy-festival-za-hradby\/"},"wordCount":90,"publisher":{"@id":"https:\/\/terezinskainiciativa.cz\/#organization"},"articleSection":["Archiv"],"inLanguage":"en-US"},{"@type":"WebPage","@id":"https:\/\/terezinskainiciativa.cz\/archiv\/filmovy-festival-za-hradby\/","url":"https:\/\/terezinskainiciativa.cz\/archiv\/filmovy-festival-za-hradby\/","name":"Filmov\u00fd festival ZA HRADBY","isPartOf":{"@id":"https:\/\/terezinskainiciativa.cz\/#website"},"datePublished":"2023-05-03T21:42:07+00:00","dateModified":"2025-11-06T22:28:47+00:00","description":"PROGRAM FILMOV\u00c9HO FESTIVALU \u00dater\u00fd 21. \u00fanora17:00 DALEK\u00c1 CESTA (108 min.)(re\u017eie Alfr\u00e9d Radok, \u010ceskoslovensko, 1948) \u00dater\u00fd 25. dubna17:00 MUS\u00cdME SI POM\u00c1HAT","breadcrumb":{"@id":"https:\/\/terezinskainiciativa.cz\/archiv\/filmovy-festival-za-hradby\/#breadcrumb"},"inLanguage":"en-US","potentialAction":[{"@type":"ReadAction","target":["https:\/\/terezinskainiciativa.cz\/archiv\/filmovy-festival-za-hradby\/"]}]},{"@type":"BreadcrumbList","@id":"https:\/\/terezinskainiciativa.cz\/archiv\/filmovy-festival-za-hradby\/#breadcrumb","itemListElement":[{"@type":"ListItem","position":1,"name":"Dom\u016f","item":"https:\/\/terezinskainiciativa.cz\/"},{"@type":"ListItem","position":2,"name":"Filmov\u00fd festival ZA HRADBY"}]},{"@type":"WebSite","@id":"https:\/\/terezinskainiciativa.cz\/#website","url":"https:\/\/terezinskainiciativa.cz\/","name":"Terez\u00ednsk\u00e1 iniciativa","description":"TI je sdru\u017een\u00ed b\u00fdval\u00fdch v\u011bz\u0148\u016f terez\u00ednsk\u00e9ho ghetta a jejich p\u0159\u00edm\u00fdch potomk\u016f","publisher":{"@id":"https:\/\/terezinskainiciativa.cz\/#organization"},"potentialAction":[{"@type":"SearchAction","target":{"@type":"EntryPoint","urlTemplate":"https:\/\/terezinskainiciativa.cz\/?s={search_term_string}"},"query-input":"required name=search_term_string"}],"inLanguage":"en-US"},{"@type":"Organization","@id":"https:\/\/terezinskainiciativa.cz\/#organization","name":"Terez\u00ednsk\u00e1 iniciativa","url":"https:\/\/terezinskainiciativa.cz\/","logo":{"@type":"ImageObject","inLanguage":"en-US","@id":"https:\/\/terezinskainiciativa.cz\/#\/schema\/logo\/image\/","url":"https:\/\/terezinskainiciativa.cz\/wp-content\/uploads\/2022\/12\/cropped-ti-v2.png","contentUrl":"https:\/\/terezinskainiciativa.cz\/wp-content\/uploads\/2022\/12\/cropped-ti-v2.png","width":242,"height":71,"caption":"Terez\u00ednsk\u00e1 iniciativa"},"image":{"@id":"https:\/\/terezinskainiciativa.cz\/#\/schema\/logo\/image\/"}},{"@type":"Person","@id":"https:\/\/terezinskainiciativa.cz\/#\/schema\/person\/19226cfe72c90058c84eed8ae52b2dcf","name":"TI","image":{"@type":"ImageObject","inLanguage":"en-US","@id":"https:\/\/terezinskainiciativa.cz\/#\/schema\/person\/image\/","url":"https:\/\/secure.gravatar.com\/avatar\/c2d28ae173a6028f6ad18228439211d3?s=96&d=mm&r=g","contentUrl":"https:\/\/secure.gravatar.com\/avatar\/c2d28ae173a6028f6ad18228439211d3?s=96&d=mm&r=g","caption":"TI"},"sameAs":["http:\/\/terezinskainiciativa.cz"]}]}},"_links":{"self":[{"href":"https:\/\/terezinskainiciativa.cz\/en\/wp-json\/wp\/v2\/posts\/591"}],"collection":[{"href":"https:\/\/terezinskainiciativa.cz\/en\/wp-json\/wp\/v2\/posts"}],"about":[{"href":"https:\/\/terezinskainiciativa.cz\/en\/wp-json\/wp\/v2\/types\/post"}],"author":[{"embeddable":true,"href":"https:\/\/terezinskainiciativa.cz\/en\/wp-json\/wp\/v2\/users\/1"}],"replies":[{"embeddable":true,"href":"https:\/\/terezinskainiciativa.cz\/en\/wp-json\/wp\/v2\/comments?post=591"}],"version-history":[{"count":3,"href":"https:\/\/terezinskainiciativa.cz\/en\/wp-json\/wp\/v2\/posts\/591\/revisions"}],"predecessor-version":[{"id":603,"href":"https:\/\/terezinskainiciativa.cz\/en\/wp-json\/wp\/v2\/posts\/591\/revisions\/603"}],"wp:attachment":[{"href":"https:\/\/terezinskainiciativa.cz\/en\/wp-json\/wp\/v2\/media?parent=591"}],"wp:term":[{"taxonomy":"category","embeddable":true,"href":"https:\/\/terezinskainiciativa.cz\/en\/wp-json\/wp\/v2\/categories?post=591"},{"taxonomy":"post_tag","embeddable":true,"href":"https:\/\/terezinskainiciativa.cz\/en\/wp-json\/wp\/v2\/tags?post=591"}],"curies":[{"name":"wp","href":"https:\/\/api.w.org\/{rel}","templated":true}]}}