{"id":598,"date":"2023-05-03T23:46:01","date_gmt":"2023-05-03T21:46:01","guid":{"rendered":"http:\/\/terezinskainiciativa.cz\/?p=598"},"modified":"2025-11-06T23:28:46","modified_gmt":"2025-11-06T22:28:46","slug":"ff-za-hradby-musime-si-pomahat","status":"publish","type":"post","link":"https:\/\/terezinskainiciativa.cz\/en\/archiv\/ff-za-hradby-musime-si-pomahat\/","title":{"rendered":"FF ZA HRADBY: Mus\u00edme si pom\u00e1hat"},"content":{"rendered":"<p>Ve\u0159ejn\u00e9 prom\u00edt\u00e1n\u00ed filmu z roku 2000, za\u010d\u00e1tek v kinos\u00e1le Muzea ghetta. Film trv\u00e1 120 minut, na za\u010d\u00e1tku zazn\u00ed cca 15-ti minutov\u00e9 \u00favodn\u00ed slovo. Vstup ZDARMA.<\/p>\n\n\n\n<p>Sn\u00edmek Jana H\u0159ebejka a Petra Jarchovsk\u00e9ho se odehr\u00e1v\u00e1 za druh\u00e9 sv\u011btov\u00e9 v\u00e1lky a pomoc\u00ed mal\u00fdch lidsk\u00fdch osud\u016f d\u00e1v\u00e1 konkr\u00e9tn\u00ed obsah pojm\u016fm hrdinstv\u00ed i zbab\u011blost.<\/p>\n\n\n\n<p>Bezd\u011btn\u00ed man\u017eel\u00e9 \u010c\u00ed\u017ekovi (A. \u0160i\u0161kov\u00e1 a B. Pol\u00edvka) se rozhodnou v roce 1943 ukr\u00fdvat v tajn\u00e9 sp\u00ed\u017ei sv\u00e9ho bytu \u017eidovsk\u00e9ho uprchl\u00edka Davida Wienera, syna \u010c\u00ed\u017ekova b\u00fdval\u00e9ho zam\u011bstnavatele. \u010c\u00ed\u017eek si uv\u011bdomuje nebezpe\u010d\u00ed, do n\u011bho\u017e p\u0159ivedl svou dom\u00e1cnost i sousedy, av\u0161ak pomoc bli\u017en\u00edmu v nouzi pova\u017euje za samoz\u0159ejmou v\u011bc. Z\u00e1rove\u0148 ale jako zna\u010dn\u011b nehrdinsk\u00fd hrdina um\u00edr\u00e1 strachy. Jeho osobn\u00ed situaci zna\u010dn\u011b zkomplikuje bl\u00ed\u017e\u00edc\u00ed se konec v\u00e1lky, kdy mu hroz\u00ed nebezpe\u010d\u00ed jak ze strany N\u011bmc\u016f, tak i \u201epoctiv\u00fdch\u201c \u010desk\u00fdch spoluob\u010dan\u016f\u2026<\/p>\n\n\n\n<figure class=\"wp-block-image size-large is-resized\"><img loading=\"lazy\" decoding=\"async\" src=\"http:\/\/terezinskainiciativa.cz\/wp-content\/uploads\/2023\/03\/ZA_HRADBY_PT_Musime_si_pomahat-1024x1024.jpg\" alt=\"\" class=\"wp-image-572\" width=\"963\" height=\"963\" srcset=\"https:\/\/terezinskainiciativa.cz\/wp-content\/uploads\/2023\/03\/ZA_HRADBY_PT_Musime_si_pomahat-1024x1024.jpg 1024w, https:\/\/terezinskainiciativa.cz\/wp-content\/uploads\/2023\/03\/ZA_HRADBY_PT_Musime_si_pomahat-300x300.jpg 300w, https:\/\/terezinskainiciativa.cz\/wp-content\/uploads\/2023\/03\/ZA_HRADBY_PT_Musime_si_pomahat-150x150.jpg 150w, https:\/\/terezinskainiciativa.cz\/wp-content\/uploads\/2023\/03\/ZA_HRADBY_PT_Musime_si_pomahat-768x768.jpg 768w, https:\/\/terezinskainiciativa.cz\/wp-content\/uploads\/2023\/03\/ZA_HRADBY_PT_Musime_si_pomahat.jpg 1080w\" sizes=\"(max-width: 963px) 100vw, 963px\" \/><\/figure>","protected":false},"excerpt":{"rendered":"<p>Ve\u0159ejn\u00e9 prom\u00edt\u00e1n\u00ed filmu z roku 2000, za\u010d\u00e1tek v kinos\u00e1le Muzea ghetta. Film trv\u00e1 120 minut, na za\u010d\u00e1tku zazn\u00ed cca 15-ti minutov\u00e9 \u00favodn\u00ed slovo. Vstup ZDARMA. Sn\u00edmek Jana H\u0159ebejka a Petra [&hellip;]<\/p>","protected":false},"author":1,"featured_media":0,"comment_status":"closed","ping_status":"closed","sticky":false,"template":"","format":"standard","meta":{"footnotes":""},"categories":[27],"tags":[],"class_list":["post-598","post","type-post","status-publish","format-standard","hentry","category-archiv"],"yoast_head":"<!-- This site is optimized with the Yoast SEO plugin v21.9.1 - https:\/\/yoast.com\/wordpress\/plugins\/seo\/ -->\n<title>FF ZA HRADBY: Mus\u00edme si pom\u00e1hat<\/title>\n<meta name=\"description\" content=\"Ve\u0159ejn\u00e9 prom\u00edt\u00e1n\u00ed filmu z roku 2000, za\u010d\u00e1tek v kinos\u00e1le Muzea ghetta. Film trv\u00e1 120 minut, na za\u010d\u00e1tku zazn\u00ed cca 15-ti minutov\u00e9 \u00favodn\u00ed slovo. Vstup ZDARMA.\" \/>\n<meta name=\"robots\" content=\"index, follow, max-snippet:-1, max-image-preview:large, max-video-preview:-1\" \/>\n<link rel=\"canonical\" href=\"https:\/\/terezinskainiciativa.cz\/en\/archiv\/ff-za-hradby-musime-si-pomahat\/\" \/>\n<meta property=\"og:locale\" content=\"en_US\" \/>\n<meta property=\"og:type\" content=\"article\" \/>\n<meta property=\"og:title\" content=\"FF ZA HRADBY: Mus\u00edme si pom\u00e1hat\" \/>\n<meta property=\"og:description\" content=\"Ve\u0159ejn\u00e9 prom\u00edt\u00e1n\u00ed filmu z roku 2000, za\u010d\u00e1tek v kinos\u00e1le Muzea ghetta. Film trv\u00e1 120 minut, na za\u010d\u00e1tku zazn\u00ed cca 15-ti minutov\u00e9 \u00favodn\u00ed slovo. Vstup ZDARMA.\" \/>\n<meta property=\"og:url\" content=\"https:\/\/terezinskainiciativa.cz\/en\/archiv\/ff-za-hradby-musime-si-pomahat\/\" \/>\n<meta property=\"og:site_name\" content=\"Terez\u00ednsk\u00e1 iniciativa\" \/>\n<meta property=\"article:published_time\" content=\"2023-05-03T21:46:01+00:00\" \/>\n<meta property=\"article:modified_time\" content=\"2025-11-06T22:28:46+00:00\" \/>\n<meta property=\"og:image\" content=\"http:\/\/terezinskainiciativa.cz\/wp-content\/uploads\/2023\/03\/ZA_HRADBY_PT_Musime_si_pomahat-1024x1024.jpg\" \/>\n<meta name=\"author\" content=\"TI\" \/>\n<meta name=\"twitter:card\" content=\"summary_large_image\" \/>\n<meta name=\"twitter:label1\" content=\"Written by\" \/>\n\t<meta name=\"twitter:data1\" content=\"TI\" \/>\n\t<meta name=\"twitter:label2\" content=\"Est. reading time\" \/>\n\t<meta name=\"twitter:data2\" content=\"1 minute\" \/>\n<script type=\"application\/ld+json\" class=\"yoast-schema-graph\">{\"@context\":\"https:\/\/schema.org\",\"@graph\":[{\"@type\":\"Article\",\"@id\":\"https:\/\/terezinskainiciativa.cz\/archiv\/ff-za-hradby-musime-si-pomahat\/#article\",\"isPartOf\":{\"@id\":\"https:\/\/terezinskainiciativa.cz\/archiv\/ff-za-hradby-musime-si-pomahat\/\"},\"author\":{\"name\":\"TI\",\"@id\":\"https:\/\/terezinskainiciativa.cz\/#\/schema\/person\/19226cfe72c90058c84eed8ae52b2dcf\"},\"headline\":\"FF ZA HRADBY: Mus\u00edme si pom\u00e1hat\",\"datePublished\":\"2023-05-03T21:46:01+00:00\",\"dateModified\":\"2025-11-06T22:28:46+00:00\",\"mainEntityOfPage\":{\"@id\":\"https:\/\/terezinskainiciativa.cz\/archiv\/ff-za-hradby-musime-si-pomahat\/\"},\"wordCount\":181,\"publisher\":{\"@id\":\"https:\/\/terezinskainiciativa.cz\/#organization\"},\"articleSection\":[\"Archiv\"],\"inLanguage\":\"en-US\"},{\"@type\":\"WebPage\",\"@id\":\"https:\/\/terezinskainiciativa.cz\/archiv\/ff-za-hradby-musime-si-pomahat\/\",\"url\":\"https:\/\/terezinskainiciativa.cz\/archiv\/ff-za-hradby-musime-si-pomahat\/\",\"name\":\"FF ZA HRADBY: Mus\u00edme si pom\u00e1hat\",\"isPartOf\":{\"@id\":\"https:\/\/terezinskainiciativa.cz\/#website\"},\"datePublished\":\"2023-05-03T21:46:01+00:00\",\"dateModified\":\"2025-11-06T22:28:46+00:00\",\"description\":\"Ve\u0159ejn\u00e9 prom\u00edt\u00e1n\u00ed filmu z roku 2000, za\u010d\u00e1tek v kinos\u00e1le Muzea ghetta. Film trv\u00e1 120 minut, na za\u010d\u00e1tku zazn\u00ed cca 15-ti minutov\u00e9 \u00favodn\u00ed slovo. Vstup ZDARMA.\",\"breadcrumb\":{\"@id\":\"https:\/\/terezinskainiciativa.cz\/archiv\/ff-za-hradby-musime-si-pomahat\/#breadcrumb\"},\"inLanguage\":\"en-US\",\"potentialAction\":[{\"@type\":\"ReadAction\",\"target\":[\"https:\/\/terezinskainiciativa.cz\/archiv\/ff-za-hradby-musime-si-pomahat\/\"]}]},{\"@type\":\"BreadcrumbList\",\"@id\":\"https:\/\/terezinskainiciativa.cz\/archiv\/ff-za-hradby-musime-si-pomahat\/#breadcrumb\",\"itemListElement\":[{\"@type\":\"ListItem\",\"position\":1,\"name\":\"Dom\u016f\",\"item\":\"https:\/\/terezinskainiciativa.cz\/\"},{\"@type\":\"ListItem\",\"position\":2,\"name\":\"FF ZA HRADBY: Mus\u00edme si pom\u00e1hat\"}]},{\"@type\":\"WebSite\",\"@id\":\"https:\/\/terezinskainiciativa.cz\/#website\",\"url\":\"https:\/\/terezinskainiciativa.cz\/\",\"name\":\"Terez\u00ednsk\u00e1 iniciativa\",\"description\":\"TI je sdru\u017een\u00ed b\u00fdval\u00fdch v\u011bz\u0148\u016f terez\u00ednsk\u00e9ho ghetta a jejich p\u0159\u00edm\u00fdch potomk\u016f\",\"publisher\":{\"@id\":\"https:\/\/terezinskainiciativa.cz\/#organization\"},\"potentialAction\":[{\"@type\":\"SearchAction\",\"target\":{\"@type\":\"EntryPoint\",\"urlTemplate\":\"https:\/\/terezinskainiciativa.cz\/?s={search_term_string}\"},\"query-input\":\"required name=search_term_string\"}],\"inLanguage\":\"en-US\"},{\"@type\":\"Organization\",\"@id\":\"https:\/\/terezinskainiciativa.cz\/#organization\",\"name\":\"Terez\u00ednsk\u00e1 iniciativa\",\"url\":\"https:\/\/terezinskainiciativa.cz\/\",\"logo\":{\"@type\":\"ImageObject\",\"inLanguage\":\"en-US\",\"@id\":\"https:\/\/terezinskainiciativa.cz\/#\/schema\/logo\/image\/\",\"url\":\"https:\/\/terezinskainiciativa.cz\/wp-content\/uploads\/2022\/12\/cropped-ti-v2.png\",\"contentUrl\":\"https:\/\/terezinskainiciativa.cz\/wp-content\/uploads\/2022\/12\/cropped-ti-v2.png\",\"width\":242,\"height\":71,\"caption\":\"Terez\u00ednsk\u00e1 iniciativa\"},\"image\":{\"@id\":\"https:\/\/terezinskainiciativa.cz\/#\/schema\/logo\/image\/\"}},{\"@type\":\"Person\",\"@id\":\"https:\/\/terezinskainiciativa.cz\/#\/schema\/person\/19226cfe72c90058c84eed8ae52b2dcf\",\"name\":\"TI\",\"image\":{\"@type\":\"ImageObject\",\"inLanguage\":\"en-US\",\"@id\":\"https:\/\/terezinskainiciativa.cz\/#\/schema\/person\/image\/\",\"url\":\"https:\/\/secure.gravatar.com\/avatar\/c2d28ae173a6028f6ad18228439211d3?s=96&d=mm&r=g\",\"contentUrl\":\"https:\/\/secure.gravatar.com\/avatar\/c2d28ae173a6028f6ad18228439211d3?s=96&d=mm&r=g\",\"caption\":\"TI\"},\"sameAs\":[\"http:\/\/terezinskainiciativa.cz\"]}]}<\/script>\n<!-- \/ Yoast SEO plugin. -->","yoast_head_json":{"title":"FF ZA HRADBY: Mus\u00edme si pom\u00e1hat","description":"Ve\u0159ejn\u00e9 prom\u00edt\u00e1n\u00ed filmu z roku 2000, za\u010d\u00e1tek v kinos\u00e1le Muzea ghetta. Film trv\u00e1 120 minut, na za\u010d\u00e1tku zazn\u00ed cca 15-ti minutov\u00e9 \u00favodn\u00ed slovo. Vstup ZDARMA.","robots":{"index":"index","follow":"follow","max-snippet":"max-snippet:-1","max-image-preview":"max-image-preview:large","max-video-preview":"max-video-preview:-1"},"canonical":"https:\/\/terezinskainiciativa.cz\/en\/archiv\/ff-za-hradby-musime-si-pomahat\/","og_locale":"en_US","og_type":"article","og_title":"FF ZA HRADBY: Mus\u00edme si pom\u00e1hat","og_description":"Ve\u0159ejn\u00e9 prom\u00edt\u00e1n\u00ed filmu z roku 2000, za\u010d\u00e1tek v kinos\u00e1le Muzea ghetta. Film trv\u00e1 120 minut, na za\u010d\u00e1tku zazn\u00ed cca 15-ti minutov\u00e9 \u00favodn\u00ed slovo. Vstup ZDARMA.","og_url":"https:\/\/terezinskainiciativa.cz\/en\/archiv\/ff-za-hradby-musime-si-pomahat\/","og_site_name":"Terez\u00ednsk\u00e1 iniciativa","article_published_time":"2023-05-03T21:46:01+00:00","article_modified_time":"2025-11-06T22:28:46+00:00","og_image":[{"url":"http:\/\/terezinskainiciativa.cz\/wp-content\/uploads\/2023\/03\/ZA_HRADBY_PT_Musime_si_pomahat-1024x1024.jpg"}],"author":"TI","twitter_card":"summary_large_image","twitter_misc":{"Written by":"TI","Est. reading time":"1 minute"},"schema":{"@context":"https:\/\/schema.org","@graph":[{"@type":"Article","@id":"https:\/\/terezinskainiciativa.cz\/archiv\/ff-za-hradby-musime-si-pomahat\/#article","isPartOf":{"@id":"https:\/\/terezinskainiciativa.cz\/archiv\/ff-za-hradby-musime-si-pomahat\/"},"author":{"name":"TI","@id":"https:\/\/terezinskainiciativa.cz\/#\/schema\/person\/19226cfe72c90058c84eed8ae52b2dcf"},"headline":"FF ZA HRADBY: Mus\u00edme si pom\u00e1hat","datePublished":"2023-05-03T21:46:01+00:00","dateModified":"2025-11-06T22:28:46+00:00","mainEntityOfPage":{"@id":"https:\/\/terezinskainiciativa.cz\/archiv\/ff-za-hradby-musime-si-pomahat\/"},"wordCount":181,"publisher":{"@id":"https:\/\/terezinskainiciativa.cz\/#organization"},"articleSection":["Archiv"],"inLanguage":"en-US"},{"@type":"WebPage","@id":"https:\/\/terezinskainiciativa.cz\/archiv\/ff-za-hradby-musime-si-pomahat\/","url":"https:\/\/terezinskainiciativa.cz\/archiv\/ff-za-hradby-musime-si-pomahat\/","name":"FF ZA HRADBY: Mus\u00edme si pom\u00e1hat","isPartOf":{"@id":"https:\/\/terezinskainiciativa.cz\/#website"},"datePublished":"2023-05-03T21:46:01+00:00","dateModified":"2025-11-06T22:28:46+00:00","description":"Ve\u0159ejn\u00e9 prom\u00edt\u00e1n\u00ed filmu z roku 2000, za\u010d\u00e1tek v kinos\u00e1le Muzea ghetta. Film trv\u00e1 120 minut, na za\u010d\u00e1tku zazn\u00ed cca 15-ti minutov\u00e9 \u00favodn\u00ed slovo. Vstup ZDARMA.","breadcrumb":{"@id":"https:\/\/terezinskainiciativa.cz\/archiv\/ff-za-hradby-musime-si-pomahat\/#breadcrumb"},"inLanguage":"en-US","potentialAction":[{"@type":"ReadAction","target":["https:\/\/terezinskainiciativa.cz\/archiv\/ff-za-hradby-musime-si-pomahat\/"]}]},{"@type":"BreadcrumbList","@id":"https:\/\/terezinskainiciativa.cz\/archiv\/ff-za-hradby-musime-si-pomahat\/#breadcrumb","itemListElement":[{"@type":"ListItem","position":1,"name":"Dom\u016f","item":"https:\/\/terezinskainiciativa.cz\/"},{"@type":"ListItem","position":2,"name":"FF ZA HRADBY: Mus\u00edme si pom\u00e1hat"}]},{"@type":"WebSite","@id":"https:\/\/terezinskainiciativa.cz\/#website","url":"https:\/\/terezinskainiciativa.cz\/","name":"Terez\u00ednsk\u00e1 iniciativa","description":"TI je sdru\u017een\u00ed b\u00fdval\u00fdch v\u011bz\u0148\u016f terez\u00ednsk\u00e9ho ghetta a jejich p\u0159\u00edm\u00fdch potomk\u016f","publisher":{"@id":"https:\/\/terezinskainiciativa.cz\/#organization"},"potentialAction":[{"@type":"SearchAction","target":{"@type":"EntryPoint","urlTemplate":"https:\/\/terezinskainiciativa.cz\/?s={search_term_string}"},"query-input":"required name=search_term_string"}],"inLanguage":"en-US"},{"@type":"Organization","@id":"https:\/\/terezinskainiciativa.cz\/#organization","name":"Terez\u00ednsk\u00e1 iniciativa","url":"https:\/\/terezinskainiciativa.cz\/","logo":{"@type":"ImageObject","inLanguage":"en-US","@id":"https:\/\/terezinskainiciativa.cz\/#\/schema\/logo\/image\/","url":"https:\/\/terezinskainiciativa.cz\/wp-content\/uploads\/2022\/12\/cropped-ti-v2.png","contentUrl":"https:\/\/terezinskainiciativa.cz\/wp-content\/uploads\/2022\/12\/cropped-ti-v2.png","width":242,"height":71,"caption":"Terez\u00ednsk\u00e1 iniciativa"},"image":{"@id":"https:\/\/terezinskainiciativa.cz\/#\/schema\/logo\/image\/"}},{"@type":"Person","@id":"https:\/\/terezinskainiciativa.cz\/#\/schema\/person\/19226cfe72c90058c84eed8ae52b2dcf","name":"TI","image":{"@type":"ImageObject","inLanguage":"en-US","@id":"https:\/\/terezinskainiciativa.cz\/#\/schema\/person\/image\/","url":"https:\/\/secure.gravatar.com\/avatar\/c2d28ae173a6028f6ad18228439211d3?s=96&d=mm&r=g","contentUrl":"https:\/\/secure.gravatar.com\/avatar\/c2d28ae173a6028f6ad18228439211d3?s=96&d=mm&r=g","caption":"TI"},"sameAs":["http:\/\/terezinskainiciativa.cz"]}]}},"_links":{"self":[{"href":"https:\/\/terezinskainiciativa.cz\/en\/wp-json\/wp\/v2\/posts\/598"}],"collection":[{"href":"https:\/\/terezinskainiciativa.cz\/en\/wp-json\/wp\/v2\/posts"}],"about":[{"href":"https:\/\/terezinskainiciativa.cz\/en\/wp-json\/wp\/v2\/types\/post"}],"author":[{"embeddable":true,"href":"https:\/\/terezinskainiciativa.cz\/en\/wp-json\/wp\/v2\/users\/1"}],"replies":[{"embeddable":true,"href":"https:\/\/terezinskainiciativa.cz\/en\/wp-json\/wp\/v2\/comments?post=598"}],"version-history":[{"count":2,"href":"https:\/\/terezinskainiciativa.cz\/en\/wp-json\/wp\/v2\/posts\/598\/revisions"}],"predecessor-version":[{"id":606,"href":"https:\/\/terezinskainiciativa.cz\/en\/wp-json\/wp\/v2\/posts\/598\/revisions\/606"}],"wp:attachment":[{"href":"https:\/\/terezinskainiciativa.cz\/en\/wp-json\/wp\/v2\/media?parent=598"}],"wp:term":[{"taxonomy":"category","embeddable":true,"href":"https:\/\/terezinskainiciativa.cz\/en\/wp-json\/wp\/v2\/categories?post=598"},{"taxonomy":"post_tag","embeddable":true,"href":"https:\/\/terezinskainiciativa.cz\/en\/wp-json\/wp\/v2\/tags?post=598"}],"curies":[{"name":"wp","href":"https:\/\/api.w.org\/{rel}","templated":true}]}}