{"id":669,"date":"2023-08-03T18:04:49","date_gmt":"2023-08-03T16:04:49","guid":{"rendered":"https:\/\/terezinskainiciativa.cz\/?p=669"},"modified":"2025-11-06T23:28:02","modified_gmt":"2025-11-06T22:28:02","slug":"kever-avot","status":"publish","type":"post","link":"https:\/\/terezinskainiciativa.cz\/en\/archiv\/kever-avot\/","title":{"rendered":"KEVER AVOT"},"content":{"rendered":"<h3 class=\"wp-block-heading\">Tradi\u010dn\u00ed tryzna k uct\u011bn\u00ed pam\u00e1tky ob\u011bt\u00ed \u0161oa<\/h3>\n\n\n\n<p>Sou\u010d\u00e1st\u00ed programu je koncert In memoriam Terez\u00edn-Osv\u011btim, kter\u00fdm si p\u0159ipom\u00edn\u00e1me 80. v\u00fdro\u010d\u00ed z\u0159\u00edzen\u00ed tzv. terez\u00ednsk\u00e9ho rodinn\u00e9ho t\u00e1bora v Auschwitz-Birkenau, a mo\u017enost n\u00e1v\u0161t\u011bvy expozic Pam\u00e1tn\u00edku Terez\u00edn. Pro ml\u00e1de\u017e od 13 let je p\u0159ipraven program (nutn\u00e1 registrace). Pro \u00fa\u010dastn\u00edky programu bude p\u0159ipraveno ob\u010derstven\u00ed<\/p>\n\n\n\n<h5 class=\"wp-block-heading\">Rozvrh<\/h5>\n\n\n\n<p>9:30 &#8211; spole\u010dn\u00fd odjezd z Prahy<br>11:00 &#8211; tryzna u krematoria a modlitba u Oh\u0159e<br>12:00 &#8211; n\u00e1v\u0161t\u011bva Pam\u00e1tn\u00edku Terez\u00edn<br>14:00 &#8211; koncert In memoriam Terez\u00edn-Osv\u011btim (J\u00edzd\u00e1rna)<br>15:30 &#8211; konec programu a n\u00e1vrat do Prahy<\/p>\n\n\n\n<p>V\u00edce informac\u00ed: <a rel=\"noreferrer noopener\" href=\"mailto:tkc@kehilaprag.cz\" target=\"_blank\">tkc@kehilaprag.cz<\/a><br>Registrace do 30. srpna: <a href=\"https:\/\/forms.gle\/n3QnN7CqbQ2rDfdq7\" target=\"_blank\" rel=\"noreferrer noopener\">https:\/\/forms.gle\/n3QnN7CqbQ2rDfdq7<\/a><\/p>\n\n\n\n<figure class=\"wp-block-image size-large is-resized\"><img loading=\"lazy\" decoding=\"async\" src=\"https:\/\/terezinskainiciativa.cz\/wp-content\/uploads\/2023\/08\/KEVER-AVOT_2023-724x1024.png\" alt=\"\" class=\"wp-image-670\" width=\"1100\" height=\"1554\" srcset=\"https:\/\/terezinskainiciativa.cz\/wp-content\/uploads\/2023\/08\/KEVER-AVOT_2023-724x1024.png 724w, https:\/\/terezinskainiciativa.cz\/wp-content\/uploads\/2023\/08\/KEVER-AVOT_2023-212x300.png 212w, https:\/\/terezinskainiciativa.cz\/wp-content\/uploads\/2023\/08\/KEVER-AVOT_2023-768x1086.png 768w\" sizes=\"(max-width: 1100px) 100vw, 1100px\" \/><\/figure>","protected":false},"excerpt":{"rendered":"<p>Tradi\u010dn\u00ed tryzna k uct\u011bn\u00ed pam\u00e1tky ob\u011bt\u00ed \u0161oa Sou\u010d\u00e1st\u00ed programu je koncert In memoriam Terez\u00edn-Osv\u011btim, kter\u00fdm si p\u0159ipom\u00edn\u00e1me 80. v\u00fdro\u010d\u00ed z\u0159\u00edzen\u00ed tzv. terez\u00ednsk\u00e9ho rodinn\u00e9ho t\u00e1bora v Auschwitz-Birkenau, a mo\u017enost n\u00e1v\u0161t\u011bvy expozic [&hellip;]<\/p>","protected":false},"author":1,"featured_media":0,"comment_status":"closed","ping_status":"closed","sticky":false,"template":"","format":"standard","meta":{"footnotes":""},"categories":[27],"tags":[],"class_list":["post-669","post","type-post","status-publish","format-standard","hentry","category-archiv"],"yoast_head":"<!-- This site is optimized with the Yoast SEO plugin v21.9.1 - https:\/\/yoast.com\/wordpress\/plugins\/seo\/ -->\n<title>KEVER AVOT<\/title>\n<meta name=\"description\" content=\"Tradi\u010dn\u00ed tryzna k uct\u011bn\u00ed pam\u00e1tky ob\u011bt\u00ed \u0161oa Sou\u010d\u00e1st\u00ed programu je koncert In memoriam Terez\u00edn-Osv\u011btim, kter\u00fdm si p\u0159ipom\u00edn\u00e1me 80. v\u00fdro\u010d\u00ed z\u0159\u00edzen\u00ed tzv.\" \/>\n<meta name=\"robots\" content=\"index, follow, max-snippet:-1, max-image-preview:large, max-video-preview:-1\" \/>\n<link rel=\"canonical\" href=\"https:\/\/terezinskainiciativa.cz\/en\/archiv\/kever-avot\/\" \/>\n<meta property=\"og:locale\" content=\"en_US\" \/>\n<meta property=\"og:type\" content=\"article\" \/>\n<meta property=\"og:title\" content=\"KEVER AVOT\" \/>\n<meta property=\"og:description\" content=\"Tradi\u010dn\u00ed tryzna k uct\u011bn\u00ed pam\u00e1tky ob\u011bt\u00ed \u0161oa Sou\u010d\u00e1st\u00ed programu je koncert In memoriam Terez\u00edn-Osv\u011btim, kter\u00fdm si p\u0159ipom\u00edn\u00e1me 80. v\u00fdro\u010d\u00ed z\u0159\u00edzen\u00ed tzv.\" \/>\n<meta property=\"og:url\" content=\"https:\/\/terezinskainiciativa.cz\/en\/archiv\/kever-avot\/\" \/>\n<meta property=\"og:site_name\" content=\"Terez\u00ednsk\u00e1 iniciativa\" \/>\n<meta property=\"article:published_time\" content=\"2023-08-03T16:04:49+00:00\" \/>\n<meta property=\"article:modified_time\" content=\"2025-11-06T22:28:02+00:00\" \/>\n<meta property=\"og:image\" content=\"https:\/\/terezinskainiciativa.cz\/wp-content\/uploads\/2023\/08\/KEVER-AVOT_2023-724x1024.png\" \/>\n<meta name=\"author\" content=\"TI\" \/>\n<meta name=\"twitter:card\" content=\"summary_large_image\" \/>\n<meta name=\"twitter:label1\" content=\"Written by\" \/>\n\t<meta name=\"twitter:data1\" content=\"TI\" \/>\n\t<meta name=\"twitter:label2\" content=\"Est. reading time\" \/>\n\t<meta name=\"twitter:data2\" content=\"1 minute\" \/>\n<script type=\"application\/ld+json\" class=\"yoast-schema-graph\">{\"@context\":\"https:\/\/schema.org\",\"@graph\":[{\"@type\":\"Article\",\"@id\":\"https:\/\/terezinskainiciativa.cz\/archiv\/kever-avot\/#article\",\"isPartOf\":{\"@id\":\"https:\/\/terezinskainiciativa.cz\/archiv\/kever-avot\/\"},\"author\":{\"name\":\"TI\",\"@id\":\"https:\/\/terezinskainiciativa.cz\/#\/schema\/person\/19226cfe72c90058c84eed8ae52b2dcf\"},\"headline\":\"KEVER AVOT\",\"datePublished\":\"2023-08-03T16:04:49+00:00\",\"dateModified\":\"2025-11-06T22:28:02+00:00\",\"mainEntityOfPage\":{\"@id\":\"https:\/\/terezinskainiciativa.cz\/archiv\/kever-avot\/\"},\"wordCount\":137,\"publisher\":{\"@id\":\"https:\/\/terezinskainiciativa.cz\/#organization\"},\"articleSection\":[\"Archiv\"],\"inLanguage\":\"en-US\"},{\"@type\":\"WebPage\",\"@id\":\"https:\/\/terezinskainiciativa.cz\/archiv\/kever-avot\/\",\"url\":\"https:\/\/terezinskainiciativa.cz\/archiv\/kever-avot\/\",\"name\":\"KEVER AVOT\",\"isPartOf\":{\"@id\":\"https:\/\/terezinskainiciativa.cz\/#website\"},\"datePublished\":\"2023-08-03T16:04:49+00:00\",\"dateModified\":\"2025-11-06T22:28:02+00:00\",\"description\":\"Tradi\u010dn\u00ed tryzna k uct\u011bn\u00ed pam\u00e1tky ob\u011bt\u00ed \u0161oa Sou\u010d\u00e1st\u00ed programu je koncert In memoriam Terez\u00edn-Osv\u011btim, kter\u00fdm si p\u0159ipom\u00edn\u00e1me 80. v\u00fdro\u010d\u00ed z\u0159\u00edzen\u00ed tzv.\",\"breadcrumb\":{\"@id\":\"https:\/\/terezinskainiciativa.cz\/archiv\/kever-avot\/#breadcrumb\"},\"inLanguage\":\"en-US\",\"potentialAction\":[{\"@type\":\"ReadAction\",\"target\":[\"https:\/\/terezinskainiciativa.cz\/archiv\/kever-avot\/\"]}]},{\"@type\":\"BreadcrumbList\",\"@id\":\"https:\/\/terezinskainiciativa.cz\/archiv\/kever-avot\/#breadcrumb\",\"itemListElement\":[{\"@type\":\"ListItem\",\"position\":1,\"name\":\"Dom\u016f\",\"item\":\"https:\/\/terezinskainiciativa.cz\/\"},{\"@type\":\"ListItem\",\"position\":2,\"name\":\"KEVER AVOT\"}]},{\"@type\":\"WebSite\",\"@id\":\"https:\/\/terezinskainiciativa.cz\/#website\",\"url\":\"https:\/\/terezinskainiciativa.cz\/\",\"name\":\"Terez\u00ednsk\u00e1 iniciativa\",\"description\":\"TI je sdru\u017een\u00ed b\u00fdval\u00fdch v\u011bz\u0148\u016f terez\u00ednsk\u00e9ho ghetta a jejich p\u0159\u00edm\u00fdch potomk\u016f\",\"publisher\":{\"@id\":\"https:\/\/terezinskainiciativa.cz\/#organization\"},\"potentialAction\":[{\"@type\":\"SearchAction\",\"target\":{\"@type\":\"EntryPoint\",\"urlTemplate\":\"https:\/\/terezinskainiciativa.cz\/?s={search_term_string}\"},\"query-input\":\"required name=search_term_string\"}],\"inLanguage\":\"en-US\"},{\"@type\":\"Organization\",\"@id\":\"https:\/\/terezinskainiciativa.cz\/#organization\",\"name\":\"Terez\u00ednsk\u00e1 iniciativa\",\"url\":\"https:\/\/terezinskainiciativa.cz\/\",\"logo\":{\"@type\":\"ImageObject\",\"inLanguage\":\"en-US\",\"@id\":\"https:\/\/terezinskainiciativa.cz\/#\/schema\/logo\/image\/\",\"url\":\"https:\/\/terezinskainiciativa.cz\/wp-content\/uploads\/2022\/12\/cropped-ti-v2.png\",\"contentUrl\":\"https:\/\/terezinskainiciativa.cz\/wp-content\/uploads\/2022\/12\/cropped-ti-v2.png\",\"width\":242,\"height\":71,\"caption\":\"Terez\u00ednsk\u00e1 iniciativa\"},\"image\":{\"@id\":\"https:\/\/terezinskainiciativa.cz\/#\/schema\/logo\/image\/\"}},{\"@type\":\"Person\",\"@id\":\"https:\/\/terezinskainiciativa.cz\/#\/schema\/person\/19226cfe72c90058c84eed8ae52b2dcf\",\"name\":\"TI\",\"image\":{\"@type\":\"ImageObject\",\"inLanguage\":\"en-US\",\"@id\":\"https:\/\/terezinskainiciativa.cz\/#\/schema\/person\/image\/\",\"url\":\"https:\/\/secure.gravatar.com\/avatar\/c2d28ae173a6028f6ad18228439211d3?s=96&d=mm&r=g\",\"contentUrl\":\"https:\/\/secure.gravatar.com\/avatar\/c2d28ae173a6028f6ad18228439211d3?s=96&d=mm&r=g\",\"caption\":\"TI\"},\"sameAs\":[\"http:\/\/terezinskainiciativa.cz\"]}]}<\/script>\n<!-- \/ Yoast SEO plugin. -->","yoast_head_json":{"title":"KEVER AVOT","description":"Tradi\u010dn\u00ed tryzna k uct\u011bn\u00ed pam\u00e1tky ob\u011bt\u00ed \u0161oa Sou\u010d\u00e1st\u00ed programu je koncert In memoriam Terez\u00edn-Osv\u011btim, kter\u00fdm si p\u0159ipom\u00edn\u00e1me 80. v\u00fdro\u010d\u00ed z\u0159\u00edzen\u00ed tzv.","robots":{"index":"index","follow":"follow","max-snippet":"max-snippet:-1","max-image-preview":"max-image-preview:large","max-video-preview":"max-video-preview:-1"},"canonical":"https:\/\/terezinskainiciativa.cz\/en\/archiv\/kever-avot\/","og_locale":"en_US","og_type":"article","og_title":"KEVER AVOT","og_description":"Tradi\u010dn\u00ed tryzna k uct\u011bn\u00ed pam\u00e1tky ob\u011bt\u00ed \u0161oa Sou\u010d\u00e1st\u00ed programu je koncert In memoriam Terez\u00edn-Osv\u011btim, kter\u00fdm si p\u0159ipom\u00edn\u00e1me 80. v\u00fdro\u010d\u00ed z\u0159\u00edzen\u00ed tzv.","og_url":"https:\/\/terezinskainiciativa.cz\/en\/archiv\/kever-avot\/","og_site_name":"Terez\u00ednsk\u00e1 iniciativa","article_published_time":"2023-08-03T16:04:49+00:00","article_modified_time":"2025-11-06T22:28:02+00:00","og_image":[{"url":"https:\/\/terezinskainiciativa.cz\/wp-content\/uploads\/2023\/08\/KEVER-AVOT_2023-724x1024.png"}],"author":"TI","twitter_card":"summary_large_image","twitter_misc":{"Written by":"TI","Est. reading time":"1 minute"},"schema":{"@context":"https:\/\/schema.org","@graph":[{"@type":"Article","@id":"https:\/\/terezinskainiciativa.cz\/archiv\/kever-avot\/#article","isPartOf":{"@id":"https:\/\/terezinskainiciativa.cz\/archiv\/kever-avot\/"},"author":{"name":"TI","@id":"https:\/\/terezinskainiciativa.cz\/#\/schema\/person\/19226cfe72c90058c84eed8ae52b2dcf"},"headline":"KEVER AVOT","datePublished":"2023-08-03T16:04:49+00:00","dateModified":"2025-11-06T22:28:02+00:00","mainEntityOfPage":{"@id":"https:\/\/terezinskainiciativa.cz\/archiv\/kever-avot\/"},"wordCount":137,"publisher":{"@id":"https:\/\/terezinskainiciativa.cz\/#organization"},"articleSection":["Archiv"],"inLanguage":"en-US"},{"@type":"WebPage","@id":"https:\/\/terezinskainiciativa.cz\/archiv\/kever-avot\/","url":"https:\/\/terezinskainiciativa.cz\/archiv\/kever-avot\/","name":"KEVER AVOT","isPartOf":{"@id":"https:\/\/terezinskainiciativa.cz\/#website"},"datePublished":"2023-08-03T16:04:49+00:00","dateModified":"2025-11-06T22:28:02+00:00","description":"Tradi\u010dn\u00ed tryzna k uct\u011bn\u00ed pam\u00e1tky ob\u011bt\u00ed \u0161oa Sou\u010d\u00e1st\u00ed programu je koncert In memoriam Terez\u00edn-Osv\u011btim, kter\u00fdm si p\u0159ipom\u00edn\u00e1me 80. v\u00fdro\u010d\u00ed z\u0159\u00edzen\u00ed tzv.","breadcrumb":{"@id":"https:\/\/terezinskainiciativa.cz\/archiv\/kever-avot\/#breadcrumb"},"inLanguage":"en-US","potentialAction":[{"@type":"ReadAction","target":["https:\/\/terezinskainiciativa.cz\/archiv\/kever-avot\/"]}]},{"@type":"BreadcrumbList","@id":"https:\/\/terezinskainiciativa.cz\/archiv\/kever-avot\/#breadcrumb","itemListElement":[{"@type":"ListItem","position":1,"name":"Dom\u016f","item":"https:\/\/terezinskainiciativa.cz\/"},{"@type":"ListItem","position":2,"name":"KEVER AVOT"}]},{"@type":"WebSite","@id":"https:\/\/terezinskainiciativa.cz\/#website","url":"https:\/\/terezinskainiciativa.cz\/","name":"Terez\u00ednsk\u00e1 iniciativa","description":"TI je sdru\u017een\u00ed b\u00fdval\u00fdch v\u011bz\u0148\u016f terez\u00ednsk\u00e9ho ghetta a jejich p\u0159\u00edm\u00fdch potomk\u016f","publisher":{"@id":"https:\/\/terezinskainiciativa.cz\/#organization"},"potentialAction":[{"@type":"SearchAction","target":{"@type":"EntryPoint","urlTemplate":"https:\/\/terezinskainiciativa.cz\/?s={search_term_string}"},"query-input":"required name=search_term_string"}],"inLanguage":"en-US"},{"@type":"Organization","@id":"https:\/\/terezinskainiciativa.cz\/#organization","name":"Terez\u00ednsk\u00e1 iniciativa","url":"https:\/\/terezinskainiciativa.cz\/","logo":{"@type":"ImageObject","inLanguage":"en-US","@id":"https:\/\/terezinskainiciativa.cz\/#\/schema\/logo\/image\/","url":"https:\/\/terezinskainiciativa.cz\/wp-content\/uploads\/2022\/12\/cropped-ti-v2.png","contentUrl":"https:\/\/terezinskainiciativa.cz\/wp-content\/uploads\/2022\/12\/cropped-ti-v2.png","width":242,"height":71,"caption":"Terez\u00ednsk\u00e1 iniciativa"},"image":{"@id":"https:\/\/terezinskainiciativa.cz\/#\/schema\/logo\/image\/"}},{"@type":"Person","@id":"https:\/\/terezinskainiciativa.cz\/#\/schema\/person\/19226cfe72c90058c84eed8ae52b2dcf","name":"TI","image":{"@type":"ImageObject","inLanguage":"en-US","@id":"https:\/\/terezinskainiciativa.cz\/#\/schema\/person\/image\/","url":"https:\/\/secure.gravatar.com\/avatar\/c2d28ae173a6028f6ad18228439211d3?s=96&d=mm&r=g","contentUrl":"https:\/\/secure.gravatar.com\/avatar\/c2d28ae173a6028f6ad18228439211d3?s=96&d=mm&r=g","caption":"TI"},"sameAs":["http:\/\/terezinskainiciativa.cz"]}]}},"_links":{"self":[{"href":"https:\/\/terezinskainiciativa.cz\/en\/wp-json\/wp\/v2\/posts\/669"}],"collection":[{"href":"https:\/\/terezinskainiciativa.cz\/en\/wp-json\/wp\/v2\/posts"}],"about":[{"href":"https:\/\/terezinskainiciativa.cz\/en\/wp-json\/wp\/v2\/types\/post"}],"author":[{"embeddable":true,"href":"https:\/\/terezinskainiciativa.cz\/en\/wp-json\/wp\/v2\/users\/1"}],"replies":[{"embeddable":true,"href":"https:\/\/terezinskainiciativa.cz\/en\/wp-json\/wp\/v2\/comments?post=669"}],"version-history":[{"count":1,"href":"https:\/\/terezinskainiciativa.cz\/en\/wp-json\/wp\/v2\/posts\/669\/revisions"}],"predecessor-version":[{"id":671,"href":"https:\/\/terezinskainiciativa.cz\/en\/wp-json\/wp\/v2\/posts\/669\/revisions\/671"}],"wp:attachment":[{"href":"https:\/\/terezinskainiciativa.cz\/en\/wp-json\/wp\/v2\/media?parent=669"}],"wp:term":[{"taxonomy":"category","embeddable":true,"href":"https:\/\/terezinskainiciativa.cz\/en\/wp-json\/wp\/v2\/categories?post=669"},{"taxonomy":"post_tag","embeddable":true,"href":"https:\/\/terezinskainiciativa.cz\/en\/wp-json\/wp\/v2\/tags?post=669"}],"curies":[{"name":"wp","href":"https:\/\/api.w.org\/{rel}","templated":true}]}}