{"id":735,"date":"2023-12-14T21:52:43","date_gmt":"2023-12-14T20:52:43","guid":{"rendered":"https:\/\/terezinskainiciativa.cz\/?p=735"},"modified":"2025-11-06T23:28:01","modified_gmt":"2025-11-06T22:28:01","slug":"predsvatecni-setkani-clenu-ti","status":"publish","type":"post","link":"https:\/\/terezinskainiciativa.cz\/en\/archiv\/predsvatecni-setkani-clenu-ti\/","title":{"rendered":"Pre-holiday meeting of TI members"},"content":{"rendered":"<p>On the afternoon of the sixth of December we met for coffee\/tea and strudel.<\/p>\n\n\n\n<p>Although the weather that day was really bad and the ice prevented the participation of many people, more than twenty participants enjoyed the meeting.<\/p>\n\n\n\n<p>Young ladies from the third and fourth generations contributed to the pleasant course of the event and, in addition to helping out, delighted everyone with a hand-baked gift.<\/p>\n\n\n\n<figure class=\"wp-block-image size-large\"><img loading=\"lazy\" decoding=\"async\" width=\"1024\" height=\"823\" src=\"https:\/\/terezinskainiciativa.cz\/wp-content\/uploads\/2023\/12\/Setkani_1-1024x823.jpg\" alt=\"\" class=\"wp-image-739\" srcset=\"https:\/\/terezinskainiciativa.cz\/wp-content\/uploads\/2023\/12\/Setkani_1-1024x823.jpg 1024w, https:\/\/terezinskainiciativa.cz\/wp-content\/uploads\/2023\/12\/Setkani_1-300x241.jpg 300w, https:\/\/terezinskainiciativa.cz\/wp-content\/uploads\/2023\/12\/Setkani_1-768x617.jpg 768w, https:\/\/terezinskainiciativa.cz\/wp-content\/uploads\/2023\/12\/Setkani_1-1200x964.jpg 1200w, https:\/\/terezinskainiciativa.cz\/wp-content\/uploads\/2023\/12\/Setkani_1.jpg 1384w\" sizes=\"(max-width: 1024px) 100vw, 1024px\" \/><\/figure>\n\n\n\n<figure class=\"wp-block-image size-large\"><img loading=\"lazy\" decoding=\"async\" width=\"1024\" height=\"764\" src=\"https:\/\/terezinskainiciativa.cz\/wp-content\/uploads\/2023\/12\/Setkani_2-1024x764.jpg\" alt=\"\" class=\"wp-image-740\" srcset=\"https:\/\/terezinskainiciativa.cz\/wp-content\/uploads\/2023\/12\/Setkani_2-1024x764.jpg 1024w, https:\/\/terezinskainiciativa.cz\/wp-content\/uploads\/2023\/12\/Setkani_2-300x224.jpg 300w, https:\/\/terezinskainiciativa.cz\/wp-content\/uploads\/2023\/12\/Setkani_2-768x573.jpg 768w, https:\/\/terezinskainiciativa.cz\/wp-content\/uploads\/2023\/12\/Setkani_2.jpg 1116w\" sizes=\"(max-width: 1024px) 100vw, 1024px\" \/><\/figure>\n\n\n\n<figure class=\"wp-block-image size-large\"><img loading=\"lazy\" decoding=\"async\" width=\"1024\" height=\"770\" src=\"https:\/\/terezinskainiciativa.cz\/wp-content\/uploads\/2023\/12\/Setkani_3-1024x770.jpg\" alt=\"\" class=\"wp-image-741\" srcset=\"https:\/\/terezinskainiciativa.cz\/wp-content\/uploads\/2023\/12\/Setkani_3-1024x770.jpg 1024w, https:\/\/terezinskainiciativa.cz\/wp-content\/uploads\/2023\/12\/Setkani_3-300x226.jpg 300w, https:\/\/terezinskainiciativa.cz\/wp-content\/uploads\/2023\/12\/Setkani_3-768x578.jpg 768w, https:\/\/terezinskainiciativa.cz\/wp-content\/uploads\/2023\/12\/Setkani_3.jpg 1166w\" sizes=\"(max-width: 1024px) 100vw, 1024px\" \/><\/figure>\n\n\n\n<figure class=\"wp-block-image size-large\"><img loading=\"lazy\" decoding=\"async\" width=\"1024\" height=\"839\" src=\"https:\/\/terezinskainiciativa.cz\/wp-content\/uploads\/2023\/12\/Setkani_4-1024x839.jpg\" alt=\"\" class=\"wp-image-742\" srcset=\"https:\/\/terezinskainiciativa.cz\/wp-content\/uploads\/2023\/12\/Setkani_4-1024x839.jpg 1024w, https:\/\/terezinskainiciativa.cz\/wp-content\/uploads\/2023\/12\/Setkani_4-300x246.jpg 300w, https:\/\/terezinskainiciativa.cz\/wp-content\/uploads\/2023\/12\/Setkani_4-768x629.jpg 768w, https:\/\/terezinskainiciativa.cz\/wp-content\/uploads\/2023\/12\/Setkani_4-1200x983.jpg 1200w, https:\/\/terezinskainiciativa.cz\/wp-content\/uploads\/2023\/12\/Setkani_4.jpg 1409w\" sizes=\"(max-width: 1024px) 100vw, 1024px\" \/><\/figure>\n\n\n\n<figure class=\"wp-block-image size-large\"><img loading=\"lazy\" decoding=\"async\" width=\"1024\" height=\"806\" src=\"https:\/\/terezinskainiciativa.cz\/wp-content\/uploads\/2023\/12\/Setkani_5-1024x806.jpg\" alt=\"\" class=\"wp-image-743\" srcset=\"https:\/\/terezinskainiciativa.cz\/wp-content\/uploads\/2023\/12\/Setkani_5-1024x806.jpg 1024w, https:\/\/terezinskainiciativa.cz\/wp-content\/uploads\/2023\/12\/Setkani_5-300x236.jpg 300w, https:\/\/terezinskainiciativa.cz\/wp-content\/uploads\/2023\/12\/Setkani_5-768x605.jpg 768w, https:\/\/terezinskainiciativa.cz\/wp-content\/uploads\/2023\/12\/Setkani_5-1536x1209.jpg 1536w, https:\/\/terezinskainiciativa.cz\/wp-content\/uploads\/2023\/12\/Setkani_5-1200x945.jpg 1200w, https:\/\/terezinskainiciativa.cz\/wp-content\/uploads\/2023\/12\/Setkani_5.jpg 1724w\" sizes=\"(max-width: 1024px) 100vw, 1024px\" \/><\/figure>\n\n\n\n<figure class=\"wp-block-image size-large\"><img loading=\"lazy\" decoding=\"async\" width=\"1024\" height=\"696\" src=\"https:\/\/terezinskainiciativa.cz\/wp-content\/uploads\/2023\/12\/Setkani_6-1024x696.jpg\" alt=\"\" class=\"wp-image-744\" srcset=\"https:\/\/terezinskainiciativa.cz\/wp-content\/uploads\/2023\/12\/Setkani_6-1024x696.jpg 1024w, https:\/\/terezinskainiciativa.cz\/wp-content\/uploads\/2023\/12\/Setkani_6-300x204.jpg 300w, https:\/\/terezinskainiciativa.cz\/wp-content\/uploads\/2023\/12\/Setkani_6-768x522.jpg 768w, https:\/\/terezinskainiciativa.cz\/wp-content\/uploads\/2023\/12\/Setkani_6-1536x1044.jpg 1536w, https:\/\/terezinskainiciativa.cz\/wp-content\/uploads\/2023\/12\/Setkani_6-1200x816.jpg 1200w, https:\/\/terezinskainiciativa.cz\/wp-content\/uploads\/2023\/12\/Setkani_6.jpg 1884w\" sizes=\"(max-width: 1024px) 100vw, 1024px\" \/><\/figure>\n\n\n\n<figure class=\"wp-block-image size-large\"><img loading=\"lazy\" decoding=\"async\" width=\"1024\" height=\"769\" src=\"https:\/\/terezinskainiciativa.cz\/wp-content\/uploads\/2023\/12\/setkani7-1024x769.jpg\" alt=\"\" class=\"wp-image-737\" srcset=\"https:\/\/terezinskainiciativa.cz\/wp-content\/uploads\/2023\/12\/setkani7-1024x769.jpg 1024w, https:\/\/terezinskainiciativa.cz\/wp-content\/uploads\/2023\/12\/setkani7-300x225.jpg 300w, https:\/\/terezinskainiciativa.cz\/wp-content\/uploads\/2023\/12\/setkani7-768x577.jpg 768w, https:\/\/terezinskainiciativa.cz\/wp-content\/uploads\/2023\/12\/setkani7-1536x1153.jpg 1536w, https:\/\/terezinskainiciativa.cz\/wp-content\/uploads\/2023\/12\/setkani7-2048x1538.jpg 2048w, https:\/\/terezinskainiciativa.cz\/wp-content\/uploads\/2023\/12\/setkani7-1200x901.jpg 1200w, https:\/\/terezinskainiciativa.cz\/wp-content\/uploads\/2023\/12\/setkani7-1980x1487.jpg 1980w\" sizes=\"(max-width: 1024px) 100vw, 1024px\" \/><\/figure>\n\n\n\n<figure class=\"wp-block-image size-large\"><img loading=\"lazy\" decoding=\"async\" width=\"1024\" height=\"755\" src=\"https:\/\/terezinskainiciativa.cz\/wp-content\/uploads\/2023\/12\/Setkani_8-1024x755.jpg\" alt=\"\" class=\"wp-image-745\" srcset=\"https:\/\/terezinskainiciativa.cz\/wp-content\/uploads\/2023\/12\/Setkani_8-1024x755.jpg 1024w, https:\/\/terezinskainiciativa.cz\/wp-content\/uploads\/2023\/12\/Setkani_8-300x221.jpg 300w, https:\/\/terezinskainiciativa.cz\/wp-content\/uploads\/2023\/12\/Setkani_8-768x566.jpg 768w, https:\/\/terezinskainiciativa.cz\/wp-content\/uploads\/2023\/12\/Setkani_8-1536x1133.jpg 1536w, https:\/\/terezinskainiciativa.cz\/wp-content\/uploads\/2023\/12\/Setkani_8-1200x885.jpg 1200w, https:\/\/terezinskainiciativa.cz\/wp-content\/uploads\/2023\/12\/Setkani_8.jpg 1722w\" sizes=\"(max-width: 1024px) 100vw, 1024px\" \/><\/figure>\n\n\n\n<figure class=\"wp-block-image size-large\"><img loading=\"lazy\" decoding=\"async\" width=\"1024\" height=\"816\" src=\"https:\/\/terezinskainiciativa.cz\/wp-content\/uploads\/2023\/12\/Setkani_00-1024x816.jpg\" alt=\"\" class=\"wp-image-738\" srcset=\"https:\/\/terezinskainiciativa.cz\/wp-content\/uploads\/2023\/12\/Setkani_00-1024x816.jpg 1024w, https:\/\/terezinskainiciativa.cz\/wp-content\/uploads\/2023\/12\/Setkani_00-300x239.jpg 300w, https:\/\/terezinskainiciativa.cz\/wp-content\/uploads\/2023\/12\/Setkani_00-768x612.jpg 768w, https:\/\/terezinskainiciativa.cz\/wp-content\/uploads\/2023\/12\/Setkani_00-1200x956.jpg 1200w, https:\/\/terezinskainiciativa.cz\/wp-content\/uploads\/2023\/12\/Setkani_00.jpg 1280w\" sizes=\"(max-width: 1024px) 100vw, 1024px\" \/><\/figure>","protected":false},"excerpt":{"rendered":"<p>On the afternoon of December 6th, we gathered for coffee\/tea and strudel. Although the weather that day was really bad and the ice prevented many people from attending, more than twenty participants enjoyed the meeting. [\u2026]<\/p>","protected":false},"author":1,"featured_media":738,"comment_status":"closed","ping_status":"closed","sticky":false,"template":"","format":"standard","meta":{"footnotes":""},"categories":[27],"tags":[],"class_list":["post-735","post","type-post","status-publish","format-standard","has-post-thumbnail","hentry","category-archiv"],"yoast_head":"<!-- This site is optimized with the Yoast SEO plugin v21.9.1 - https:\/\/yoast.com\/wordpress\/plugins\/seo\/ -->\n<title>P\u0159edsv\u00e1te\u010dn\u00ed setk\u00e1n\u00ed \u010dlen\u016f TI<\/title>\n<meta name=\"description\" content=\"\u0160est\u00e9ho prosince odpoledne jsme se se\u0161li u k\u00e1vy\/\u010daje a \u0161tr\u016fdlu.\" \/>\n<meta name=\"robots\" content=\"index, follow, max-snippet:-1, max-image-preview:large, max-video-preview:-1\" \/>\n<link rel=\"canonical\" href=\"https:\/\/terezinskainiciativa.cz\/en\/archiv\/predsvatecni-setkani-clenu-ti\/\" \/>\n<meta property=\"og:locale\" content=\"en_US\" \/>\n<meta property=\"og:type\" content=\"article\" \/>\n<meta property=\"og:title\" content=\"P\u0159edsv\u00e1te\u010dn\u00ed setk\u00e1n\u00ed \u010dlen\u016f TI\" \/>\n<meta property=\"og:description\" content=\"\u0160est\u00e9ho prosince odpoledne jsme se se\u0161li u k\u00e1vy\/\u010daje a \u0161tr\u016fdlu.\" \/>\n<meta property=\"og:url\" content=\"https:\/\/terezinskainiciativa.cz\/en\/archiv\/predsvatecni-setkani-clenu-ti\/\" \/>\n<meta property=\"og:site_name\" content=\"Terez\u00ednsk\u00e1 iniciativa\" \/>\n<meta property=\"article:published_time\" content=\"2023-12-14T20:52:43+00:00\" \/>\n<meta property=\"article:modified_time\" content=\"2025-11-06T22:28:01+00:00\" \/>\n<meta property=\"og:image\" content=\"https:\/\/terezinskainiciativa.cz\/wp-content\/uploads\/2023\/12\/Setkani_00.jpg\" \/>\n\t<meta property=\"og:image:width\" content=\"1280\" \/>\n\t<meta property=\"og:image:height\" content=\"1020\" \/>\n\t<meta property=\"og:image:type\" content=\"image\/jpeg\" \/>\n<meta name=\"author\" content=\"TI\" \/>\n<meta name=\"twitter:card\" content=\"summary_large_image\" \/>\n<meta name=\"twitter:label1\" content=\"Written by\" \/>\n\t<meta name=\"twitter:data1\" content=\"TI\" \/>\n\t<meta name=\"twitter:label2\" content=\"Est. reading time\" \/>\n\t<meta name=\"twitter:data2\" content=\"3 minutes\" \/>\n<script type=\"application\/ld+json\" class=\"yoast-schema-graph\">{\"@context\":\"https:\/\/schema.org\",\"@graph\":[{\"@type\":\"Article\",\"@id\":\"https:\/\/terezinskainiciativa.cz\/archiv\/predsvatecni-setkani-clenu-ti\/#article\",\"isPartOf\":{\"@id\":\"https:\/\/terezinskainiciativa.cz\/archiv\/predsvatecni-setkani-clenu-ti\/\"},\"author\":{\"name\":\"TI\",\"@id\":\"https:\/\/terezinskainiciativa.cz\/#\/schema\/person\/19226cfe72c90058c84eed8ae52b2dcf\"},\"headline\":\"P\u0159edsv\u00e1te\u010dn\u00ed setk\u00e1n\u00ed \u010dlen\u016f TI\",\"datePublished\":\"2023-12-14T20:52:43+00:00\",\"dateModified\":\"2025-11-06T22:28:01+00:00\",\"mainEntityOfPage\":{\"@id\":\"https:\/\/terezinskainiciativa.cz\/archiv\/predsvatecni-setkani-clenu-ti\/\"},\"wordCount\":92,\"publisher\":{\"@id\":\"https:\/\/terezinskainiciativa.cz\/#organization\"},\"articleSection\":[\"Archiv\"],\"inLanguage\":\"en-US\"},{\"@type\":\"WebPage\",\"@id\":\"https:\/\/terezinskainiciativa.cz\/archiv\/predsvatecni-setkani-clenu-ti\/\",\"url\":\"https:\/\/terezinskainiciativa.cz\/archiv\/predsvatecni-setkani-clenu-ti\/\",\"name\":\"P\u0159edsv\u00e1te\u010dn\u00ed setk\u00e1n\u00ed \u010dlen\u016f TI\",\"isPartOf\":{\"@id\":\"https:\/\/terezinskainiciativa.cz\/#website\"},\"datePublished\":\"2023-12-14T20:52:43+00:00\",\"dateModified\":\"2025-11-06T22:28:01+00:00\",\"description\":\"\u0160est\u00e9ho prosince odpoledne jsme se se\u0161li u k\u00e1vy\/\u010daje a \u0161tr\u016fdlu.\",\"breadcrumb\":{\"@id\":\"https:\/\/terezinskainiciativa.cz\/archiv\/predsvatecni-setkani-clenu-ti\/#breadcrumb\"},\"inLanguage\":\"en-US\",\"potentialAction\":[{\"@type\":\"ReadAction\",\"target\":[\"https:\/\/terezinskainiciativa.cz\/archiv\/predsvatecni-setkani-clenu-ti\/\"]}]},{\"@type\":\"BreadcrumbList\",\"@id\":\"https:\/\/terezinskainiciativa.cz\/archiv\/predsvatecni-setkani-clenu-ti\/#breadcrumb\",\"itemListElement\":[{\"@type\":\"ListItem\",\"position\":1,\"name\":\"Dom\u016f\",\"item\":\"https:\/\/terezinskainiciativa.cz\/\"},{\"@type\":\"ListItem\",\"position\":2,\"name\":\"P\u0159edsv\u00e1te\u010dn\u00ed setk\u00e1n\u00ed \u010dlen\u016f TI\"}]},{\"@type\":\"WebSite\",\"@id\":\"https:\/\/terezinskainiciativa.cz\/#website\",\"url\":\"https:\/\/terezinskainiciativa.cz\/\",\"name\":\"Terez\u00ednsk\u00e1 iniciativa\",\"description\":\"TI je sdru\u017een\u00ed b\u00fdval\u00fdch v\u011bz\u0148\u016f terez\u00ednsk\u00e9ho ghetta a jejich p\u0159\u00edm\u00fdch potomk\u016f\",\"publisher\":{\"@id\":\"https:\/\/terezinskainiciativa.cz\/#organization\"},\"potentialAction\":[{\"@type\":\"SearchAction\",\"target\":{\"@type\":\"EntryPoint\",\"urlTemplate\":\"https:\/\/terezinskainiciativa.cz\/?s={search_term_string}\"},\"query-input\":\"required name=search_term_string\"}],\"inLanguage\":\"en-US\"},{\"@type\":\"Organization\",\"@id\":\"https:\/\/terezinskainiciativa.cz\/#organization\",\"name\":\"Terez\u00ednsk\u00e1 iniciativa\",\"url\":\"https:\/\/terezinskainiciativa.cz\/\",\"logo\":{\"@type\":\"ImageObject\",\"inLanguage\":\"en-US\",\"@id\":\"https:\/\/terezinskainiciativa.cz\/#\/schema\/logo\/image\/\",\"url\":\"https:\/\/terezinskainiciativa.cz\/wp-content\/uploads\/2022\/12\/cropped-ti-v2.png\",\"contentUrl\":\"https:\/\/terezinskainiciativa.cz\/wp-content\/uploads\/2022\/12\/cropped-ti-v2.png\",\"width\":242,\"height\":71,\"caption\":\"Terez\u00ednsk\u00e1 iniciativa\"},\"image\":{\"@id\":\"https:\/\/terezinskainiciativa.cz\/#\/schema\/logo\/image\/\"}},{\"@type\":\"Person\",\"@id\":\"https:\/\/terezinskainiciativa.cz\/#\/schema\/person\/19226cfe72c90058c84eed8ae52b2dcf\",\"name\":\"TI\",\"image\":{\"@type\":\"ImageObject\",\"inLanguage\":\"en-US\",\"@id\":\"https:\/\/terezinskainiciativa.cz\/#\/schema\/person\/image\/\",\"url\":\"https:\/\/secure.gravatar.com\/avatar\/c2d28ae173a6028f6ad18228439211d3?s=96&d=mm&r=g\",\"contentUrl\":\"https:\/\/secure.gravatar.com\/avatar\/c2d28ae173a6028f6ad18228439211d3?s=96&d=mm&r=g\",\"caption\":\"TI\"},\"sameAs\":[\"http:\/\/terezinskainiciativa.cz\"]}]}<\/script>\n<!-- \/ Yoast SEO plugin. -->","yoast_head_json":{"title":"P\u0159edsv\u00e1te\u010dn\u00ed setk\u00e1n\u00ed \u010dlen\u016f TI","description":"\u0160est\u00e9ho prosince odpoledne jsme se se\u0161li u k\u00e1vy\/\u010daje a \u0161tr\u016fdlu.","robots":{"index":"index","follow":"follow","max-snippet":"max-snippet:-1","max-image-preview":"max-image-preview:large","max-video-preview":"max-video-preview:-1"},"canonical":"https:\/\/terezinskainiciativa.cz\/en\/archiv\/predsvatecni-setkani-clenu-ti\/","og_locale":"en_US","og_type":"article","og_title":"P\u0159edsv\u00e1te\u010dn\u00ed setk\u00e1n\u00ed \u010dlen\u016f TI","og_description":"\u0160est\u00e9ho prosince odpoledne jsme se se\u0161li u k\u00e1vy\/\u010daje a \u0161tr\u016fdlu.","og_url":"https:\/\/terezinskainiciativa.cz\/en\/archiv\/predsvatecni-setkani-clenu-ti\/","og_site_name":"Terez\u00ednsk\u00e1 iniciativa","article_published_time":"2023-12-14T20:52:43+00:00","article_modified_time":"2025-11-06T22:28:01+00:00","og_image":[{"width":1280,"height":1020,"url":"https:\/\/terezinskainiciativa.cz\/wp-content\/uploads\/2023\/12\/Setkani_00.jpg","type":"image\/jpeg"}],"author":"TI","twitter_card":"summary_large_image","twitter_misc":{"Written by":"TI","Est. reading time":"3 minutes"},"schema":{"@context":"https:\/\/schema.org","@graph":[{"@type":"Article","@id":"https:\/\/terezinskainiciativa.cz\/archiv\/predsvatecni-setkani-clenu-ti\/#article","isPartOf":{"@id":"https:\/\/terezinskainiciativa.cz\/archiv\/predsvatecni-setkani-clenu-ti\/"},"author":{"name":"TI","@id":"https:\/\/terezinskainiciativa.cz\/#\/schema\/person\/19226cfe72c90058c84eed8ae52b2dcf"},"headline":"P\u0159edsv\u00e1te\u010dn\u00ed setk\u00e1n\u00ed \u010dlen\u016f TI","datePublished":"2023-12-14T20:52:43+00:00","dateModified":"2025-11-06T22:28:01+00:00","mainEntityOfPage":{"@id":"https:\/\/terezinskainiciativa.cz\/archiv\/predsvatecni-setkani-clenu-ti\/"},"wordCount":92,"publisher":{"@id":"https:\/\/terezinskainiciativa.cz\/#organization"},"articleSection":["Archiv"],"inLanguage":"en-US"},{"@type":"WebPage","@id":"https:\/\/terezinskainiciativa.cz\/archiv\/predsvatecni-setkani-clenu-ti\/","url":"https:\/\/terezinskainiciativa.cz\/archiv\/predsvatecni-setkani-clenu-ti\/","name":"P\u0159edsv\u00e1te\u010dn\u00ed setk\u00e1n\u00ed \u010dlen\u016f TI","isPartOf":{"@id":"https:\/\/terezinskainiciativa.cz\/#website"},"datePublished":"2023-12-14T20:52:43+00:00","dateModified":"2025-11-06T22:28:01+00:00","description":"\u0160est\u00e9ho prosince odpoledne jsme se se\u0161li u k\u00e1vy\/\u010daje a \u0161tr\u016fdlu.","breadcrumb":{"@id":"https:\/\/terezinskainiciativa.cz\/archiv\/predsvatecni-setkani-clenu-ti\/#breadcrumb"},"inLanguage":"en-US","potentialAction":[{"@type":"ReadAction","target":["https:\/\/terezinskainiciativa.cz\/archiv\/predsvatecni-setkani-clenu-ti\/"]}]},{"@type":"BreadcrumbList","@id":"https:\/\/terezinskainiciativa.cz\/archiv\/predsvatecni-setkani-clenu-ti\/#breadcrumb","itemListElement":[{"@type":"ListItem","position":1,"name":"Dom\u016f","item":"https:\/\/terezinskainiciativa.cz\/"},{"@type":"ListItem","position":2,"name":"P\u0159edsv\u00e1te\u010dn\u00ed setk\u00e1n\u00ed \u010dlen\u016f TI"}]},{"@type":"WebSite","@id":"https:\/\/terezinskainiciativa.cz\/#website","url":"https:\/\/terezinskainiciativa.cz\/","name":"Terez\u00ednsk\u00e1 iniciativa","description":"TI je sdru\u017een\u00ed b\u00fdval\u00fdch v\u011bz\u0148\u016f terez\u00ednsk\u00e9ho ghetta a jejich p\u0159\u00edm\u00fdch potomk\u016f","publisher":{"@id":"https:\/\/terezinskainiciativa.cz\/#organization"},"potentialAction":[{"@type":"SearchAction","target":{"@type":"EntryPoint","urlTemplate":"https:\/\/terezinskainiciativa.cz\/?s={search_term_string}"},"query-input":"required name=search_term_string"}],"inLanguage":"en-US"},{"@type":"Organization","@id":"https:\/\/terezinskainiciativa.cz\/#organization","name":"Terez\u00ednsk\u00e1 iniciativa","url":"https:\/\/terezinskainiciativa.cz\/","logo":{"@type":"ImageObject","inLanguage":"en-US","@id":"https:\/\/terezinskainiciativa.cz\/#\/schema\/logo\/image\/","url":"https:\/\/terezinskainiciativa.cz\/wp-content\/uploads\/2022\/12\/cropped-ti-v2.png","contentUrl":"https:\/\/terezinskainiciativa.cz\/wp-content\/uploads\/2022\/12\/cropped-ti-v2.png","width":242,"height":71,"caption":"Terez\u00ednsk\u00e1 iniciativa"},"image":{"@id":"https:\/\/terezinskainiciativa.cz\/#\/schema\/logo\/image\/"}},{"@type":"Person","@id":"https:\/\/terezinskainiciativa.cz\/#\/schema\/person\/19226cfe72c90058c84eed8ae52b2dcf","name":"TI","image":{"@type":"ImageObject","inLanguage":"en-US","@id":"https:\/\/terezinskainiciativa.cz\/#\/schema\/person\/image\/","url":"https:\/\/secure.gravatar.com\/avatar\/c2d28ae173a6028f6ad18228439211d3?s=96&d=mm&r=g","contentUrl":"https:\/\/secure.gravatar.com\/avatar\/c2d28ae173a6028f6ad18228439211d3?s=96&d=mm&r=g","caption":"TI"},"sameAs":["http:\/\/terezinskainiciativa.cz"]}]}},"_links":{"self":[{"href":"https:\/\/terezinskainiciativa.cz\/en\/wp-json\/wp\/v2\/posts\/735"}],"collection":[{"href":"https:\/\/terezinskainiciativa.cz\/en\/wp-json\/wp\/v2\/posts"}],"about":[{"href":"https:\/\/terezinskainiciativa.cz\/en\/wp-json\/wp\/v2\/types\/post"}],"author":[{"embeddable":true,"href":"https:\/\/terezinskainiciativa.cz\/en\/wp-json\/wp\/v2\/users\/1"}],"replies":[{"embeddable":true,"href":"https:\/\/terezinskainiciativa.cz\/en\/wp-json\/wp\/v2\/comments?post=735"}],"version-history":[{"count":4,"href":"https:\/\/terezinskainiciativa.cz\/en\/wp-json\/wp\/v2\/posts\/735\/revisions"}],"predecessor-version":[{"id":946,"href":"https:\/\/terezinskainiciativa.cz\/en\/wp-json\/wp\/v2\/posts\/735\/revisions\/946"}],"wp:featuredmedia":[{"embeddable":true,"href":"https:\/\/terezinskainiciativa.cz\/en\/wp-json\/wp\/v2\/media\/738"}],"wp:attachment":[{"href":"https:\/\/terezinskainiciativa.cz\/en\/wp-json\/wp\/v2\/media?parent=735"}],"wp:term":[{"taxonomy":"category","embeddable":true,"href":"https:\/\/terezinskainiciativa.cz\/en\/wp-json\/wp\/v2\/categories?post=735"},{"taxonomy":"post_tag","embeddable":true,"href":"https:\/\/terezinskainiciativa.cz\/en\/wp-json\/wp\/v2\/tags?post=735"}],"curies":[{"name":"wp","href":"https:\/\/api.w.org\/{rel}","templated":true}]}}