{"id":851,"date":"2024-10-12T18:37:31","date_gmt":"2024-10-12T16:37:31","guid":{"rendered":"https:\/\/terezinskainiciativa.cz\/?p=851"},"modified":"2025-11-06T23:30:04","modified_gmt":"2025-11-06T22:30:04","slug":"snem-clenu-2024","status":"publish","type":"post","link":"https:\/\/terezinskainiciativa.cz\/en\/archiv\/snem-clenu-2024\/","title":{"rendered":"Sn\u011bm \u010dlen\u016f 2024"},"content":{"rendered":"<figure class=\"wp-block-image size-full is-resized\"><img loading=\"lazy\" decoding=\"async\" width=\"839\" height=\"975\" src=\"https:\/\/terezinskainiciativa.cz\/wp-content\/uploads\/2024\/10\/obrazek.png\" alt=\"\" class=\"wp-image-852\" style=\"width:1450px;height:auto\" srcset=\"https:\/\/terezinskainiciativa.cz\/wp-content\/uploads\/2024\/10\/obrazek.png 839w, https:\/\/terezinskainiciativa.cz\/wp-content\/uploads\/2024\/10\/obrazek-258x300.png 258w, https:\/\/terezinskainiciativa.cz\/wp-content\/uploads\/2024\/10\/obrazek-768x892.png 768w, https:\/\/terezinskainiciativa.cz\/wp-content\/uploads\/2024\/10\/obrazek-10x12.png 10w\" sizes=\"(max-width: 839px) 100vw, 839px\" \/><\/figure>","protected":false},"excerpt":{"rendered":"","protected":false},"author":1,"featured_media":0,"comment_status":"closed","ping_status":"closed","sticky":false,"template":"","format":"standard","meta":{"footnotes":""},"categories":[27],"tags":[],"class_list":["post-851","post","type-post","status-publish","format-standard","hentry","category-archiv"],"yoast_head":"<!-- This site is optimized with the Yoast SEO plugin v21.9.1 - https:\/\/yoast.com\/wordpress\/plugins\/seo\/ -->\n<title>Sn\u011bm \u010dlen\u016f 2024<\/title>\n<meta name=\"robots\" content=\"index, follow, max-snippet:-1, max-image-preview:large, max-video-preview:-1\" \/>\n<link rel=\"canonical\" href=\"https:\/\/terezinskainiciativa.cz\/en\/archiv\/snem-clenu-2024\/\" \/>\n<meta property=\"og:locale\" content=\"en_US\" \/>\n<meta property=\"og:type\" content=\"article\" \/>\n<meta property=\"og:title\" content=\"Sn\u011bm \u010dlen\u016f 2024\" \/>\n<meta property=\"og:url\" content=\"https:\/\/terezinskainiciativa.cz\/en\/archiv\/snem-clenu-2024\/\" \/>\n<meta property=\"og:site_name\" content=\"Terez\u00ednsk\u00e1 iniciativa\" \/>\n<meta property=\"article:published_time\" content=\"2024-10-12T16:37:31+00:00\" \/>\n<meta property=\"article:modified_time\" content=\"2025-11-06T22:30:04+00:00\" \/>\n<meta property=\"og:image\" content=\"https:\/\/terezinskainiciativa.cz\/wp-content\/uploads\/2024\/10\/obrazek.png\" \/>\n<meta name=\"author\" content=\"TI\" \/>\n<meta name=\"twitter:card\" content=\"summary_large_image\" \/>\n<meta name=\"twitter:label1\" content=\"Written by\" \/>\n\t<meta name=\"twitter:data1\" content=\"TI\" \/>\n\t<meta name=\"twitter:label2\" content=\"Est. reading time\" \/>\n\t<meta name=\"twitter:data2\" content=\"1 minute\" \/>\n<script type=\"application\/ld+json\" class=\"yoast-schema-graph\">{\"@context\":\"https:\/\/schema.org\",\"@graph\":[{\"@type\":\"Article\",\"@id\":\"https:\/\/terezinskainiciativa.cz\/archiv\/snem-clenu-2024\/#article\",\"isPartOf\":{\"@id\":\"https:\/\/terezinskainiciativa.cz\/archiv\/snem-clenu-2024\/\"},\"author\":{\"name\":\"TI\",\"@id\":\"https:\/\/terezinskainiciativa.cz\/#\/schema\/person\/19226cfe72c90058c84eed8ae52b2dcf\"},\"headline\":\"Sn\u011bm \u010dlen\u016f 2024\",\"datePublished\":\"2024-10-12T16:37:31+00:00\",\"dateModified\":\"2025-11-06T22:30:04+00:00\",\"mainEntityOfPage\":{\"@id\":\"https:\/\/terezinskainiciativa.cz\/archiv\/snem-clenu-2024\/\"},\"wordCount\":3,\"publisher\":{\"@id\":\"https:\/\/terezinskainiciativa.cz\/#organization\"},\"articleSection\":[\"Archiv\"],\"inLanguage\":\"en-US\"},{\"@type\":\"WebPage\",\"@id\":\"https:\/\/terezinskainiciativa.cz\/archiv\/snem-clenu-2024\/\",\"url\":\"https:\/\/terezinskainiciativa.cz\/archiv\/snem-clenu-2024\/\",\"name\":\"Sn\u011bm \u010dlen\u016f 2024\",\"isPartOf\":{\"@id\":\"https:\/\/terezinskainiciativa.cz\/#website\"},\"datePublished\":\"2024-10-12T16:37:31+00:00\",\"dateModified\":\"2025-11-06T22:30:04+00:00\",\"breadcrumb\":{\"@id\":\"https:\/\/terezinskainiciativa.cz\/archiv\/snem-clenu-2024\/#breadcrumb\"},\"inLanguage\":\"en-US\",\"potentialAction\":[{\"@type\":\"ReadAction\",\"target\":[\"https:\/\/terezinskainiciativa.cz\/archiv\/snem-clenu-2024\/\"]}]},{\"@type\":\"BreadcrumbList\",\"@id\":\"https:\/\/terezinskainiciativa.cz\/archiv\/snem-clenu-2024\/#breadcrumb\",\"itemListElement\":[{\"@type\":\"ListItem\",\"position\":1,\"name\":\"Dom\u016f\",\"item\":\"https:\/\/terezinskainiciativa.cz\/\"},{\"@type\":\"ListItem\",\"position\":2,\"name\":\"Sn\u011bm \u010dlen\u016f 2024\"}]},{\"@type\":\"WebSite\",\"@id\":\"https:\/\/terezinskainiciativa.cz\/#website\",\"url\":\"https:\/\/terezinskainiciativa.cz\/\",\"name\":\"Terez\u00ednsk\u00e1 iniciativa\",\"description\":\"TI je sdru\u017een\u00ed b\u00fdval\u00fdch v\u011bz\u0148\u016f terez\u00ednsk\u00e9ho ghetta a jejich p\u0159\u00edm\u00fdch potomk\u016f\",\"publisher\":{\"@id\":\"https:\/\/terezinskainiciativa.cz\/#organization\"},\"potentialAction\":[{\"@type\":\"SearchAction\",\"target\":{\"@type\":\"EntryPoint\",\"urlTemplate\":\"https:\/\/terezinskainiciativa.cz\/?s={search_term_string}\"},\"query-input\":\"required name=search_term_string\"}],\"inLanguage\":\"en-US\"},{\"@type\":\"Organization\",\"@id\":\"https:\/\/terezinskainiciativa.cz\/#organization\",\"name\":\"Terez\u00ednsk\u00e1 iniciativa\",\"url\":\"https:\/\/terezinskainiciativa.cz\/\",\"logo\":{\"@type\":\"ImageObject\",\"inLanguage\":\"en-US\",\"@id\":\"https:\/\/terezinskainiciativa.cz\/#\/schema\/logo\/image\/\",\"url\":\"https:\/\/terezinskainiciativa.cz\/wp-content\/uploads\/2022\/12\/cropped-ti-v2.png\",\"contentUrl\":\"https:\/\/terezinskainiciativa.cz\/wp-content\/uploads\/2022\/12\/cropped-ti-v2.png\",\"width\":242,\"height\":71,\"caption\":\"Terez\u00ednsk\u00e1 iniciativa\"},\"image\":{\"@id\":\"https:\/\/terezinskainiciativa.cz\/#\/schema\/logo\/image\/\"}},{\"@type\":\"Person\",\"@id\":\"https:\/\/terezinskainiciativa.cz\/#\/schema\/person\/19226cfe72c90058c84eed8ae52b2dcf\",\"name\":\"TI\",\"image\":{\"@type\":\"ImageObject\",\"inLanguage\":\"en-US\",\"@id\":\"https:\/\/terezinskainiciativa.cz\/#\/schema\/person\/image\/\",\"url\":\"https:\/\/secure.gravatar.com\/avatar\/c2d28ae173a6028f6ad18228439211d3?s=96&d=mm&r=g\",\"contentUrl\":\"https:\/\/secure.gravatar.com\/avatar\/c2d28ae173a6028f6ad18228439211d3?s=96&d=mm&r=g\",\"caption\":\"TI\"},\"sameAs\":[\"http:\/\/terezinskainiciativa.cz\"]}]}<\/script>\n<!-- \/ Yoast SEO plugin. -->","yoast_head_json":{"title":"Sn\u011bm \u010dlen\u016f 2024","robots":{"index":"index","follow":"follow","max-snippet":"max-snippet:-1","max-image-preview":"max-image-preview:large","max-video-preview":"max-video-preview:-1"},"canonical":"https:\/\/terezinskainiciativa.cz\/en\/archiv\/snem-clenu-2024\/","og_locale":"en_US","og_type":"article","og_title":"Sn\u011bm \u010dlen\u016f 2024","og_url":"https:\/\/terezinskainiciativa.cz\/en\/archiv\/snem-clenu-2024\/","og_site_name":"Terez\u00ednsk\u00e1 iniciativa","article_published_time":"2024-10-12T16:37:31+00:00","article_modified_time":"2025-11-06T22:30:04+00:00","og_image":[{"url":"https:\/\/terezinskainiciativa.cz\/wp-content\/uploads\/2024\/10\/obrazek.png"}],"author":"TI","twitter_card":"summary_large_image","twitter_misc":{"Written by":"TI","Est. reading time":"1 minute"},"schema":{"@context":"https:\/\/schema.org","@graph":[{"@type":"Article","@id":"https:\/\/terezinskainiciativa.cz\/archiv\/snem-clenu-2024\/#article","isPartOf":{"@id":"https:\/\/terezinskainiciativa.cz\/archiv\/snem-clenu-2024\/"},"author":{"name":"TI","@id":"https:\/\/terezinskainiciativa.cz\/#\/schema\/person\/19226cfe72c90058c84eed8ae52b2dcf"},"headline":"Sn\u011bm \u010dlen\u016f 2024","datePublished":"2024-10-12T16:37:31+00:00","dateModified":"2025-11-06T22:30:04+00:00","mainEntityOfPage":{"@id":"https:\/\/terezinskainiciativa.cz\/archiv\/snem-clenu-2024\/"},"wordCount":3,"publisher":{"@id":"https:\/\/terezinskainiciativa.cz\/#organization"},"articleSection":["Archiv"],"inLanguage":"en-US"},{"@type":"WebPage","@id":"https:\/\/terezinskainiciativa.cz\/archiv\/snem-clenu-2024\/","url":"https:\/\/terezinskainiciativa.cz\/archiv\/snem-clenu-2024\/","name":"Sn\u011bm \u010dlen\u016f 2024","isPartOf":{"@id":"https:\/\/terezinskainiciativa.cz\/#website"},"datePublished":"2024-10-12T16:37:31+00:00","dateModified":"2025-11-06T22:30:04+00:00","breadcrumb":{"@id":"https:\/\/terezinskainiciativa.cz\/archiv\/snem-clenu-2024\/#breadcrumb"},"inLanguage":"en-US","potentialAction":[{"@type":"ReadAction","target":["https:\/\/terezinskainiciativa.cz\/archiv\/snem-clenu-2024\/"]}]},{"@type":"BreadcrumbList","@id":"https:\/\/terezinskainiciativa.cz\/archiv\/snem-clenu-2024\/#breadcrumb","itemListElement":[{"@type":"ListItem","position":1,"name":"Dom\u016f","item":"https:\/\/terezinskainiciativa.cz\/"},{"@type":"ListItem","position":2,"name":"Sn\u011bm \u010dlen\u016f 2024"}]},{"@type":"WebSite","@id":"https:\/\/terezinskainiciativa.cz\/#website","url":"https:\/\/terezinskainiciativa.cz\/","name":"Terez\u00ednsk\u00e1 iniciativa","description":"TI je sdru\u017een\u00ed b\u00fdval\u00fdch v\u011bz\u0148\u016f terez\u00ednsk\u00e9ho ghetta a jejich p\u0159\u00edm\u00fdch potomk\u016f","publisher":{"@id":"https:\/\/terezinskainiciativa.cz\/#organization"},"potentialAction":[{"@type":"SearchAction","target":{"@type":"EntryPoint","urlTemplate":"https:\/\/terezinskainiciativa.cz\/?s={search_term_string}"},"query-input":"required name=search_term_string"}],"inLanguage":"en-US"},{"@type":"Organization","@id":"https:\/\/terezinskainiciativa.cz\/#organization","name":"Terez\u00ednsk\u00e1 iniciativa","url":"https:\/\/terezinskainiciativa.cz\/","logo":{"@type":"ImageObject","inLanguage":"en-US","@id":"https:\/\/terezinskainiciativa.cz\/#\/schema\/logo\/image\/","url":"https:\/\/terezinskainiciativa.cz\/wp-content\/uploads\/2022\/12\/cropped-ti-v2.png","contentUrl":"https:\/\/terezinskainiciativa.cz\/wp-content\/uploads\/2022\/12\/cropped-ti-v2.png","width":242,"height":71,"caption":"Terez\u00ednsk\u00e1 iniciativa"},"image":{"@id":"https:\/\/terezinskainiciativa.cz\/#\/schema\/logo\/image\/"}},{"@type":"Person","@id":"https:\/\/terezinskainiciativa.cz\/#\/schema\/person\/19226cfe72c90058c84eed8ae52b2dcf","name":"TI","image":{"@type":"ImageObject","inLanguage":"en-US","@id":"https:\/\/terezinskainiciativa.cz\/#\/schema\/person\/image\/","url":"https:\/\/secure.gravatar.com\/avatar\/c2d28ae173a6028f6ad18228439211d3?s=96&d=mm&r=g","contentUrl":"https:\/\/secure.gravatar.com\/avatar\/c2d28ae173a6028f6ad18228439211d3?s=96&d=mm&r=g","caption":"TI"},"sameAs":["http:\/\/terezinskainiciativa.cz"]}]}},"_links":{"self":[{"href":"https:\/\/terezinskainiciativa.cz\/en\/wp-json\/wp\/v2\/posts\/851"}],"collection":[{"href":"https:\/\/terezinskainiciativa.cz\/en\/wp-json\/wp\/v2\/posts"}],"about":[{"href":"https:\/\/terezinskainiciativa.cz\/en\/wp-json\/wp\/v2\/types\/post"}],"author":[{"embeddable":true,"href":"https:\/\/terezinskainiciativa.cz\/en\/wp-json\/wp\/v2\/users\/1"}],"replies":[{"embeddable":true,"href":"https:\/\/terezinskainiciativa.cz\/en\/wp-json\/wp\/v2\/comments?post=851"}],"version-history":[{"count":1,"href":"https:\/\/terezinskainiciativa.cz\/en\/wp-json\/wp\/v2\/posts\/851\/revisions"}],"predecessor-version":[{"id":853,"href":"https:\/\/terezinskainiciativa.cz\/en\/wp-json\/wp\/v2\/posts\/851\/revisions\/853"}],"wp:attachment":[{"href":"https:\/\/terezinskainiciativa.cz\/en\/wp-json\/wp\/v2\/media?parent=851"}],"wp:term":[{"taxonomy":"category","embeddable":true,"href":"https:\/\/terezinskainiciativa.cz\/en\/wp-json\/wp\/v2\/categories?post=851"},{"taxonomy":"post_tag","embeddable":true,"href":"https:\/\/terezinskainiciativa.cz\/en\/wp-json\/wp\/v2\/tags?post=851"}],"curies":[{"name":"wp","href":"https:\/\/api.w.org\/{rel}","templated":true}]}}