{"id":873,"date":"2024-10-19T15:27:52","date_gmt":"2024-10-19T13:27:52","guid":{"rendered":"https:\/\/terezinskainiciativa.cz\/?p=873"},"modified":"2025-11-06T23:30:02","modified_gmt":"2025-11-06T22:30:02","slug":"tatinku","status":"publish","type":"post","link":"https:\/\/terezinskainiciativa.cz\/en\/archiv\/tatinku\/","title":{"rendered":"Tat\u00ednku!"},"content":{"rendered":"<p>Jeden m\u016fj pravnou\u010dek se jmenuje po Tob\u011b, T\u00e1to. Blon\u010f\u00e1\u010dek s modrejma o\u010dima.<br>Leto\u0161n\u00ed, neb\u00fdvale n\u00e1dhern\u00fd indi\u00e1nsk\u00fd podzim m\u011b om\u00e1mil. Sed\u011bl jsem na lavi\u010dce p\u0159ed domkem a neskromn\u011b jsem zatou\u017eil T\u011b vyhledat. Uv\u011b\u0159il jsem, \u017ee laskav\u00e1 a von\u00edc\u00ed noc, \u010dern\u00e1 a hlubok\u00e1, tady za\u010d\u00edn\u00e1, a kon\u010d\u00ed u Tebe. Oslniv\u00e1 z\u00e1\u0159 couvaj\u00edc\u00edho m\u011bs\u00edce a lehk\u00fd v\u00e1nek, osedlan\u00fd \u010dasem, m\u011b tichounce a n\u011b\u017en\u011b zanesl na m\u016fj prvn\u00ed skautsk\u00fd t\u00e1bor. Na no\u010dn\u00ed hl\u00eddku v zachumlan\u00e9 dece. Zaslechl jsem \u0161evel z ukryt\u00fdch hn\u00edzd sp\u00edc\u00edch pt\u00e1k\u016f, zavrz\u00e1n\u00ed my\u0161ek loud\u00edc\u00edch zbytky chleba z pozdn\u00ed ve\u010de\u0159e, o\u010di s jistotou rozezn\u00e1valy a obdivovaly vzd\u00e1len\u00e1 stromo\u0159ad\u00ed. Zavon\u011bla \u010dist\u00e1 v\u016fn\u011b rann\u00edho de\u0161t\u00edku. V\u0161echny smysly zanedban\u00e9 \u00fanavou let se hl\u00e1sily. Zacht\u011blo se mi \u2013 a ne\u0161lo zabr\u00e1nit touze \u2013 ulehnout pod \u0161ir\u00e1kem s o\u010dima do posledn\u00edho bd\u011bn\u00ed up\u0159en\u00fdma k nebi \u2013 do nekone\u010dna. Srdce se ozvalo: \u201eAno, m\u00e1m d\u016fvod b\u00edt.\u201c Let\u011bl jsem, T\u00e1to. Cht\u011bl jsem b\u00fdt s Tebou a v\u0161echno Ti \u0159\u00edct. V t\u00e9 nekone\u010dn\u00e9 chv\u00edli okouzlen\u00ed jsem v\u011bd\u011bl, \u017ee m\u011b vid\u00ed\u0161 a chce\u0161 se zeptat, co bylo tady bez Tebe, kdy\u017e jsi tak brzo ode\u0161el. U\u017e jsem m\u011bl nakro\u010deno na tr\u00e1vn\u00edk, do zahr\u00e1dky, ale zalekl jsem se, \u017ee se probud\u00edm zml\u00e1cen\u00fd a pol\u00e1man\u00fd, \u017ee m\u011b rann\u00ed chodci p\u0159es plot uvid\u00ed a pomysl\u00ed si, \u017ee jsem o\u017eralej podivnej d\u011bdek a je mi 87 let. Tak jsem sed\u011bl. Vz\u00e1cn\u00e1 \u017eivotod\u00e1rn\u00e1 s\u00edla mi vt\u00e9kala do tepen a \u017eil. A nic nebolelo. Vz\u00e1cnost! D\u011bkoval jsem za z\u00e1zrak, za v\u00edru, \u017ee jsem byl, T\u00e1to, s Tebou. S Tebou, kter\u00e9ho jsem vid\u011bl naposledy, kdy\u017e mi byly dva roky. Pak jsem usnul.<br>Pot\u0159ebuju T\u011b, T\u00e1to. N\u011bkdy je mi moc ouzko a Ty tady nejsi na rozumn\u00fd \u201emu\u017esk\u00fd\u201c slova. Pokus\u00edm se T\u011b naj\u00edt i ve vzpom\u00ednk\u00e1ch bl\u00edzk\u00fdch.<br>Ty jsi se narodil v roce 1882. Devaten\u00e1ct\u00e9 stolet\u00ed. J\u00e1 ve stolet\u00ed dvac\u00e1t\u00e9m. Te\u010f u\u017e je o stolet\u00ed v\u00edc. Tak hluboce ko\u0159en\u00edme. T\u0159i sta let!<br>N\u011bkolik zanedbateln\u00fdch let p\u0159ed Tv\u00fdm narozen\u00edm napsal geni\u00e1ln\u00ed Karel Hynek M\u00e1cha M\u00e1j. V\u011b\u0159\u00edm tomu, \u017ee Tvoje budouc\u00ed maminka, kter\u00e9 bylo n\u011bco kolem dvaceti, propadla kouzlu b\u00e1sn\u011b, \u017ee jsi mo\u017en\u00e1 po\u010dat, kdy\u017e hrdli\u010d\u010din zval ku l\u00e1sce hlas, \u017ee i proto jsi dostal jm\u00e9no hrdiny. Vil\u00e9m. Vil\u00e9m. Tv\u016fj pra, pra vnou\u010dek je tady vlastn\u011b za Tebe. Tat\u00ednku Vil\u00e9me.<br>T\u011bsn\u011b p\u0159ed tou d\u011bsnou nelidskou v\u00e1lkou, kter\u00e1 zabila tis\u00edce tat\u00ednk\u016f, jsme byli s m\u00e1mou v cirkuse. Cvi\u010den\u00e1 zv\u00ed\u0159\u00e1tka m\u011b nebavila, cht\u011bl jsem dom\u016f. A n\u00e1hle obrat. Dva clowni. Jeden nesl ku\u0161i a druh\u00fd \u010derven\u00e9 jablko. St\u0159elec postavil kolegu doprost\u0159ed man\u00e9\u017ee, na hlavu posadil jabl\u00ed\u010dko, oto\u010dil se, poode\u0161el a cht\u011bl jablko z hlavy clowna sest\u0159elit. Sotva se oto\u010dil, popadl chytr\u00e1k jabl\u00ed\u010dko, kus ukousl a rychle vr\u00e1til na hlavu. St\u0159elec zklaman\u011b popo\u0161el, jablko pooto\u010dil a znovu kr\u00e1\u010del na st\u0159elnou \u010d\u00e1ru. Cel\u00e9 se to opakovalo. Mlsn\u00fd chytr\u00e1k vyu\u017eil nepozornosti st\u0159elce a ukousl dal\u0161\u00ed kousek. Pot\u0159et\u00ed, kdy\u017e u\u017e rozzloben\u00fd ostrost\u0159elec cht\u011bl zam\u00ed\u0159it, nebylo kam. Jablko bylo sn\u011bdeno. Ne\u00fasp\u011b\u0161n\u00fd st\u0159elec v zelen\u00e9m tyrol\u00e1ck\u00e9m kab\u00e1tku rozpa\u010dit\u011b poklepal na svoji hru\u010f: \u201eVil\u00e9m Tell,\u201c a uk\u00e1zal na kolegu \u201eA Vil\u00e9ma Telete syn!\u201c Otec v z\u00e1chvatu sm\u00edchu radostn\u011b na cel\u00e9 \u0161apit\u00f3 volal: \u201eTy jsi, chlape\u010dku, Vil\u00e9ma telete syn!\u201c \u0160t\u011bst\u00edm oz\u00e1\u0159en\u00fd tat\u00ednek s milovanou \u017eenou a dvoulet\u00fdm chlape\u010dkem. Moje jedin\u00e1 vzpom\u00ednka na \u0161t\u011bst\u00ed. \u201eTy jsi, Honz\u00edku, Vil\u00e9ma telete syn!\u201c<br>M\u011bste\u010dko, ve kter\u00e9m jsme \u017eili, v ulici Dr. Emila Holuba, africk\u00e9ho cestovatele, bylo plno pta\u010d\u00edch jmen. \u010c\u00ed\u017ekovi, Strnadovi, Vrabcovi, Kosovi, \u0160pa\u010dkovi. . . Maminka \u201ed\u011bv\u010dat\u016fm ve zp\u011bvu\u201c \u0159\u00edkala: \u201eJsem r\u00e1da, \u017ee jsme pt\u00e1ci nejv\u011bt\u0161\u00ed.\u201c Byl m\u00edr. Skv\u011bl\u00e9 boti\u010dky na\u0161ich \u0161evc\u016f se prod\u00e1valy. Slavnostn\u00ed pokoj s mahagonov\u00fdm n\u00e1bytkem, persk\u00fd koberec poset\u00fd orient\u00e1ln\u00edm kv\u00edt\u00edm, t\u00e1tova knihovna, lustr pln\u00fd sklen\u011bn\u00e9ho ovoce, br\u00e1cha Pavel, pr\u00fd \u201ecel\u00fd t\u00e1ta\u201c, a j\u00e1.<br>Na n\u00e1v\u0161t\u011bvu p\u0159ij\u00ed\u017ed\u011bli obchodn\u00ed cestuj\u00edc\u00ed: \u201ePane in\u017een\u00fdre, v N\u011bmecku se d\u011bjou podivn\u00fd v\u011bci. Antisionismus, antisemitismus, anti. . . anti. . . \u017eidi pr\u00fd za v\u0161echno m\u016f\u017eou. Chystaj\u00ed drastick\u00e9 z\u00e1kony. Drancuj\u00ed obchody, nen\u00e1vid\u00ed!!!\u201c<br>\u201ePros\u00edm v\u00e1s, nepropadejte panice. J\u00e1 N\u011bmce zn\u00e1m. Studoval jsem v Darmstadtu, \u017eil l\u00e9ta na univerzit\u011b, hr\u00e1val se spolu\u017e\u00e1ky na piano. Goethe, Schiller, Beethoven. \u00d3da na radost. Nedejte na k\u0159iklouny!\u201c upokojoval hosty i vypla\u0161enou maminku tat\u00ednek. Sedl si k pianu a hr\u00e1l kousky z Mozarta. Kouzeln\u00e1 fl\u00e9tna. Norimbersk\u00e9 z\u00e1kony!!!<br>Mnichov. Zrada. Z\u00e1bor hranic. Ohryzan\u00e1 republika. T\u00e1ta obchodoval s pohrani\u010d\u00edm. Z\u00e1silky neprodan\u00fdch bot! Nemohl spl\u00e1cet za k\u016f\u017ee. Byl na dn\u011b. Dor\u016fstaj\u00edc\u00ed bratr Pavel byl n\u00e1hle v nebezpe\u010d\u00ed koncentr\u00e1ku. Zoufal\u00fd, miluj\u00edc\u00ed tat\u00ednek byl s\u00e1m. M\u011bste\u010dko se odcizilo. Po vrzaj\u00edc\u00edch schodech u\u017e ciz\u00edho domu \u0161el na p\u016fdu. Do nejvzd\u00e1len\u011bj\u0161\u00edho kouta nad fabri\u010dkou, ve \u0161kv\u00edr\u00e1ch st\u0159e\u0161n\u00edch ta\u0161ek vid\u011bl sv\u011btlo. . . a u\u017e se nevr\u00e1til.<br>Dra\u017eba pod n\u011bmeckou spr\u00e1vou. V\u0161echno padlo na dluhy. Zbyla t\u00e1tova knihovna. Tolstoj, Dostojevsk\u00fd, d\u011bjiny sv\u011btov\u00e9ho mal\u00ed\u0159stv\u00ed, Faust, Hamlet, M\u00e1j.<br>Mezi t\u011bmi \u0159\u00e1dky le\u017e\u00ed cel\u00fd \u017eivot. A Ty tady nejsi. Kdy\u017e m\u011b smutn\u00e1 maminka po \u010dase odtajnila, jak to v\u0161echno bylo, prosila m\u011b a zavazovala: \u201eM\u011bla jsem s t\u00e1tou n\u00e1dhern\u00fd \u017eivot, milovala jsem ho a on miloval n\u00e1s. Znal jenom asi deset \u017eidovsk\u00fdch slov. Niksm\u00f3chr, nebochant, plajte. Pros\u00edm T\u011b, zapome\u0148! Nad slu\u0161n\u00fdmi lidmi se vzn\u00e1\u0161\u00ed kletba. Podivn\u00e1, obludn\u00e1, nekone\u010dn\u00e1!\u201c M\u016fj state\u010dn\u00fd Tat\u00ednku, bol\u00ed m\u011b srdce.<\/p>\n\n\n\n<p>Kdo srdci tak\u00e9mu \u00fat\u011bchy jak\u00e9 d\u00e1?<br>Bez konce l\u00e1ska je! \u2013 Zklam\u00e1na\u0165 l\u00e1ska m\u00e1!<br>Tis\u00edcilet\u00e1 zr\u016fdn\u00e1 nen\u00e1vist vra\u017ed\u00ed mu\u017ee, \u017eeny, \u0159e\u017ee hlavy d\u011btem. Vra\u017ed\u011bn\u00ed nevi\u0148\u00e1tek. Bo\u017ee! T\u00e1to, pro\u010d jsi m\u011b opustil?!<\/p>\n\n\n\n<p>Je pozdn\u00ed ve\u010der. . .<br>Zve ku l\u00e1sce hlas<br>Hynku \u2013 Vil\u00e9me \u2013 Jarmilo!<\/p>\n\n\n\n<p>Kde jste, lidi? Vil\u00e9me, Vil\u00e9me, blon\u010fat\u00fd chlape\u010dku, kde jsi?<br>BOJ\u00cdM SE O TEBE.<\/p>\n\n\n\n<figure class=\"wp-block-image size-large is-resized\"><img loading=\"lazy\" decoding=\"async\" width=\"810\" height=\"1024\" src=\"https:\/\/terezinskainiciativa.cz\/wp-content\/uploads\/2024\/10\/foto-Kacer-Jan-810x1024.jpg\" alt=\"\" class=\"wp-image-874\" style=\"width:1450px;height:auto\" srcset=\"https:\/\/terezinskainiciativa.cz\/wp-content\/uploads\/2024\/10\/foto-Kacer-Jan-810x1024.jpg 810w, https:\/\/terezinskainiciativa.cz\/wp-content\/uploads\/2024\/10\/foto-Kacer-Jan-237x300.jpg 237w, https:\/\/terezinskainiciativa.cz\/wp-content\/uploads\/2024\/10\/foto-Kacer-Jan-768x971.jpg 768w, https:\/\/terezinskainiciativa.cz\/wp-content\/uploads\/2024\/10\/foto-Kacer-Jan-1215x1536.jpg 1215w, https:\/\/terezinskainiciativa.cz\/wp-content\/uploads\/2024\/10\/foto-Kacer-Jan-1620x2048.jpg 1620w, https:\/\/terezinskainiciativa.cz\/wp-content\/uploads\/2024\/10\/foto-Kacer-Jan-9x12.jpg 9w, https:\/\/terezinskainiciativa.cz\/wp-content\/uploads\/2024\/10\/foto-Kacer-Jan-1200x1517.jpg 1200w, https:\/\/terezinskainiciativa.cz\/wp-content\/uploads\/2024\/10\/foto-Kacer-Jan-1980x2504.jpg 1980w, https:\/\/terezinskainiciativa.cz\/wp-content\/uploads\/2024\/10\/foto-Kacer-Jan.jpg 2007w\" sizes=\"(max-width: 810px) 100vw, 810px\" \/><\/figure>\n\n\n\n<p><strong>V p\u016fli \u0159\u00edjna 2023 Jan Ka\u010der<\/strong><\/p>","protected":false},"excerpt":{"rendered":"<p>Jeden m\u016fj pravnou\u010dek se jmenuje po Tob\u011b, T\u00e1to. Blon\u010f\u00e1\u010dek s modrejma o\u010dima.Leto\u0161n\u00ed, neb\u00fdvale n\u00e1dhern\u00fd indi\u00e1nsk\u00fd podzim m\u011b om\u00e1mil. Sed\u011bl jsem na lavi\u010dce p\u0159ed domkem a neskromn\u011b jsem zatou\u017eil T\u011b vyhledat. [&hellip;]<\/p>","protected":false},"author":1,"featured_media":0,"comment_status":"closed","ping_status":"closed","sticky":false,"template":"","format":"standard","meta":{"footnotes":""},"categories":[27],"tags":[],"class_list":["post-873","post","type-post","status-publish","format-standard","hentry","category-archiv"],"yoast_head":"<!-- This site is optimized with the Yoast SEO plugin v21.9.1 - https:\/\/yoast.com\/wordpress\/plugins\/seo\/ -->\n<title>Tat\u00ednku!<\/title>\n<meta name=\"description\" content=\"Jeden m\u016fj pravnou\u010dek se jmenuje po Tob\u011b, T\u00e1to. Blon\u010f\u00e1\u010dek s modrejma o\u010dima.Leto\u0161n\u00ed, neb\u00fdvale n\u00e1dhern\u00fd indi\u00e1nsk\u00fd podzim m\u011b om\u00e1mil. Sed\u011bl jsem na lavi\u010dce\" \/>\n<meta name=\"robots\" content=\"index, follow, max-snippet:-1, max-image-preview:large, max-video-preview:-1\" \/>\n<link rel=\"canonical\" href=\"https:\/\/terezinskainiciativa.cz\/en\/archiv\/tatinku\/\" \/>\n<meta property=\"og:locale\" content=\"en_US\" \/>\n<meta property=\"og:type\" content=\"article\" \/>\n<meta property=\"og:title\" content=\"Tat\u00ednku!\" \/>\n<meta property=\"og:description\" content=\"Jeden m\u016fj pravnou\u010dek se jmenuje po Tob\u011b, T\u00e1to. Blon\u010f\u00e1\u010dek s modrejma o\u010dima.Leto\u0161n\u00ed, neb\u00fdvale n\u00e1dhern\u00fd indi\u00e1nsk\u00fd podzim m\u011b om\u00e1mil. Sed\u011bl jsem na lavi\u010dce\" \/>\n<meta property=\"og:url\" content=\"https:\/\/terezinskainiciativa.cz\/en\/archiv\/tatinku\/\" \/>\n<meta property=\"og:site_name\" content=\"Terez\u00ednsk\u00e1 iniciativa\" \/>\n<meta property=\"article:published_time\" content=\"2024-10-19T13:27:52+00:00\" \/>\n<meta property=\"article:modified_time\" content=\"2025-11-06T22:30:02+00:00\" \/>\n<meta property=\"og:image\" content=\"https:\/\/terezinskainiciativa.cz\/wp-content\/uploads\/2024\/10\/foto-Kacer-Jan-810x1024.jpg\" \/>\n<meta name=\"author\" content=\"TI\" \/>\n<meta name=\"twitter:card\" content=\"summary_large_image\" \/>\n<meta name=\"twitter:label1\" content=\"Written by\" \/>\n\t<meta name=\"twitter:data1\" content=\"TI\" \/>\n\t<meta name=\"twitter:label2\" content=\"Est. reading time\" \/>\n\t<meta name=\"twitter:data2\" content=\"4 minutes\" \/>\n<script type=\"application\/ld+json\" class=\"yoast-schema-graph\">{\"@context\":\"https:\/\/schema.org\",\"@graph\":[{\"@type\":\"Article\",\"@id\":\"https:\/\/terezinskainiciativa.cz\/archiv\/tatinku\/#article\",\"isPartOf\":{\"@id\":\"https:\/\/terezinskainiciativa.cz\/archiv\/tatinku\/\"},\"author\":{\"name\":\"TI\",\"@id\":\"https:\/\/terezinskainiciativa.cz\/#\/schema\/person\/19226cfe72c90058c84eed8ae52b2dcf\"},\"headline\":\"Tat\u00ednku!\",\"datePublished\":\"2024-10-19T13:27:52+00:00\",\"dateModified\":\"2025-11-06T22:30:02+00:00\",\"mainEntityOfPage\":{\"@id\":\"https:\/\/terezinskainiciativa.cz\/archiv\/tatinku\/\"},\"wordCount\":1194,\"publisher\":{\"@id\":\"https:\/\/terezinskainiciativa.cz\/#organization\"},\"articleSection\":[\"Archiv\"],\"inLanguage\":\"en-US\"},{\"@type\":\"WebPage\",\"@id\":\"https:\/\/terezinskainiciativa.cz\/archiv\/tatinku\/\",\"url\":\"https:\/\/terezinskainiciativa.cz\/archiv\/tatinku\/\",\"name\":\"Tat\u00ednku!\",\"isPartOf\":{\"@id\":\"https:\/\/terezinskainiciativa.cz\/#website\"},\"datePublished\":\"2024-10-19T13:27:52+00:00\",\"dateModified\":\"2025-11-06T22:30:02+00:00\",\"description\":\"Jeden m\u016fj pravnou\u010dek se jmenuje po Tob\u011b, T\u00e1to. Blon\u010f\u00e1\u010dek s modrejma o\u010dima.Leto\u0161n\u00ed, neb\u00fdvale n\u00e1dhern\u00fd indi\u00e1nsk\u00fd podzim m\u011b om\u00e1mil. Sed\u011bl jsem na lavi\u010dce\",\"breadcrumb\":{\"@id\":\"https:\/\/terezinskainiciativa.cz\/archiv\/tatinku\/#breadcrumb\"},\"inLanguage\":\"en-US\",\"potentialAction\":[{\"@type\":\"ReadAction\",\"target\":[\"https:\/\/terezinskainiciativa.cz\/archiv\/tatinku\/\"]}]},{\"@type\":\"BreadcrumbList\",\"@id\":\"https:\/\/terezinskainiciativa.cz\/archiv\/tatinku\/#breadcrumb\",\"itemListElement\":[{\"@type\":\"ListItem\",\"position\":1,\"name\":\"Dom\u016f\",\"item\":\"https:\/\/terezinskainiciativa.cz\/\"},{\"@type\":\"ListItem\",\"position\":2,\"name\":\"Tat\u00ednku!\"}]},{\"@type\":\"WebSite\",\"@id\":\"https:\/\/terezinskainiciativa.cz\/#website\",\"url\":\"https:\/\/terezinskainiciativa.cz\/\",\"name\":\"Terez\u00ednsk\u00e1 iniciativa\",\"description\":\"TI je sdru\u017een\u00ed b\u00fdval\u00fdch v\u011bz\u0148\u016f terez\u00ednsk\u00e9ho ghetta a jejich p\u0159\u00edm\u00fdch potomk\u016f\",\"publisher\":{\"@id\":\"https:\/\/terezinskainiciativa.cz\/#organization\"},\"potentialAction\":[{\"@type\":\"SearchAction\",\"target\":{\"@type\":\"EntryPoint\",\"urlTemplate\":\"https:\/\/terezinskainiciativa.cz\/?s={search_term_string}\"},\"query-input\":\"required name=search_term_string\"}],\"inLanguage\":\"en-US\"},{\"@type\":\"Organization\",\"@id\":\"https:\/\/terezinskainiciativa.cz\/#organization\",\"name\":\"Terez\u00ednsk\u00e1 iniciativa\",\"url\":\"https:\/\/terezinskainiciativa.cz\/\",\"logo\":{\"@type\":\"ImageObject\",\"inLanguage\":\"en-US\",\"@id\":\"https:\/\/terezinskainiciativa.cz\/#\/schema\/logo\/image\/\",\"url\":\"https:\/\/terezinskainiciativa.cz\/wp-content\/uploads\/2022\/12\/cropped-ti-v2.png\",\"contentUrl\":\"https:\/\/terezinskainiciativa.cz\/wp-content\/uploads\/2022\/12\/cropped-ti-v2.png\",\"width\":242,\"height\":71,\"caption\":\"Terez\u00ednsk\u00e1 iniciativa\"},\"image\":{\"@id\":\"https:\/\/terezinskainiciativa.cz\/#\/schema\/logo\/image\/\"}},{\"@type\":\"Person\",\"@id\":\"https:\/\/terezinskainiciativa.cz\/#\/schema\/person\/19226cfe72c90058c84eed8ae52b2dcf\",\"name\":\"TI\",\"image\":{\"@type\":\"ImageObject\",\"inLanguage\":\"en-US\",\"@id\":\"https:\/\/terezinskainiciativa.cz\/#\/schema\/person\/image\/\",\"url\":\"https:\/\/secure.gravatar.com\/avatar\/c2d28ae173a6028f6ad18228439211d3?s=96&d=mm&r=g\",\"contentUrl\":\"https:\/\/secure.gravatar.com\/avatar\/c2d28ae173a6028f6ad18228439211d3?s=96&d=mm&r=g\",\"caption\":\"TI\"},\"sameAs\":[\"http:\/\/terezinskainiciativa.cz\"]}]}<\/script>\n<!-- \/ Yoast SEO plugin. -->","yoast_head_json":{"title":"Tat\u00ednku!","description":"Jeden m\u016fj pravnou\u010dek se jmenuje po Tob\u011b, T\u00e1to. Blon\u010f\u00e1\u010dek s modrejma o\u010dima.Leto\u0161n\u00ed, neb\u00fdvale n\u00e1dhern\u00fd indi\u00e1nsk\u00fd podzim m\u011b om\u00e1mil. Sed\u011bl jsem na lavi\u010dce","robots":{"index":"index","follow":"follow","max-snippet":"max-snippet:-1","max-image-preview":"max-image-preview:large","max-video-preview":"max-video-preview:-1"},"canonical":"https:\/\/terezinskainiciativa.cz\/en\/archiv\/tatinku\/","og_locale":"en_US","og_type":"article","og_title":"Tat\u00ednku!","og_description":"Jeden m\u016fj pravnou\u010dek se jmenuje po Tob\u011b, T\u00e1to. Blon\u010f\u00e1\u010dek s modrejma o\u010dima.Leto\u0161n\u00ed, neb\u00fdvale n\u00e1dhern\u00fd indi\u00e1nsk\u00fd podzim m\u011b om\u00e1mil. Sed\u011bl jsem na lavi\u010dce","og_url":"https:\/\/terezinskainiciativa.cz\/en\/archiv\/tatinku\/","og_site_name":"Terez\u00ednsk\u00e1 iniciativa","article_published_time":"2024-10-19T13:27:52+00:00","article_modified_time":"2025-11-06T22:30:02+00:00","og_image":[{"url":"https:\/\/terezinskainiciativa.cz\/wp-content\/uploads\/2024\/10\/foto-Kacer-Jan-810x1024.jpg"}],"author":"TI","twitter_card":"summary_large_image","twitter_misc":{"Written by":"TI","Est. reading time":"4 minutes"},"schema":{"@context":"https:\/\/schema.org","@graph":[{"@type":"Article","@id":"https:\/\/terezinskainiciativa.cz\/archiv\/tatinku\/#article","isPartOf":{"@id":"https:\/\/terezinskainiciativa.cz\/archiv\/tatinku\/"},"author":{"name":"TI","@id":"https:\/\/terezinskainiciativa.cz\/#\/schema\/person\/19226cfe72c90058c84eed8ae52b2dcf"},"headline":"Tat\u00ednku!","datePublished":"2024-10-19T13:27:52+00:00","dateModified":"2025-11-06T22:30:02+00:00","mainEntityOfPage":{"@id":"https:\/\/terezinskainiciativa.cz\/archiv\/tatinku\/"},"wordCount":1194,"publisher":{"@id":"https:\/\/terezinskainiciativa.cz\/#organization"},"articleSection":["Archiv"],"inLanguage":"en-US"},{"@type":"WebPage","@id":"https:\/\/terezinskainiciativa.cz\/archiv\/tatinku\/","url":"https:\/\/terezinskainiciativa.cz\/archiv\/tatinku\/","name":"Tat\u00ednku!","isPartOf":{"@id":"https:\/\/terezinskainiciativa.cz\/#website"},"datePublished":"2024-10-19T13:27:52+00:00","dateModified":"2025-11-06T22:30:02+00:00","description":"Jeden m\u016fj pravnou\u010dek se jmenuje po Tob\u011b, T\u00e1to. Blon\u010f\u00e1\u010dek s modrejma o\u010dima.Leto\u0161n\u00ed, neb\u00fdvale n\u00e1dhern\u00fd indi\u00e1nsk\u00fd podzim m\u011b om\u00e1mil. Sed\u011bl jsem na lavi\u010dce","breadcrumb":{"@id":"https:\/\/terezinskainiciativa.cz\/archiv\/tatinku\/#breadcrumb"},"inLanguage":"en-US","potentialAction":[{"@type":"ReadAction","target":["https:\/\/terezinskainiciativa.cz\/archiv\/tatinku\/"]}]},{"@type":"BreadcrumbList","@id":"https:\/\/terezinskainiciativa.cz\/archiv\/tatinku\/#breadcrumb","itemListElement":[{"@type":"ListItem","position":1,"name":"Dom\u016f","item":"https:\/\/terezinskainiciativa.cz\/"},{"@type":"ListItem","position":2,"name":"Tat\u00ednku!"}]},{"@type":"WebSite","@id":"https:\/\/terezinskainiciativa.cz\/#website","url":"https:\/\/terezinskainiciativa.cz\/","name":"Terez\u00ednsk\u00e1 iniciativa","description":"TI je sdru\u017een\u00ed b\u00fdval\u00fdch v\u011bz\u0148\u016f terez\u00ednsk\u00e9ho ghetta a jejich p\u0159\u00edm\u00fdch potomk\u016f","publisher":{"@id":"https:\/\/terezinskainiciativa.cz\/#organization"},"potentialAction":[{"@type":"SearchAction","target":{"@type":"EntryPoint","urlTemplate":"https:\/\/terezinskainiciativa.cz\/?s={search_term_string}"},"query-input":"required name=search_term_string"}],"inLanguage":"en-US"},{"@type":"Organization","@id":"https:\/\/terezinskainiciativa.cz\/#organization","name":"Terez\u00ednsk\u00e1 iniciativa","url":"https:\/\/terezinskainiciativa.cz\/","logo":{"@type":"ImageObject","inLanguage":"en-US","@id":"https:\/\/terezinskainiciativa.cz\/#\/schema\/logo\/image\/","url":"https:\/\/terezinskainiciativa.cz\/wp-content\/uploads\/2022\/12\/cropped-ti-v2.png","contentUrl":"https:\/\/terezinskainiciativa.cz\/wp-content\/uploads\/2022\/12\/cropped-ti-v2.png","width":242,"height":71,"caption":"Terez\u00ednsk\u00e1 iniciativa"},"image":{"@id":"https:\/\/terezinskainiciativa.cz\/#\/schema\/logo\/image\/"}},{"@type":"Person","@id":"https:\/\/terezinskainiciativa.cz\/#\/schema\/person\/19226cfe72c90058c84eed8ae52b2dcf","name":"TI","image":{"@type":"ImageObject","inLanguage":"en-US","@id":"https:\/\/terezinskainiciativa.cz\/#\/schema\/person\/image\/","url":"https:\/\/secure.gravatar.com\/avatar\/c2d28ae173a6028f6ad18228439211d3?s=96&d=mm&r=g","contentUrl":"https:\/\/secure.gravatar.com\/avatar\/c2d28ae173a6028f6ad18228439211d3?s=96&d=mm&r=g","caption":"TI"},"sameAs":["http:\/\/terezinskainiciativa.cz"]}]}},"_links":{"self":[{"href":"https:\/\/terezinskainiciativa.cz\/en\/wp-json\/wp\/v2\/posts\/873"}],"collection":[{"href":"https:\/\/terezinskainiciativa.cz\/en\/wp-json\/wp\/v2\/posts"}],"about":[{"href":"https:\/\/terezinskainiciativa.cz\/en\/wp-json\/wp\/v2\/types\/post"}],"author":[{"embeddable":true,"href":"https:\/\/terezinskainiciativa.cz\/en\/wp-json\/wp\/v2\/users\/1"}],"replies":[{"embeddable":true,"href":"https:\/\/terezinskainiciativa.cz\/en\/wp-json\/wp\/v2\/comments?post=873"}],"version-history":[{"count":1,"href":"https:\/\/terezinskainiciativa.cz\/en\/wp-json\/wp\/v2\/posts\/873\/revisions"}],"predecessor-version":[{"id":875,"href":"https:\/\/terezinskainiciativa.cz\/en\/wp-json\/wp\/v2\/posts\/873\/revisions\/875"}],"wp:attachment":[{"href":"https:\/\/terezinskainiciativa.cz\/en\/wp-json\/wp\/v2\/media?parent=873"}],"wp:term":[{"taxonomy":"category","embeddable":true,"href":"https:\/\/terezinskainiciativa.cz\/en\/wp-json\/wp\/v2\/categories?post=873"},{"taxonomy":"post_tag","embeddable":true,"href":"https:\/\/terezinskainiciativa.cz\/en\/wp-json\/wp\/v2\/tags?post=873"}],"curies":[{"name":"wp","href":"https:\/\/api.w.org\/{rel}","templated":true}]}}