{"id":896,"date":"2025-02-24T15:58:52","date_gmt":"2025-02-24T14:58:52","guid":{"rendered":"https:\/\/terezinskainiciativa.cz\/?p=896"},"modified":"2026-03-19T17:22:54","modified_gmt":"2026-03-19T16:22:54","slug":"sesli-jsme-se-ve-vitrine","status":"publish","type":"post","link":"https:\/\/terezinskainiciativa.cz\/en\/archiv\/sesli-jsme-se-ve-vitrine\/","title":{"rendered":"Se\u0161li jsme se ve Vitr\u00edn\u011b"},"content":{"rendered":"<p><strong>Text &amp; photo: Michal Str\u00e1nsk\u00fd<\/strong><br>Na sklonku minul\u00e9ho roku, p\u0159esn\u011bji na st\u0159edu 12. prosince, pozvalo p\u0159edsednictvo Terez\u00ednsk\u00e9 iniciativy sv\u00e9 \u010dleny (p\u0159ev\u00e1\u017en\u011b z 1. generace) na p\u0159\u00e1telsk\u00e9 posezen\u00ed do kav\u00e1rny a bistra na Vinohradech, kousek od Flory. Ta kav\u00e1rna se jmenuje Vitr\u00edna, proto ten titulek. Str\u00e1vili jsme tam mil\u00e9 a p\u0159\u00edjemn\u00e9 odpoledne, v\u00edce jsme \u0161m\u00fazovali, m\u00e9n\u011b sch\u016fzovali, a tak ub\u00edhal \u010das, kter\u00fdm mnoz\u00ed zm\u011bnili stereotypn\u00ed v\u0161edn\u00ed den na den hezk\u00e9ho setk\u00e1n\u00ed s p\u0159\u00e1teli. Se\u0161li jsme se p\u0159ed koncem ob\u010dansk\u00e9ho roku, p\u0159ed v\u00e1no\u010dn\u00edmi sv\u00e1tky, p\u0159ed chanukou. Mimo jin\u00fdch p\u0159ijeli klienti DSP Hagibor i obyvatel\u00e9 penzionu Charlese Jordana v Janovsk\u00e9ho ulici.<\/p>\n\n\n\n<figure class=\"wp-block-gallery has-nested-images columns-4 wp-block-gallery-1 is-layout-flex wp-block-gallery-is-layout-flex\">\n<figure class=\"wp-block-image size-large\"><img loading=\"lazy\" decoding=\"async\" width=\"1024\" height=\"512\" data-id=\"900\" src=\"https:\/\/terezinskainiciativa.cz\/wp-content\/uploads\/2025\/02\/DSCF6834-1024x512.jpg\" alt=\"\" class=\"wp-image-900\" srcset=\"https:\/\/terezinskainiciativa.cz\/wp-content\/uploads\/2025\/02\/DSCF6834-1024x512.jpg 1024w, https:\/\/terezinskainiciativa.cz\/wp-content\/uploads\/2025\/02\/DSCF6834-300x150.jpg 300w, https:\/\/terezinskainiciativa.cz\/wp-content\/uploads\/2025\/02\/DSCF6834-768x384.jpg 768w, https:\/\/terezinskainiciativa.cz\/wp-content\/uploads\/2025\/02\/DSCF6834-1536x768.jpg 1536w, https:\/\/terezinskainiciativa.cz\/wp-content\/uploads\/2025\/02\/DSCF6834-2048x1024.jpg 2048w, https:\/\/terezinskainiciativa.cz\/wp-content\/uploads\/2025\/02\/DSCF6834-18x9.jpg 18w, https:\/\/terezinskainiciativa.cz\/wp-content\/uploads\/2025\/02\/DSCF6834-1200x600.jpg 1200w, https:\/\/terezinskainiciativa.cz\/wp-content\/uploads\/2025\/02\/DSCF6834-1980x990.jpg 1980w\" sizes=\"(max-width: 1024px) 100vw, 1024px\" \/><\/figure>\n\n\n\n<figure class=\"wp-block-image size-large\"><img loading=\"lazy\" decoding=\"async\" width=\"1024\" height=\"512\" data-id=\"899\" src=\"https:\/\/terezinskainiciativa.cz\/wp-content\/uploads\/2025\/02\/DSCF6829-1024x512.jpg\" alt=\"\" class=\"wp-image-899\" srcset=\"https:\/\/terezinskainiciativa.cz\/wp-content\/uploads\/2025\/02\/DSCF6829-1024x512.jpg 1024w, https:\/\/terezinskainiciativa.cz\/wp-content\/uploads\/2025\/02\/DSCF6829-300x150.jpg 300w, https:\/\/terezinskainiciativa.cz\/wp-content\/uploads\/2025\/02\/DSCF6829-768x384.jpg 768w, https:\/\/terezinskainiciativa.cz\/wp-content\/uploads\/2025\/02\/DSCF6829-1536x768.jpg 1536w, https:\/\/terezinskainiciativa.cz\/wp-content\/uploads\/2025\/02\/DSCF6829-2048x1024.jpg 2048w, https:\/\/terezinskainiciativa.cz\/wp-content\/uploads\/2025\/02\/DSCF6829-18x9.jpg 18w, https:\/\/terezinskainiciativa.cz\/wp-content\/uploads\/2025\/02\/DSCF6829-1200x600.jpg 1200w, https:\/\/terezinskainiciativa.cz\/wp-content\/uploads\/2025\/02\/DSCF6829-1980x990.jpg 1980w\" sizes=\"(max-width: 1024px) 100vw, 1024px\" \/><\/figure>\n\n\n\n<figure class=\"wp-block-image size-large\"><img loading=\"lazy\" decoding=\"async\" width=\"1024\" height=\"512\" data-id=\"889\" src=\"https:\/\/terezinskainiciativa.cz\/wp-content\/uploads\/2025\/02\/DSCF6816-1024x512.jpg\" alt=\"\" class=\"wp-image-889\" srcset=\"https:\/\/terezinskainiciativa.cz\/wp-content\/uploads\/2025\/02\/DSCF6816-1024x512.jpg 1024w, https:\/\/terezinskainiciativa.cz\/wp-content\/uploads\/2025\/02\/DSCF6816-300x150.jpg 300w, https:\/\/terezinskainiciativa.cz\/wp-content\/uploads\/2025\/02\/DSCF6816-768x384.jpg 768w, https:\/\/terezinskainiciativa.cz\/wp-content\/uploads\/2025\/02\/DSCF6816-1536x768.jpg 1536w, https:\/\/terezinskainiciativa.cz\/wp-content\/uploads\/2025\/02\/DSCF6816-2048x1024.jpg 2048w, https:\/\/terezinskainiciativa.cz\/wp-content\/uploads\/2025\/02\/DSCF6816-18x9.jpg 18w, https:\/\/terezinskainiciativa.cz\/wp-content\/uploads\/2025\/02\/DSCF6816-1200x600.jpg 1200w, https:\/\/terezinskainiciativa.cz\/wp-content\/uploads\/2025\/02\/DSCF6816-1980x990.jpg 1980w\" sizes=\"(max-width: 1024px) 100vw, 1024px\" \/><\/figure>\n\n\n\n<figure class=\"wp-block-image size-large\"><img loading=\"lazy\" decoding=\"async\" width=\"1024\" height=\"512\" data-id=\"887\" src=\"https:\/\/terezinskainiciativa.cz\/wp-content\/uploads\/2025\/02\/DSCF6813-1024x512.jpg\" alt=\"\" class=\"wp-image-887\" srcset=\"https:\/\/terezinskainiciativa.cz\/wp-content\/uploads\/2025\/02\/DSCF6813-1024x512.jpg 1024w, https:\/\/terezinskainiciativa.cz\/wp-content\/uploads\/2025\/02\/DSCF6813-300x150.jpg 300w, https:\/\/terezinskainiciativa.cz\/wp-content\/uploads\/2025\/02\/DSCF6813-768x384.jpg 768w, https:\/\/terezinskainiciativa.cz\/wp-content\/uploads\/2025\/02\/DSCF6813-1536x768.jpg 1536w, https:\/\/terezinskainiciativa.cz\/wp-content\/uploads\/2025\/02\/DSCF6813-2048x1024.jpg 2048w, https:\/\/terezinskainiciativa.cz\/wp-content\/uploads\/2025\/02\/DSCF6813-18x9.jpg 18w, https:\/\/terezinskainiciativa.cz\/wp-content\/uploads\/2025\/02\/DSCF6813-1200x600.jpg 1200w, https:\/\/terezinskainiciativa.cz\/wp-content\/uploads\/2025\/02\/DSCF6813-1980x990.jpg 1980w\" sizes=\"(max-width: 1024px) 100vw, 1024px\" \/><\/figure>\n\n\n\n<figure class=\"wp-block-image size-large\"><img loading=\"lazy\" decoding=\"async\" width=\"1024\" height=\"1024\" data-id=\"898\" src=\"https:\/\/terezinskainiciativa.cz\/wp-content\/uploads\/2025\/02\/DSCF6821-1024x1024.jpg\" alt=\"\" class=\"wp-image-898\" srcset=\"https:\/\/terezinskainiciativa.cz\/wp-content\/uploads\/2025\/02\/DSCF6821-1024x1024.jpg 1024w, https:\/\/terezinskainiciativa.cz\/wp-content\/uploads\/2025\/02\/DSCF6821-300x300.jpg 300w, https:\/\/terezinskainiciativa.cz\/wp-content\/uploads\/2025\/02\/DSCF6821-150x150.jpg 150w, https:\/\/terezinskainiciativa.cz\/wp-content\/uploads\/2025\/02\/DSCF6821-768x768.jpg 768w, https:\/\/terezinskainiciativa.cz\/wp-content\/uploads\/2025\/02\/DSCF6821-1536x1536.jpg 1536w, https:\/\/terezinskainiciativa.cz\/wp-content\/uploads\/2025\/02\/DSCF6821-2048x2048.jpg 2048w, https:\/\/terezinskainiciativa.cz\/wp-content\/uploads\/2025\/02\/DSCF6821-12x12.jpg 12w, https:\/\/terezinskainiciativa.cz\/wp-content\/uploads\/2025\/02\/DSCF6821-1200x1200.jpg 1200w, https:\/\/terezinskainiciativa.cz\/wp-content\/uploads\/2025\/02\/DSCF6821-1980x1980.jpg 1980w\" sizes=\"(max-width: 1024px) 100vw, 1024px\" \/><\/figure>\n\n\n\n<figure class=\"wp-block-image size-large\"><img loading=\"lazy\" decoding=\"async\" width=\"1024\" height=\"1024\" data-id=\"897\" src=\"https:\/\/terezinskainiciativa.cz\/wp-content\/uploads\/2025\/02\/DSCF6818-1024x1024.jpg\" alt=\"\" class=\"wp-image-897\" srcset=\"https:\/\/terezinskainiciativa.cz\/wp-content\/uploads\/2025\/02\/DSCF6818-1024x1024.jpg 1024w, https:\/\/terezinskainiciativa.cz\/wp-content\/uploads\/2025\/02\/DSCF6818-300x300.jpg 300w, https:\/\/terezinskainiciativa.cz\/wp-content\/uploads\/2025\/02\/DSCF6818-150x150.jpg 150w, https:\/\/terezinskainiciativa.cz\/wp-content\/uploads\/2025\/02\/DSCF6818-768x768.jpg 768w, https:\/\/terezinskainiciativa.cz\/wp-content\/uploads\/2025\/02\/DSCF6818-1536x1536.jpg 1536w, https:\/\/terezinskainiciativa.cz\/wp-content\/uploads\/2025\/02\/DSCF6818-2048x2048.jpg 2048w, https:\/\/terezinskainiciativa.cz\/wp-content\/uploads\/2025\/02\/DSCF6818-12x12.jpg 12w, https:\/\/terezinskainiciativa.cz\/wp-content\/uploads\/2025\/02\/DSCF6818-1200x1200.jpg 1200w, https:\/\/terezinskainiciativa.cz\/wp-content\/uploads\/2025\/02\/DSCF6818-1980x1980.jpg 1980w\" sizes=\"(max-width: 1024px) 100vw, 1024px\" \/><\/figure>\n\n\n\n<figure class=\"wp-block-image size-large\"><img loading=\"lazy\" decoding=\"async\" width=\"1024\" height=\"1024\" data-id=\"888\" src=\"https:\/\/terezinskainiciativa.cz\/wp-content\/uploads\/2025\/02\/DSCF6815-1024x1024.jpg\" alt=\"\" class=\"wp-image-888\" srcset=\"https:\/\/terezinskainiciativa.cz\/wp-content\/uploads\/2025\/02\/DSCF6815-1024x1024.jpg 1024w, https:\/\/terezinskainiciativa.cz\/wp-content\/uploads\/2025\/02\/DSCF6815-300x300.jpg 300w, https:\/\/terezinskainiciativa.cz\/wp-content\/uploads\/2025\/02\/DSCF6815-150x150.jpg 150w, https:\/\/terezinskainiciativa.cz\/wp-content\/uploads\/2025\/02\/DSCF6815-768x768.jpg 768w, https:\/\/terezinskainiciativa.cz\/wp-content\/uploads\/2025\/02\/DSCF6815-1536x1536.jpg 1536w, https:\/\/terezinskainiciativa.cz\/wp-content\/uploads\/2025\/02\/DSCF6815-2048x2048.jpg 2048w, https:\/\/terezinskainiciativa.cz\/wp-content\/uploads\/2025\/02\/DSCF6815-12x12.jpg 12w, https:\/\/terezinskainiciativa.cz\/wp-content\/uploads\/2025\/02\/DSCF6815-1200x1200.jpg 1200w, https:\/\/terezinskainiciativa.cz\/wp-content\/uploads\/2025\/02\/DSCF6815-1980x1980.jpg 1980w\" sizes=\"(max-width: 1024px) 100vw, 1024px\" \/><\/figure>\n\n\n\n<figure class=\"wp-block-image size-large\"><img loading=\"lazy\" decoding=\"async\" width=\"1024\" height=\"1024\" data-id=\"886\" src=\"https:\/\/terezinskainiciativa.cz\/wp-content\/uploads\/2025\/02\/DSCF6812-1024x1024.jpg\" alt=\"\" class=\"wp-image-886\" srcset=\"https:\/\/terezinskainiciativa.cz\/wp-content\/uploads\/2025\/02\/DSCF6812-1024x1024.jpg 1024w, https:\/\/terezinskainiciativa.cz\/wp-content\/uploads\/2025\/02\/DSCF6812-300x300.jpg 300w, https:\/\/terezinskainiciativa.cz\/wp-content\/uploads\/2025\/02\/DSCF6812-150x150.jpg 150w, https:\/\/terezinskainiciativa.cz\/wp-content\/uploads\/2025\/02\/DSCF6812-768x768.jpg 768w, https:\/\/terezinskainiciativa.cz\/wp-content\/uploads\/2025\/02\/DSCF6812-1536x1536.jpg 1536w, https:\/\/terezinskainiciativa.cz\/wp-content\/uploads\/2025\/02\/DSCF6812-2048x2048.jpg 2048w, https:\/\/terezinskainiciativa.cz\/wp-content\/uploads\/2025\/02\/DSCF6812-12x12.jpg 12w, https:\/\/terezinskainiciativa.cz\/wp-content\/uploads\/2025\/02\/DSCF6812-1200x1200.jpg 1200w, https:\/\/terezinskainiciativa.cz\/wp-content\/uploads\/2025\/02\/DSCF6812-1980x1980.jpg 1980w\" sizes=\"(max-width: 1024px) 100vw, 1024px\" \/><\/figure>\n<\/figure>","protected":false},"excerpt":{"rendered":"<p>Text i foto: Michal Str\u00e1nsk\u00fdNa sklonku minul\u00e9ho roku, p\u0159esn\u011bji na st\u0159edu 12. prosince, pozvalo p\u0159edsednictvo Terez\u00ednsk\u00e9 iniciativy sv\u00e9 \u010dleny (p\u0159ev\u00e1\u017en\u011b z 1. generace) na p\u0159\u00e1telsk\u00e9 posezen\u00ed do kav\u00e1rny a bistra [&hellip;]<\/p>","protected":false},"author":1,"featured_media":0,"comment_status":"closed","ping_status":"closed","sticky":false,"template":"","format":"standard","meta":{"footnotes":""},"categories":[27],"tags":[],"class_list":["post-896","post","type-post","status-publish","format-standard","hentry","category-archiv"],"yoast_head":"<!-- This site is optimized with the Yoast SEO plugin v21.9.1 - https:\/\/yoast.com\/wordpress\/plugins\/seo\/ -->\n<title>Se\u0161li jsme se ve Vitr\u00edn\u011b<\/title>\n<meta name=\"description\" content=\"Text i foto: Michal Str\u00e1nsk\u00fdNa sklonku minul\u00e9ho roku, p\u0159esn\u011bji na st\u0159edu 12. prosince, pozvalo p\u0159edsednictvo Terez\u00ednsk\u00e9 iniciativy sv\u00e9 \u010dleny (p\u0159ev\u00e1\u017en\u011b z\" \/>\n<meta name=\"robots\" content=\"index, follow, max-snippet:-1, max-image-preview:large, max-video-preview:-1\" \/>\n<link rel=\"canonical\" href=\"https:\/\/terezinskainiciativa.cz\/en\/archiv\/sesli-jsme-se-ve-vitrine\/\" \/>\n<meta property=\"og:locale\" content=\"en_US\" \/>\n<meta property=\"og:type\" content=\"article\" \/>\n<meta property=\"og:title\" content=\"Se\u0161li jsme se ve Vitr\u00edn\u011b\" \/>\n<meta property=\"og:description\" content=\"Text i foto: Michal Str\u00e1nsk\u00fdNa sklonku minul\u00e9ho roku, p\u0159esn\u011bji na st\u0159edu 12. prosince, pozvalo p\u0159edsednictvo Terez\u00ednsk\u00e9 iniciativy sv\u00e9 \u010dleny (p\u0159ev\u00e1\u017en\u011b z\" \/>\n<meta property=\"og:url\" content=\"https:\/\/terezinskainiciativa.cz\/en\/archiv\/sesli-jsme-se-ve-vitrine\/\" \/>\n<meta property=\"og:site_name\" content=\"Terez\u00ednsk\u00e1 iniciativa\" \/>\n<meta property=\"article:published_time\" content=\"2025-02-24T14:58:52+00:00\" \/>\n<meta property=\"article:modified_time\" content=\"2026-03-19T16:22:54+00:00\" \/>\n<meta property=\"og:image\" content=\"https:\/\/terezinskainiciativa.cz\/wp-content\/uploads\/2025\/02\/DSCF6834-1024x512.jpg\" \/>\n<meta name=\"author\" content=\"TI\" \/>\n<meta name=\"twitter:card\" content=\"summary_large_image\" \/>\n<meta name=\"twitter:label1\" content=\"Written by\" \/>\n\t<meta name=\"twitter:data1\" content=\"TI\" \/>\n\t<meta name=\"twitter:label2\" content=\"Est. reading time\" \/>\n\t<meta name=\"twitter:data2\" content=\"3 minutes\" \/>\n<script type=\"application\/ld+json\" class=\"yoast-schema-graph\">{\"@context\":\"https:\/\/schema.org\",\"@graph\":[{\"@type\":\"Article\",\"@id\":\"https:\/\/terezinskainiciativa.cz\/archiv\/sesli-jsme-se-ve-vitrine\/#article\",\"isPartOf\":{\"@id\":\"https:\/\/terezinskainiciativa.cz\/archiv\/sesli-jsme-se-ve-vitrine\/\"},\"author\":{\"name\":\"TI\",\"@id\":\"https:\/\/terezinskainiciativa.cz\/#\/schema\/person\/19226cfe72c90058c84eed8ae52b2dcf\"},\"headline\":\"Se\u0161li jsme se ve Vitr\u00edn\u011b\",\"datePublished\":\"2025-02-24T14:58:52+00:00\",\"dateModified\":\"2026-03-19T16:22:54+00:00\",\"mainEntityOfPage\":{\"@id\":\"https:\/\/terezinskainiciativa.cz\/archiv\/sesli-jsme-se-ve-vitrine\/\"},\"wordCount\":142,\"publisher\":{\"@id\":\"https:\/\/terezinskainiciativa.cz\/#organization\"},\"articleSection\":[\"Archiv\"],\"inLanguage\":\"en-US\"},{\"@type\":\"WebPage\",\"@id\":\"https:\/\/terezinskainiciativa.cz\/archiv\/sesli-jsme-se-ve-vitrine\/\",\"url\":\"https:\/\/terezinskainiciativa.cz\/archiv\/sesli-jsme-se-ve-vitrine\/\",\"name\":\"Se\u0161li jsme se ve Vitr\u00edn\u011b\",\"isPartOf\":{\"@id\":\"https:\/\/terezinskainiciativa.cz\/#website\"},\"datePublished\":\"2025-02-24T14:58:52+00:00\",\"dateModified\":\"2026-03-19T16:22:54+00:00\",\"description\":\"Text i foto: Michal Str\u00e1nsk\u00fdNa sklonku minul\u00e9ho roku, p\u0159esn\u011bji na st\u0159edu 12. prosince, pozvalo p\u0159edsednictvo Terez\u00ednsk\u00e9 iniciativy sv\u00e9 \u010dleny (p\u0159ev\u00e1\u017en\u011b z\",\"breadcrumb\":{\"@id\":\"https:\/\/terezinskainiciativa.cz\/archiv\/sesli-jsme-se-ve-vitrine\/#breadcrumb\"},\"inLanguage\":\"en-US\",\"potentialAction\":[{\"@type\":\"ReadAction\",\"target\":[\"https:\/\/terezinskainiciativa.cz\/archiv\/sesli-jsme-se-ve-vitrine\/\"]}]},{\"@type\":\"BreadcrumbList\",\"@id\":\"https:\/\/terezinskainiciativa.cz\/archiv\/sesli-jsme-se-ve-vitrine\/#breadcrumb\",\"itemListElement\":[{\"@type\":\"ListItem\",\"position\":1,\"name\":\"Dom\u016f\",\"item\":\"https:\/\/terezinskainiciativa.cz\/\"},{\"@type\":\"ListItem\",\"position\":2,\"name\":\"Se\u0161li jsme se ve Vitr\u00edn\u011b\"}]},{\"@type\":\"WebSite\",\"@id\":\"https:\/\/terezinskainiciativa.cz\/#website\",\"url\":\"https:\/\/terezinskainiciativa.cz\/\",\"name\":\"Terez\u00ednsk\u00e1 iniciativa\",\"description\":\"TI je sdru\u017een\u00ed b\u00fdval\u00fdch v\u011bz\u0148\u016f terez\u00ednsk\u00e9ho ghetta a jejich p\u0159\u00edm\u00fdch potomk\u016f\",\"publisher\":{\"@id\":\"https:\/\/terezinskainiciativa.cz\/#organization\"},\"potentialAction\":[{\"@type\":\"SearchAction\",\"target\":{\"@type\":\"EntryPoint\",\"urlTemplate\":\"https:\/\/terezinskainiciativa.cz\/?s={search_term_string}\"},\"query-input\":\"required name=search_term_string\"}],\"inLanguage\":\"en-US\"},{\"@type\":\"Organization\",\"@id\":\"https:\/\/terezinskainiciativa.cz\/#organization\",\"name\":\"Terez\u00ednsk\u00e1 iniciativa\",\"url\":\"https:\/\/terezinskainiciativa.cz\/\",\"logo\":{\"@type\":\"ImageObject\",\"inLanguage\":\"en-US\",\"@id\":\"https:\/\/terezinskainiciativa.cz\/#\/schema\/logo\/image\/\",\"url\":\"https:\/\/terezinskainiciativa.cz\/wp-content\/uploads\/2022\/12\/cropped-ti-v2.png\",\"contentUrl\":\"https:\/\/terezinskainiciativa.cz\/wp-content\/uploads\/2022\/12\/cropped-ti-v2.png\",\"width\":242,\"height\":71,\"caption\":\"Terez\u00ednsk\u00e1 iniciativa\"},\"image\":{\"@id\":\"https:\/\/terezinskainiciativa.cz\/#\/schema\/logo\/image\/\"}},{\"@type\":\"Person\",\"@id\":\"https:\/\/terezinskainiciativa.cz\/#\/schema\/person\/19226cfe72c90058c84eed8ae52b2dcf\",\"name\":\"TI\",\"image\":{\"@type\":\"ImageObject\",\"inLanguage\":\"en-US\",\"@id\":\"https:\/\/terezinskainiciativa.cz\/#\/schema\/person\/image\/\",\"url\":\"https:\/\/secure.gravatar.com\/avatar\/c2d28ae173a6028f6ad18228439211d3?s=96&d=mm&r=g\",\"contentUrl\":\"https:\/\/secure.gravatar.com\/avatar\/c2d28ae173a6028f6ad18228439211d3?s=96&d=mm&r=g\",\"caption\":\"TI\"},\"sameAs\":[\"http:\/\/terezinskainiciativa.cz\"]}]}<\/script>\n<!-- \/ Yoast SEO plugin. -->","yoast_head_json":{"title":"Se\u0161li jsme se ve Vitr\u00edn\u011b","description":"Text i foto: Michal Str\u00e1nsk\u00fdNa sklonku minul\u00e9ho roku, p\u0159esn\u011bji na st\u0159edu 12. prosince, pozvalo p\u0159edsednictvo Terez\u00ednsk\u00e9 iniciativy sv\u00e9 \u010dleny (p\u0159ev\u00e1\u017en\u011b z","robots":{"index":"index","follow":"follow","max-snippet":"max-snippet:-1","max-image-preview":"max-image-preview:large","max-video-preview":"max-video-preview:-1"},"canonical":"https:\/\/terezinskainiciativa.cz\/en\/archiv\/sesli-jsme-se-ve-vitrine\/","og_locale":"en_US","og_type":"article","og_title":"Se\u0161li jsme se ve Vitr\u00edn\u011b","og_description":"Text i foto: Michal Str\u00e1nsk\u00fdNa sklonku minul\u00e9ho roku, p\u0159esn\u011bji na st\u0159edu 12. prosince, pozvalo p\u0159edsednictvo Terez\u00ednsk\u00e9 iniciativy sv\u00e9 \u010dleny (p\u0159ev\u00e1\u017en\u011b z","og_url":"https:\/\/terezinskainiciativa.cz\/en\/archiv\/sesli-jsme-se-ve-vitrine\/","og_site_name":"Terez\u00ednsk\u00e1 iniciativa","article_published_time":"2025-02-24T14:58:52+00:00","article_modified_time":"2026-03-19T16:22:54+00:00","og_image":[{"url":"https:\/\/terezinskainiciativa.cz\/wp-content\/uploads\/2025\/02\/DSCF6834-1024x512.jpg"}],"author":"TI","twitter_card":"summary_large_image","twitter_misc":{"Written by":"TI","Est. reading time":"3 minutes"},"schema":{"@context":"https:\/\/schema.org","@graph":[{"@type":"Article","@id":"https:\/\/terezinskainiciativa.cz\/archiv\/sesli-jsme-se-ve-vitrine\/#article","isPartOf":{"@id":"https:\/\/terezinskainiciativa.cz\/archiv\/sesli-jsme-se-ve-vitrine\/"},"author":{"name":"TI","@id":"https:\/\/terezinskainiciativa.cz\/#\/schema\/person\/19226cfe72c90058c84eed8ae52b2dcf"},"headline":"Se\u0161li jsme se ve Vitr\u00edn\u011b","datePublished":"2025-02-24T14:58:52+00:00","dateModified":"2026-03-19T16:22:54+00:00","mainEntityOfPage":{"@id":"https:\/\/terezinskainiciativa.cz\/archiv\/sesli-jsme-se-ve-vitrine\/"},"wordCount":142,"publisher":{"@id":"https:\/\/terezinskainiciativa.cz\/#organization"},"articleSection":["Archiv"],"inLanguage":"en-US"},{"@type":"WebPage","@id":"https:\/\/terezinskainiciativa.cz\/archiv\/sesli-jsme-se-ve-vitrine\/","url":"https:\/\/terezinskainiciativa.cz\/archiv\/sesli-jsme-se-ve-vitrine\/","name":"Se\u0161li jsme se ve Vitr\u00edn\u011b","isPartOf":{"@id":"https:\/\/terezinskainiciativa.cz\/#website"},"datePublished":"2025-02-24T14:58:52+00:00","dateModified":"2026-03-19T16:22:54+00:00","description":"Text i foto: Michal Str\u00e1nsk\u00fdNa sklonku minul\u00e9ho roku, p\u0159esn\u011bji na st\u0159edu 12. prosince, pozvalo p\u0159edsednictvo Terez\u00ednsk\u00e9 iniciativy sv\u00e9 \u010dleny (p\u0159ev\u00e1\u017en\u011b z","breadcrumb":{"@id":"https:\/\/terezinskainiciativa.cz\/archiv\/sesli-jsme-se-ve-vitrine\/#breadcrumb"},"inLanguage":"en-US","potentialAction":[{"@type":"ReadAction","target":["https:\/\/terezinskainiciativa.cz\/archiv\/sesli-jsme-se-ve-vitrine\/"]}]},{"@type":"BreadcrumbList","@id":"https:\/\/terezinskainiciativa.cz\/archiv\/sesli-jsme-se-ve-vitrine\/#breadcrumb","itemListElement":[{"@type":"ListItem","position":1,"name":"Dom\u016f","item":"https:\/\/terezinskainiciativa.cz\/"},{"@type":"ListItem","position":2,"name":"Se\u0161li jsme se ve Vitr\u00edn\u011b"}]},{"@type":"WebSite","@id":"https:\/\/terezinskainiciativa.cz\/#website","url":"https:\/\/terezinskainiciativa.cz\/","name":"Terez\u00ednsk\u00e1 iniciativa","description":"TI je sdru\u017een\u00ed b\u00fdval\u00fdch v\u011bz\u0148\u016f terez\u00ednsk\u00e9ho ghetta a jejich p\u0159\u00edm\u00fdch potomk\u016f","publisher":{"@id":"https:\/\/terezinskainiciativa.cz\/#organization"},"potentialAction":[{"@type":"SearchAction","target":{"@type":"EntryPoint","urlTemplate":"https:\/\/terezinskainiciativa.cz\/?s={search_term_string}"},"query-input":"required name=search_term_string"}],"inLanguage":"en-US"},{"@type":"Organization","@id":"https:\/\/terezinskainiciativa.cz\/#organization","name":"Terez\u00ednsk\u00e1 iniciativa","url":"https:\/\/terezinskainiciativa.cz\/","logo":{"@type":"ImageObject","inLanguage":"en-US","@id":"https:\/\/terezinskainiciativa.cz\/#\/schema\/logo\/image\/","url":"https:\/\/terezinskainiciativa.cz\/wp-content\/uploads\/2022\/12\/cropped-ti-v2.png","contentUrl":"https:\/\/terezinskainiciativa.cz\/wp-content\/uploads\/2022\/12\/cropped-ti-v2.png","width":242,"height":71,"caption":"Terez\u00ednsk\u00e1 iniciativa"},"image":{"@id":"https:\/\/terezinskainiciativa.cz\/#\/schema\/logo\/image\/"}},{"@type":"Person","@id":"https:\/\/terezinskainiciativa.cz\/#\/schema\/person\/19226cfe72c90058c84eed8ae52b2dcf","name":"TI","image":{"@type":"ImageObject","inLanguage":"en-US","@id":"https:\/\/terezinskainiciativa.cz\/#\/schema\/person\/image\/","url":"https:\/\/secure.gravatar.com\/avatar\/c2d28ae173a6028f6ad18228439211d3?s=96&d=mm&r=g","contentUrl":"https:\/\/secure.gravatar.com\/avatar\/c2d28ae173a6028f6ad18228439211d3?s=96&d=mm&r=g","caption":"TI"},"sameAs":["http:\/\/terezinskainiciativa.cz"]}]}},"_links":{"self":[{"href":"https:\/\/terezinskainiciativa.cz\/en\/wp-json\/wp\/v2\/posts\/896"}],"collection":[{"href":"https:\/\/terezinskainiciativa.cz\/en\/wp-json\/wp\/v2\/posts"}],"about":[{"href":"https:\/\/terezinskainiciativa.cz\/en\/wp-json\/wp\/v2\/types\/post"}],"author":[{"embeddable":true,"href":"https:\/\/terezinskainiciativa.cz\/en\/wp-json\/wp\/v2\/users\/1"}],"replies":[{"embeddable":true,"href":"https:\/\/terezinskainiciativa.cz\/en\/wp-json\/wp\/v2\/comments?post=896"}],"version-history":[{"count":2,"href":"https:\/\/terezinskainiciativa.cz\/en\/wp-json\/wp\/v2\/posts\/896\/revisions"}],"predecessor-version":[{"id":918,"href":"https:\/\/terezinskainiciativa.cz\/en\/wp-json\/wp\/v2\/posts\/896\/revisions\/918"}],"wp:attachment":[{"href":"https:\/\/terezinskainiciativa.cz\/en\/wp-json\/wp\/v2\/media?parent=896"}],"wp:term":[{"taxonomy":"category","embeddable":true,"href":"https:\/\/terezinskainiciativa.cz\/en\/wp-json\/wp\/v2\/categories?post=896"},{"taxonomy":"post_tag","embeddable":true,"href":"https:\/\/terezinskainiciativa.cz\/en\/wp-json\/wp\/v2\/tags?post=896"}],"curies":[{"name":"wp","href":"https:\/\/api.w.org\/{rel}","templated":true}]}}