{"id":903,"date":"2025-02-24T16:10:41","date_gmt":"2025-02-24T15:10:41","guid":{"rendered":"https:\/\/terezinskainiciativa.cz\/?p=903"},"modified":"2026-03-19T17:22:46","modified_gmt":"2026-03-19T16:22:46","slug":"dve-dulezita-jubilea-letosniho-roku","status":"publish","type":"post","link":"https:\/\/terezinskainiciativa.cz\/en\/archiv\/dve-dulezita-jubilea-letosniho-roku\/","title":{"rendered":"Dv\u011b d\u016fle\u017eit\u00e1 jubilea leto\u0161n\u00edho roku"},"content":{"rendered":"<h2 class=\"wp-block-heading has-text-align-center\">80 let od osvobozen\u00ed, od konce druh\u00e9 sv\u011btov\u00e9 v\u00e1lky<\/h2>\n\n\n\n<p>V tomto roce si p\u0159ipom\u00edn\u00e1me osmdes\u00e1t\u00e9 v\u00fdro\u010d\u00ed od osvobozen\u00ed, od konce druh\u00e9 sv\u011btov\u00e9 v\u00e1lky. Druh\u00e1 sv\u011btov\u00e1 v\u00e1lka byla dosud nejhr\u016fzn\u011bj\u0161\u00edm a nejkrvav\u011bj\u0161\u00edm konfliktem v d\u011bjin\u00e1ch lidstva. Zanechala po sob\u011b nezm\u011brn\u00e9 utrpen\u00ed a notn\u011b zam\u00edchala sv\u011btem, ale asi nejv\u00edc Evropou.<\/p>\n\n\n\n<p>Skon\u010dil konflikt, skon\u010dila v\u00e1lka a lid\u00e9 se za\u010dali vracet do sv\u00fdch domov\u016f. Voj\u00e1ci z m\u00edst boj\u016f, n\u011bkte\u0159\u00ed se vraceli dokonce na jin\u00fd kontinent. \u0160estilet\u00e1 v\u00e1lka znamenala ztr\u00e1tu milion\u016f \u017eivot\u016f, rozvr\u00e1cen\u00ed \u0159ady rodin. Mnoh\u00e9 zem\u011b, mnoh\u00e1 m\u011bsta byla natolik zpusto\u0161en\u00e1, \u017ee je bylo t\u0159eba vybudovat znovu. Dom\u016f se tak\u00e9 vraceli lid\u00e9, kte\u0159\u00ed byli v\u011bzn\u011bni v nelidsk\u00fdch podm\u00ednk\u00e1ch koncentra\u010dn\u00edch t\u00e1bor\u016f. Vraceli se do b\u011b\u017en\u00e9ho \u017eivota v\u011bt\u0161inou bez rodi\u010d\u016f, bez prarodi\u010d\u016f, bez sourozenc\u016f, zkr\u00e1tka sami bez \u0161ir\u0161\u00ed rodiny. Ti, kte\u0159\u00ed m\u011bli to \u0161t\u011bst\u00ed, \u017ee p\u0159e\u017eili, se vraceli dom\u016f a byli vesm\u011bs p\u0159esv\u011bd\u010deni, \u017ee se nic podobn\u00e9ho u\u017e nikdy nem\u016f\u017ee, a tak\u00e9 nebude opakovat. \u010c\u00e1st \u017eidovsk\u00e9ho sv\u011bta si namlouvala, \u017ee koncem tohoto v\u00e1le\u010dn\u00e9ho konfliktu se u\u017e kone\u010dn\u011b a nav\u017edy vy\u0159e\u0161\u00ed \u017eidovsk\u00e1 ot\u00e1zka. By\u0165 samoz\u0159ejm\u011b jinak, ne\u017e si p\u0159\u00e1li a o co usilovali zejm\u00e9na n\u011bme\u010dt\u00ed fa\u0161ist\u00e9.<\/p>\n\n\n\n<p>N\u011bkte\u0159\u00ed se naivn\u011b domn\u00edvali, \u017ee u\u017e kone\u010dn\u011b kon\u010d\u00ed rasov\u00e1 nen\u00e1vist, fanatismus, xenofobie a antisemitismus. V mal\u00e9 zemi uprost\u0159ed Evropy v\u0161ak \u0159ada lid\u00ed z\u00e1hy vyst\u0159\u00edzliv\u011bla, zejm\u00e9na po politick\u00fdch procesech brzy po v\u00e1lce, kter\u00e9 nebyly ni\u010d\u00edm jin\u00fdm ne\u017e st\u00e1tn\u00edm antisemitismem importovan\u00fdm z velk\u00e9 zem\u011b na v\u00fdchod\u011b.<\/p>\n\n\n\n<p>V roce 1945 vznikla Organizace spojen\u00fdch n\u00e1rod\u016f (OSN), mezin\u00e1rodn\u00ed organizace, kter\u00e1 byla zalo\u017eena s c\u00edlem m\u00edrov\u00e9ho sou\u017eit\u00ed st\u00e1t\u016f cel\u00e9ho sv\u011bta. V roce 1948 byl zalo\u017een St\u00e1t Izrael po t\u00e9m\u011b\u0159 dvou tis\u00edc\u00edch letech \u017eidovsk\u00e9ho rozpt\u00fdlen\u00ed v diaspo\u0159e. Z\u00e1hy v\u0161ak musel \u010delit prvn\u00edmu napaden\u00ed ze strany Jord\u00e1nska, Egypta, Ir\u00e1ku, Libanonu, S\u00fdrie a Jemenu. T\u011bch v\u00e1le\u010dn\u00fdch a teroristick\u00fdch napaden\u00ed bylo do dne\u0161n\u00edho dne nepo\u010d\u00edtan\u011b.<\/p>\n\n\n\n<p>Kdy\u017e dnes vzpom\u00edn\u00e1me na konec v\u00e1lky, kdy\u017e si dnes p\u0159ipom\u00edn\u00e1me v\u00edt\u011bzstv\u00ed spojeneck\u00fdch sil, nem\u016f\u017eeme zapom\u00ednat a p\u0159ech\u00e1zet sou\u010dasnost. Osm desetilet\u00ed od konce v\u00e1lky stoj\u00edme p\u0159ed nov\u00fdmi v\u00fdzvami. Op\u011bt nar\u016fst\u00e1 fanatismus, op\u011bt jsou u\u0161lap\u00e1v\u00e1na lidsk\u00e1 pr\u00e1va, svoboda, demokracie. Op\u011bt nar\u016fst\u00e1 antisemitismus. Po osmdes\u00e1ti letech od kv\u011btna 1945. M\u00edr, kter\u00fd jsme dlouho pova\u017eovali za samoz\u0159ejmost, je v n\u011bkter\u00fdch \u010d\u00e1stech sv\u011bta zpochyb\u0148ov\u00e1n. Situace v Izraeli nen\u00ed r\u016f\u017eov\u00e1 (a kone\u010dn\u011b kdy byla?), na v\u00fdchod od \u010cesk\u00e9 republiky zu\u0159\u00ed v\u00e1lka a jsou dokonce lid\u00e9, kte\u0159\u00ed \u0159\u00edkaj\u00ed, \u017ee t\u0159et\u00ed sv\u011btov\u00e9 v\u00e1lce nezabr\u00e1n\u00edme, \u017ee u\u017e dokonce vypukla.<\/p>\n\n\n\n<p>Hr\u016fzn\u00e9 vzpom\u00ednky na v\u00e1lku \u017eij\u00ed i dnes v lidsk\u00e9 pam\u011bti, v beletrii, ve filmov\u00e9m zpracov\u00e1n\u00ed a kone\u010dn\u011b snad i v ka\u017edodenn\u00edm jedn\u00e1n\u00ed slu\u0161n\u00fdch obyvatel sv\u011bta. P\u0159i p\u0159\u00edle\u017eitosti tohoto jubilea bychom m\u011bli nejen truchlit nad minulost\u00ed, ale zejm\u00e9na se zamyslet a ud\u011blat cosi pro budoucnost.<\/p>\n\n\n\n<p>Druh\u00e1 sv\u011btov\u00e1 v\u00e1lka nen\u00ed jen pouhou minulost\u00ed, ale je i d\u016fle\u017eit\u00fdm mementem, na kter\u00e9 nesm\u00edme zapomenout, kter\u00e9 si mus\u00edme neust\u00e1le p\u0159ipom\u00ednat.<\/p>\n\n\n\n<h2 class=\"wp-block-heading has-text-align-center\">Terez\u00ednsk\u00e1 iniciativa slav\u00ed 35 let sv\u00e9 existence<\/h2>\n\n\n\n<p>Konec konc\u016f i zalo\u017een\u00ed Terez\u00ednsk\u00e9 iniciativy p\u0159ed 35 lety lze ch\u00e1pat jako memento, jako v\u00fdstra\u017en\u011b vzty\u010den\u00fd prst zakladatel\u016f \u2013 n\u011bkdej\u0161\u00edch v\u011bz\u0148\u016f nacistick\u00fdch koncentra\u010dn\u00edch t\u00e1bor\u016f.<\/p>\n\n\n\n<p>Terez\u00ednsk\u00e1 iniciativa dodnes pln\u00ed jak p\u0159\u00e1n\u00ed zakladatel\u016f, tak i stanovy spolku a sna\u017e\u00ed se vychov\u00e1vat zejm\u00e9na mladou generaci k toleranci a ur\u010dit\u011b ke v\u0161emu, co m\u016f\u017ee p\u0159edch\u00e1zet d\u011bsu sv\u011btov\u00e9 v\u00e1lky, nebo\u0165 pr\u00e1v\u011b s n\u00ed maj\u00ed mnoz\u00ed \u010dlenov\u00e9 neblah\u00e9 zku\u0161enosti.<\/p>\n\n\n\n<p>Dnes u\u017e doch\u00e1z\u00ed nebo do\u0161lo ke genera\u010dn\u00ed obm\u011bn\u011b, nebo\u0165 mezi \u010dleny Terez\u00ednsk\u00e9 iniciativy p\u0159eva\u017euj\u00ed z\u00e1stupci druh\u00e9 a dal\u0161\u00edch generac\u00ed. Chceme v\u011b\u0159it, \u017ee Terez\u00ednsk\u00e1 iniciativa bude i v dal\u0161\u00edch letech pokra\u010dovat ve sv\u00e9 \u010dinnosti a \u017ee se objev\u00ed \u010dlenov\u00e9 t\u0159et\u00ed a dal\u0161\u00edch generac\u00ed, kte\u0159\u00ed v \u010dinnosti budou pokra\u010dovat. Snad tomu tak bude.<\/p>\n\n\n\n<p class=\"has-text-align-right\"><em>Michal Str\u00e1nsk\u00fd<\/em><\/p>","protected":false},"excerpt":{"rendered":"<p>80 let od osvobozen\u00ed, od konce druh\u00e9 sv\u011btov\u00e9 v\u00e1lky V tomto roce si p\u0159ipom\u00edn\u00e1me osmdes\u00e1t\u00e9 v\u00fdro\u010d\u00ed od osvobozen\u00ed, od konce druh\u00e9 sv\u011btov\u00e9 v\u00e1lky. Druh\u00e1 sv\u011btov\u00e1 v\u00e1lka byla dosud nejhr\u016fzn\u011bj\u0161\u00edm a [&hellip;]<\/p>","protected":false},"author":1,"featured_media":0,"comment_status":"closed","ping_status":"closed","sticky":false,"template":"","format":"standard","meta":{"footnotes":""},"categories":[27],"tags":[],"class_list":["post-903","post","type-post","status-publish","format-standard","hentry","category-archiv"],"yoast_head":"<!-- This site is optimized with the Yoast SEO plugin v21.9.1 - https:\/\/yoast.com\/wordpress\/plugins\/seo\/ -->\n<title>Dv\u011b d\u016fle\u017eit\u00e1 jubilea leto\u0161n\u00edho roku<\/title>\n<meta name=\"description\" content=\"80 let od osvobozen\u00ed, od konce druh\u00e9 sv\u011btov\u00e9 v\u00e1lky V tomto roce si p\u0159ipom\u00edn\u00e1me osmdes\u00e1t\u00e9 v\u00fdro\u010d\u00ed od osvobozen\u00ed, od konce druh\u00e9 sv\u011btov\u00e9 v\u00e1lky. Druh\u00e1 sv\u011btov\u00e1\" \/>\n<meta name=\"robots\" content=\"index, follow, max-snippet:-1, max-image-preview:large, max-video-preview:-1\" \/>\n<link rel=\"canonical\" href=\"https:\/\/terezinskainiciativa.cz\/en\/archiv\/dve-dulezita-jubilea-letosniho-roku\/\" \/>\n<meta property=\"og:locale\" content=\"en_US\" \/>\n<meta property=\"og:type\" content=\"article\" \/>\n<meta property=\"og:title\" content=\"Dv\u011b d\u016fle\u017eit\u00e1 jubilea leto\u0161n\u00edho roku\" \/>\n<meta property=\"og:description\" content=\"80 let od osvobozen\u00ed, od konce druh\u00e9 sv\u011btov\u00e9 v\u00e1lky V tomto roce si p\u0159ipom\u00edn\u00e1me osmdes\u00e1t\u00e9 v\u00fdro\u010d\u00ed od osvobozen\u00ed, od konce druh\u00e9 sv\u011btov\u00e9 v\u00e1lky. Druh\u00e1 sv\u011btov\u00e1\" \/>\n<meta property=\"og:url\" content=\"https:\/\/terezinskainiciativa.cz\/en\/archiv\/dve-dulezita-jubilea-letosniho-roku\/\" \/>\n<meta property=\"og:site_name\" content=\"Terez\u00ednsk\u00e1 iniciativa\" \/>\n<meta property=\"article:published_time\" content=\"2025-02-24T15:10:41+00:00\" \/>\n<meta property=\"article:modified_time\" content=\"2026-03-19T16:22:46+00:00\" \/>\n<meta property=\"og:image\" content=\"https:\/\/terezinskainiciativa.cz\/wp-content\/uploads\/2022\/12\/cropped-ti-v2.png\" \/>\n\t<meta property=\"og:image:width\" content=\"242\" \/>\n\t<meta property=\"og:image:height\" content=\"71\" \/>\n\t<meta property=\"og:image:type\" content=\"image\/png\" \/>\n<meta name=\"author\" content=\"TI\" \/>\n<meta name=\"twitter:card\" content=\"summary_large_image\" \/>\n<meta name=\"twitter:label1\" content=\"Written by\" \/>\n\t<meta name=\"twitter:data1\" content=\"TI\" \/>\n\t<meta name=\"twitter:label2\" content=\"Est. reading time\" \/>\n\t<meta name=\"twitter:data2\" content=\"3 minutes\" \/>\n<script type=\"application\/ld+json\" class=\"yoast-schema-graph\">{\"@context\":\"https:\/\/schema.org\",\"@graph\":[{\"@type\":\"Article\",\"@id\":\"https:\/\/terezinskainiciativa.cz\/archiv\/dve-dulezita-jubilea-letosniho-roku\/#article\",\"isPartOf\":{\"@id\":\"https:\/\/terezinskainiciativa.cz\/archiv\/dve-dulezita-jubilea-letosniho-roku\/\"},\"author\":{\"name\":\"TI\",\"@id\":\"https:\/\/terezinskainiciativa.cz\/#\/schema\/person\/19226cfe72c90058c84eed8ae52b2dcf\"},\"headline\":\"Dv\u011b d\u016fle\u017eit\u00e1 jubilea leto\u0161n\u00edho roku\",\"datePublished\":\"2025-02-24T15:10:41+00:00\",\"dateModified\":\"2026-03-19T16:22:46+00:00\",\"mainEntityOfPage\":{\"@id\":\"https:\/\/terezinskainiciativa.cz\/archiv\/dve-dulezita-jubilea-letosniho-roku\/\"},\"wordCount\":811,\"publisher\":{\"@id\":\"https:\/\/terezinskainiciativa.cz\/#organization\"},\"articleSection\":[\"Archiv\"],\"inLanguage\":\"en-US\"},{\"@type\":\"WebPage\",\"@id\":\"https:\/\/terezinskainiciativa.cz\/archiv\/dve-dulezita-jubilea-letosniho-roku\/\",\"url\":\"https:\/\/terezinskainiciativa.cz\/archiv\/dve-dulezita-jubilea-letosniho-roku\/\",\"name\":\"Dv\u011b d\u016fle\u017eit\u00e1 jubilea leto\u0161n\u00edho roku\",\"isPartOf\":{\"@id\":\"https:\/\/terezinskainiciativa.cz\/#website\"},\"datePublished\":\"2025-02-24T15:10:41+00:00\",\"dateModified\":\"2026-03-19T16:22:46+00:00\",\"description\":\"80 let od osvobozen\u00ed, od konce druh\u00e9 sv\u011btov\u00e9 v\u00e1lky V tomto roce si p\u0159ipom\u00edn\u00e1me osmdes\u00e1t\u00e9 v\u00fdro\u010d\u00ed od osvobozen\u00ed, od konce druh\u00e9 sv\u011btov\u00e9 v\u00e1lky. Druh\u00e1 sv\u011btov\u00e1\",\"breadcrumb\":{\"@id\":\"https:\/\/terezinskainiciativa.cz\/archiv\/dve-dulezita-jubilea-letosniho-roku\/#breadcrumb\"},\"inLanguage\":\"en-US\",\"potentialAction\":[{\"@type\":\"ReadAction\",\"target\":[\"https:\/\/terezinskainiciativa.cz\/archiv\/dve-dulezita-jubilea-letosniho-roku\/\"]}]},{\"@type\":\"BreadcrumbList\",\"@id\":\"https:\/\/terezinskainiciativa.cz\/archiv\/dve-dulezita-jubilea-letosniho-roku\/#breadcrumb\",\"itemListElement\":[{\"@type\":\"ListItem\",\"position\":1,\"name\":\"Dom\u016f\",\"item\":\"https:\/\/terezinskainiciativa.cz\/\"},{\"@type\":\"ListItem\",\"position\":2,\"name\":\"Dv\u011b d\u016fle\u017eit\u00e1 jubilea leto\u0161n\u00edho roku\"}]},{\"@type\":\"WebSite\",\"@id\":\"https:\/\/terezinskainiciativa.cz\/#website\",\"url\":\"https:\/\/terezinskainiciativa.cz\/\",\"name\":\"Terez\u00ednsk\u00e1 iniciativa\",\"description\":\"TI je sdru\u017een\u00ed b\u00fdval\u00fdch v\u011bz\u0148\u016f terez\u00ednsk\u00e9ho ghetta a jejich p\u0159\u00edm\u00fdch potomk\u016f\",\"publisher\":{\"@id\":\"https:\/\/terezinskainiciativa.cz\/#organization\"},\"potentialAction\":[{\"@type\":\"SearchAction\",\"target\":{\"@type\":\"EntryPoint\",\"urlTemplate\":\"https:\/\/terezinskainiciativa.cz\/?s={search_term_string}\"},\"query-input\":\"required name=search_term_string\"}],\"inLanguage\":\"en-US\"},{\"@type\":\"Organization\",\"@id\":\"https:\/\/terezinskainiciativa.cz\/#organization\",\"name\":\"Terez\u00ednsk\u00e1 iniciativa\",\"url\":\"https:\/\/terezinskainiciativa.cz\/\",\"logo\":{\"@type\":\"ImageObject\",\"inLanguage\":\"en-US\",\"@id\":\"https:\/\/terezinskainiciativa.cz\/#\/schema\/logo\/image\/\",\"url\":\"https:\/\/terezinskainiciativa.cz\/wp-content\/uploads\/2022\/12\/cropped-ti-v2.png\",\"contentUrl\":\"https:\/\/terezinskainiciativa.cz\/wp-content\/uploads\/2022\/12\/cropped-ti-v2.png\",\"width\":242,\"height\":71,\"caption\":\"Terez\u00ednsk\u00e1 iniciativa\"},\"image\":{\"@id\":\"https:\/\/terezinskainiciativa.cz\/#\/schema\/logo\/image\/\"}},{\"@type\":\"Person\",\"@id\":\"https:\/\/terezinskainiciativa.cz\/#\/schema\/person\/19226cfe72c90058c84eed8ae52b2dcf\",\"name\":\"TI\",\"image\":{\"@type\":\"ImageObject\",\"inLanguage\":\"en-US\",\"@id\":\"https:\/\/terezinskainiciativa.cz\/#\/schema\/person\/image\/\",\"url\":\"https:\/\/secure.gravatar.com\/avatar\/c2d28ae173a6028f6ad18228439211d3?s=96&d=mm&r=g\",\"contentUrl\":\"https:\/\/secure.gravatar.com\/avatar\/c2d28ae173a6028f6ad18228439211d3?s=96&d=mm&r=g\",\"caption\":\"TI\"},\"sameAs\":[\"http:\/\/terezinskainiciativa.cz\"]}]}<\/script>\n<!-- \/ Yoast SEO plugin. -->","yoast_head_json":{"title":"Dv\u011b d\u016fle\u017eit\u00e1 jubilea leto\u0161n\u00edho roku","description":"80 let od osvobozen\u00ed, od konce druh\u00e9 sv\u011btov\u00e9 v\u00e1lky V tomto roce si p\u0159ipom\u00edn\u00e1me osmdes\u00e1t\u00e9 v\u00fdro\u010d\u00ed od osvobozen\u00ed, od konce druh\u00e9 sv\u011btov\u00e9 v\u00e1lky. Druh\u00e1 sv\u011btov\u00e1","robots":{"index":"index","follow":"follow","max-snippet":"max-snippet:-1","max-image-preview":"max-image-preview:large","max-video-preview":"max-video-preview:-1"},"canonical":"https:\/\/terezinskainiciativa.cz\/en\/archiv\/dve-dulezita-jubilea-letosniho-roku\/","og_locale":"en_US","og_type":"article","og_title":"Dv\u011b d\u016fle\u017eit\u00e1 jubilea leto\u0161n\u00edho roku","og_description":"80 let od osvobozen\u00ed, od konce druh\u00e9 sv\u011btov\u00e9 v\u00e1lky V tomto roce si p\u0159ipom\u00edn\u00e1me osmdes\u00e1t\u00e9 v\u00fdro\u010d\u00ed od osvobozen\u00ed, od konce druh\u00e9 sv\u011btov\u00e9 v\u00e1lky. Druh\u00e1 sv\u011btov\u00e1","og_url":"https:\/\/terezinskainiciativa.cz\/en\/archiv\/dve-dulezita-jubilea-letosniho-roku\/","og_site_name":"Terez\u00ednsk\u00e1 iniciativa","article_published_time":"2025-02-24T15:10:41+00:00","article_modified_time":"2026-03-19T16:22:46+00:00","og_image":[{"width":242,"height":71,"url":"https:\/\/terezinskainiciativa.cz\/wp-content\/uploads\/2022\/12\/cropped-ti-v2.png","type":"image\/png"}],"author":"TI","twitter_card":"summary_large_image","twitter_misc":{"Written by":"TI","Est. reading time":"3 minutes"},"schema":{"@context":"https:\/\/schema.org","@graph":[{"@type":"Article","@id":"https:\/\/terezinskainiciativa.cz\/archiv\/dve-dulezita-jubilea-letosniho-roku\/#article","isPartOf":{"@id":"https:\/\/terezinskainiciativa.cz\/archiv\/dve-dulezita-jubilea-letosniho-roku\/"},"author":{"name":"TI","@id":"https:\/\/terezinskainiciativa.cz\/#\/schema\/person\/19226cfe72c90058c84eed8ae52b2dcf"},"headline":"Dv\u011b d\u016fle\u017eit\u00e1 jubilea leto\u0161n\u00edho roku","datePublished":"2025-02-24T15:10:41+00:00","dateModified":"2026-03-19T16:22:46+00:00","mainEntityOfPage":{"@id":"https:\/\/terezinskainiciativa.cz\/archiv\/dve-dulezita-jubilea-letosniho-roku\/"},"wordCount":811,"publisher":{"@id":"https:\/\/terezinskainiciativa.cz\/#organization"},"articleSection":["Archiv"],"inLanguage":"en-US"},{"@type":"WebPage","@id":"https:\/\/terezinskainiciativa.cz\/archiv\/dve-dulezita-jubilea-letosniho-roku\/","url":"https:\/\/terezinskainiciativa.cz\/archiv\/dve-dulezita-jubilea-letosniho-roku\/","name":"Dv\u011b d\u016fle\u017eit\u00e1 jubilea leto\u0161n\u00edho roku","isPartOf":{"@id":"https:\/\/terezinskainiciativa.cz\/#website"},"datePublished":"2025-02-24T15:10:41+00:00","dateModified":"2026-03-19T16:22:46+00:00","description":"80 let od osvobozen\u00ed, od konce druh\u00e9 sv\u011btov\u00e9 v\u00e1lky V tomto roce si p\u0159ipom\u00edn\u00e1me osmdes\u00e1t\u00e9 v\u00fdro\u010d\u00ed od osvobozen\u00ed, od konce druh\u00e9 sv\u011btov\u00e9 v\u00e1lky. Druh\u00e1 sv\u011btov\u00e1","breadcrumb":{"@id":"https:\/\/terezinskainiciativa.cz\/archiv\/dve-dulezita-jubilea-letosniho-roku\/#breadcrumb"},"inLanguage":"en-US","potentialAction":[{"@type":"ReadAction","target":["https:\/\/terezinskainiciativa.cz\/archiv\/dve-dulezita-jubilea-letosniho-roku\/"]}]},{"@type":"BreadcrumbList","@id":"https:\/\/terezinskainiciativa.cz\/archiv\/dve-dulezita-jubilea-letosniho-roku\/#breadcrumb","itemListElement":[{"@type":"ListItem","position":1,"name":"Dom\u016f","item":"https:\/\/terezinskainiciativa.cz\/"},{"@type":"ListItem","position":2,"name":"Dv\u011b d\u016fle\u017eit\u00e1 jubilea leto\u0161n\u00edho roku"}]},{"@type":"WebSite","@id":"https:\/\/terezinskainiciativa.cz\/#website","url":"https:\/\/terezinskainiciativa.cz\/","name":"Terez\u00ednsk\u00e1 iniciativa","description":"TI je sdru\u017een\u00ed b\u00fdval\u00fdch v\u011bz\u0148\u016f terez\u00ednsk\u00e9ho ghetta a jejich p\u0159\u00edm\u00fdch potomk\u016f","publisher":{"@id":"https:\/\/terezinskainiciativa.cz\/#organization"},"potentialAction":[{"@type":"SearchAction","target":{"@type":"EntryPoint","urlTemplate":"https:\/\/terezinskainiciativa.cz\/?s={search_term_string}"},"query-input":"required name=search_term_string"}],"inLanguage":"en-US"},{"@type":"Organization","@id":"https:\/\/terezinskainiciativa.cz\/#organization","name":"Terez\u00ednsk\u00e1 iniciativa","url":"https:\/\/terezinskainiciativa.cz\/","logo":{"@type":"ImageObject","inLanguage":"en-US","@id":"https:\/\/terezinskainiciativa.cz\/#\/schema\/logo\/image\/","url":"https:\/\/terezinskainiciativa.cz\/wp-content\/uploads\/2022\/12\/cropped-ti-v2.png","contentUrl":"https:\/\/terezinskainiciativa.cz\/wp-content\/uploads\/2022\/12\/cropped-ti-v2.png","width":242,"height":71,"caption":"Terez\u00ednsk\u00e1 iniciativa"},"image":{"@id":"https:\/\/terezinskainiciativa.cz\/#\/schema\/logo\/image\/"}},{"@type":"Person","@id":"https:\/\/terezinskainiciativa.cz\/#\/schema\/person\/19226cfe72c90058c84eed8ae52b2dcf","name":"TI","image":{"@type":"ImageObject","inLanguage":"en-US","@id":"https:\/\/terezinskainiciativa.cz\/#\/schema\/person\/image\/","url":"https:\/\/secure.gravatar.com\/avatar\/c2d28ae173a6028f6ad18228439211d3?s=96&d=mm&r=g","contentUrl":"https:\/\/secure.gravatar.com\/avatar\/c2d28ae173a6028f6ad18228439211d3?s=96&d=mm&r=g","caption":"TI"},"sameAs":["http:\/\/terezinskainiciativa.cz"]}]}},"_links":{"self":[{"href":"https:\/\/terezinskainiciativa.cz\/en\/wp-json\/wp\/v2\/posts\/903"}],"collection":[{"href":"https:\/\/terezinskainiciativa.cz\/en\/wp-json\/wp\/v2\/posts"}],"about":[{"href":"https:\/\/terezinskainiciativa.cz\/en\/wp-json\/wp\/v2\/types\/post"}],"author":[{"embeddable":true,"href":"https:\/\/terezinskainiciativa.cz\/en\/wp-json\/wp\/v2\/users\/1"}],"replies":[{"embeddable":true,"href":"https:\/\/terezinskainiciativa.cz\/en\/wp-json\/wp\/v2\/comments?post=903"}],"version-history":[{"count":3,"href":"https:\/\/terezinskainiciativa.cz\/en\/wp-json\/wp\/v2\/posts\/903\/revisions"}],"predecessor-version":[{"id":906,"href":"https:\/\/terezinskainiciativa.cz\/en\/wp-json\/wp\/v2\/posts\/903\/revisions\/906"}],"wp:attachment":[{"href":"https:\/\/terezinskainiciativa.cz\/en\/wp-json\/wp\/v2\/media?parent=903"}],"wp:term":[{"taxonomy":"category","embeddable":true,"href":"https:\/\/terezinskainiciativa.cz\/en\/wp-json\/wp\/v2\/categories?post=903"},{"taxonomy":"post_tag","embeddable":true,"href":"https:\/\/terezinskainiciativa.cz\/en\/wp-json\/wp\/v2\/tags?post=903"}],"curies":[{"name":"wp","href":"https:\/\/api.w.org\/{rel}","templated":true}]}}