{"id":921,"date":"2025-03-14T18:01:18","date_gmt":"2025-03-14T17:01:18","guid":{"rendered":"https:\/\/terezinskainiciativa.cz\/?p=921"},"modified":"2026-03-19T17:22:33","modified_gmt":"2026-03-19T16:22:33","slug":"tryzna-v-pinkasove-synagoze","status":"publish","type":"post","link":"https:\/\/terezinskainiciativa.cz\/en\/archiv\/tryzna-v-pinkasove-synagoze\/","title":{"rendered":"Tryzna v Pinkasov\u011b synagoze"},"content":{"rendered":"<h2 class=\"wp-block-heading\">V Pinkasov\u011b synagoze prob\u011bhla v p\u00e1tek 7. b\u0159ezna tradi\u010dn\u00ed tryzna za terez\u00ednsk\u00fd rodinn\u00fd t\u00e1bor<\/h2>\n\n\n\n<p><br><strong>V\u0161echny p\u0159\u00edtomn\u00e9 uv\u00edtal Michal Str\u00e1nsk\u00fd, p\u0159edseda Terez\u00ednsk\u00e9 iniciativy:<\/strong><br>V\u00e1\u017een\u00ed \u010dlenov\u00e9 Terez\u00ednsk\u00e9 iniciativy, v\u00e1\u017een\u00e9 d\u00e1my a v\u00e1\u017een\u00ed p\u00e1nov\u00e9, v\u0161echny v\u00e1s v\u00edt\u00e1m na dne\u0161n\u00ed ka\u017edoro\u010dn\u00ed tryzn\u011b.<br>Zvl\u00e1\u0161t\u011b v\u00edt\u00e1m vz\u00e1cn\u00e9 hosty:<br><strong>pan\u00ed Roni Abramson<\/strong>, z\u00e1stupkyni velvyslankyn\u011b St\u00e1tu Izrael s doprovodem,<br><strong>pan\u00ed Petru Dachtler<\/strong>, z\u00e1stupkyn\u011b velvyslance Spolkov\u00e9 republiky N\u011bmecko s doprovodem,<br><strong>pan\u00ed Bettinu Kirnbauer<\/strong>, velvyslankyni Rakousk\u00e9 republiky s doprovodem,<br><strong>pana Jana Roub\u00ednka<\/strong>, \u0159editele Pam\u00e1tn\u00edku Terez\u00edn,<br><strong>pan\u00ed Pavlu Niklovou<\/strong>, \u0159editelku \u017didovsk\u00e9ho muzea v Praze,<br>oba p\u00e1ny rab\u00edny \u2013 vrchn\u00edho rab\u00edna pana Karola Sidona i pra\u017esk\u00e9ho rab\u00edna pana Davida Petera.<\/p>\n\n\n\n<p><br><strong>Va\u0161\u00ed \u00fa\u010dasti na dne\u0161n\u00ed tryzn\u011b si velmi v\u00e1\u017e\u00edm.<\/strong><\/p>\n\n\n\n<p><br>V\u0161ichni v\u00edte, pro\u010d jsme se dnes se\u0161li v Pinkasov\u011b synagoze. V\u0161ichni v\u00edte, co se ud\u00e1lo p\u0159ed jedenaosmdes\u00e1ti lety v nejhr\u016fzn\u011bj\u0161\u00edm koncentra\u010dn\u00edm a vyhlazovac\u00edm t\u00e1bo\u0159e v Osv\u011btimi. P\u0159edpokl\u00e1d\u00e1m, \u017ee v\u0161ichni zn\u00e1te z historie, \u017ee na z\u00edt\u0159ej\u0161\u00ed den p\u0159ipad\u00e1 v\u00fdro\u010d\u00ed nejv\u011bt\u0161\u00ed hromadn\u00e9 vra\u017edy \u010desk\u00fdch ob\u010dan\u016f, v\u0161ichni v\u00edte, \u017ee v noci z osm\u00e9ho na dev\u00e1t\u00e9ho b\u0159ezna p\u0159i\u0161lo o \u017eivot bezm\u00e1la \u010dty\u0159i tis\u00edce lidsk\u00fdch bytost\u00ed.<br><br>Pros\u00edm, uct\u011bme minutou ticha jejich pam\u00e1tku i pam\u00e1tku v\u0161ech zavra\u017ed\u011bn\u00fdch, a to nejen v Osv\u011btimi. Vzpome\u0148me tak\u00e9 na ob\u011bti palestinsk\u00e9ho \u0159\u00e1d\u011bn\u00ed 7. \u0159\u00edjna 2023.<br><br>Sch\u00e1z\u00edme se tady pravideln\u011b ka\u017ed\u00fd rok, abychom si na ob\u011bti rodinn\u00e9ho t\u00e1bora nejen vzpomn\u011bli, ale abychom si tak\u00e9 uv\u011bdomili a p\u0159ipomn\u011bli, \u017ee rasismus a antisemitismu, intolerance a lidsk\u00e1 nesn\u00e1\u0161enlivost neskon\u010dila z\u00e1rove\u0148 s koncem 2. sv\u011btov\u00e9 v\u00e1lky. Bohu\u017eel trv\u00e1 dosud. V Evrop\u011b i jinde.<br><br>6 sv\u00ed\u010dek za 6 milion\u016f \u017eidovsk\u00fdch ob\u011bt\u00ed zap\u00e1l\u00ed dnes mlad\u00e1 sle\u010dna Just\u00fdna Kol\u00e1rov\u00e1, vnu\u010dka Olgy a Vladim\u00edra Kol\u00e1rov\u00fdch.<br><br>Hlavn\u00ed projev p\u0159ednese Pavel Hoffmann, kter\u00fd \u017eije u\u017e tak\u0159ka 60 let ve Spolkov\u00e9 republice N\u011bmecko a kter\u00fd ne\u00fanavn\u011b p\u0159edn\u00e1\u0161\u00ed v N\u011bmecku na co by, pr\u00e1v\u011b tam, nem\u011bli zapomenout.<br><br>Tryznu za ob\u011bti terez\u00ednsk\u00e9ho rodinn\u00e9ho t\u00e1bora ukon\u010d\u00ed modlitbou vrchn\u00ed rab\u00edn pan Karol Sidon.<\/p>\n\n\n\n<h2 class=\"wp-block-heading\">Hlavn\u00ed projev p\u0159ednesl Pavel Hoffmann:<\/h2>\n\n\n\n<p>V\u00e1\u017een\u00e9 d\u00e1my, v\u00e1\u017een\u00ed p\u00e1nov\u00e9, mil\u00ed p\u0159\u00e1tel\u00e9,<br>pova\u017euji za velkou \u010dest, \u017ee j\u00e1 jako zahrani\u010dn\u00ed a jeden z nejmlad\u0161\u00edch \u010dlen\u016f prvn\u00ed generace Terez\u00ednsk\u00e9 iniciativy sm\u00edm pron\u00e9st pam\u00e1tn\u00ed \u0159e\u010d na t\u00e9to tryzn\u011b, kde vzpom\u00edn\u00e1me na jednu z nejv\u011bt\u0161\u00edch vra\u017ed \u010desk\u00fdch \u017eid\u016f v Osv\u011btimi. P\u0159i m\u00fdch besed\u00e1ch v N\u011bmecku, kde \u017eiji u\u017e skoro 60 let, a jin\u00fdch zem\u00edch je tato ud\u00e1lost v\u017edy \u010d\u00e1st\u00ed m\u00e9 p\u0159edn\u00e1\u0161ky. Celkem 17 500 \u010desk\u00fdch \u017eid\u016f bylo deportov\u00e1no b\u011bhem konce 1943 a za\u010d\u00e1tkem 1944 do Osv\u011btimi. I moje teta Gertruda Steinov\u00e1 a jej\u00ed dcera Eva Steinov\u00e1 byly v t\u011bch transportech. Ob\u011b byly zavra\u017ed\u011bny v plynov\u00fdch komor\u00e1ch, pravd\u011bpodobn\u011b hned po p\u0159\u00edjezdu do Osv\u011btimi. Prvn\u00edch 5 000 \u010desk\u00fdch \u017eid\u016f, kte\u0159\u00ed byli u\u017e v z\u00e1\u0159\u00ed 1943 deportov\u00e1ni, bylo kv\u016fli mo\u017enosti kontroly \u010cerven\u00fdm k\u0159\u00ed\u017eem u\u0161et\u0159eno nelidsk\u00e9ho oholen\u00ed hlavy a roztr\u017een\u00ed rodin. \u010cekali na \u201ezvl\u00e1\u0161tn\u00ed zach\u00e1zen\u00ed\u201c 6 m\u011bs\u00edc\u016f. Po 6 m\u011bs\u00edc\u00edch, kdy bylo jasn\u00e9, \u017ee \u010cerven\u00fd k\u0159\u00ed\u017e u\u017e nebude Osv\u011btim kontrolovat, bylo t\u011bch 3 792 p\u0159e\u017eiv\u0161\u00edch \u010desk\u00fdch \u017eid\u016f tzv. rodinn\u00e9ho t\u00e1bora b\u011bhem jedn\u00e9 noci v plynov\u00e9 komo\u0159e brut\u00e1ln\u011b zavra\u017ed\u011bno. Pokud m\u00e1m spr\u00e1vnou informaci, zp\u00edvali tito \u010de\u0161t\u00ed \u017eid\u00e9 p\u0159ed vra\u017edou Hatikvu (dne\u0161n\u00ed izraelskou hymnu) a \u010deskou n\u00e1rodn\u00ed hymnu. P\u0159i t\u00e9to informaci, kterou uv\u00e1d\u00edm v besed\u00e1ch, \u0159\u00edk\u00e1m, \u017ee i pro tyto k smrti odsouzen\u00e9 \u017eidy byl Izrael jedinou nad\u011bj\u00ed pro budoucnost \u017eidovsk\u00e9ho n\u00e1roda.<\/p>\n\n\n\n<p>Jen n\u011bkolik m\u011bs\u00edc\u016f po t\u00e9to hrozn\u00e9 vra\u017ed\u011b bylo Eichmannov\u00fdmi transporty deportov\u00e1no v\u00edc ne\u017e 400 000 ma\u010farsk\u00fdch \u017eid\u016f do Osv\u011btimi, v\u011bt\u0161ina z nich byla takt\u00e9\u017e v plynov\u00fdch komor\u00e1ch brut\u00e1ln\u011b zavra\u017ed\u011bna. Byla to nejv\u011bt\u0161\u00ed hromadn\u00e1 vra\u017eda v t\u00e9to v\u00e1lce. Mezi t\u011bmito ma\u010farsk\u00fdmi \u017eidy byly 4 generace m\u00e9 rodiny z \u010ceskoslovensk\u00e9 zakarpatsk\u00e9 \u010d\u00e1sti, kter\u00e1 byla od roku 1938 n\u00e1siln\u011b p\u0159ipojena k Ma\u010farsku. Nejmlad\u0161\u00ed \u2013 Ji\u0159\u00ed \u2013 dvoulet\u00fd syn m\u00e9ho str\u00fdce, a nejstar\u0161\u00ed \u2013 moje t\u0159iaosmdes\u00e1tilet\u00e1 prababi\u010dka Kate\u0159ina, kter\u00e1 dokonce dojela \u017eiv\u00e1 v dobyt\u010d\u00e1ku do Osv\u011btimi (jak mi potvrdila jedna \u00fa\u010dastnice t\u00e9to deportace, kter\u00e1 jako mlad\u00e1 \u017eena Osv\u011btim p\u0159e\u017eila). A\u017e na m\u00e9ho str\u00fdce, mlad\u00e9ho l\u00e9ka\u0159e, nikdo z m\u00e9 bl\u00edzk\u00e9 rodiny Osv\u011btim nep\u0159e\u017eil.<\/p>\n\n\n\n<p>J\u00e1 jsem se narodil v Praze, kde si moje matka vzala v roce 1938 m\u00e9ho otce. Po atent\u00e1tu na Heydricha byl m\u016fj otec 11. \u010dervna 1942 zast\u0159elen spolu s ostatn\u00edmi ob\u011b\u0165mi v Kobylis\u00edch. Jen t\u0159i m\u011bs\u00edce po t\u00e9to vra\u017ed\u011b byli rodi\u010de m\u00e9ho otce, sudeton\u011bme\u010dt\u00ed \u017eid\u00e9, deportov\u00e1ni do Osv\u011btimi a okam\u017eit\u011b po p\u0159\u00edjezdu zavra\u017ed\u011bni v plynov\u00fdch komor\u00e1ch. J\u00e1 s\u00e1m jsem byl v \u010dervnu 1943 spolu s mou matkou deportov\u00e1n do Terez\u00edna. Moje matka, 34let\u00e1 d\u011btsk\u00e1 l\u00e9ka\u0159ka, zem\u0159ela v Terez\u00edn\u011b b\u011bhem kr\u00e1tk\u00e9 doby a j\u00e1 jsem p\u0159e\u017eil t\u00e9m\u011b\u0159 z\u00e1zrakem jako 4let\u00fd chlapec skoro dva roky v Terez\u00edn\u011b, kde jsem vlastn\u011b \u010dekal po celou dobu na deportaci do Osv\u011btimi, resp. na plynovou komoru. Neuv\u011b\u0159iteln\u00fdm osudem jsem byl v \u00fanoru 1945 za\u0159azen do tzv. \u0161v\u00fdcarsk\u00e9ho transportu s 1 200 v\u011bzni, kter\u00fd opravdu dorazil 7. \u00fanora 1945 do St. Gallen. P\u0159esto\u017ee jsem podle dochovan\u00e9ho z\u00e1znamu \u0161v\u00fdcarsk\u00e9ho l\u00e9ka\u0159e byl smrteln\u011b nemocen a t\u011b\u017ece traumatizovan\u00fd, byl jsem od t\u00e9 doby osvobozen.<\/p>\n\n\n\n<p class=\"has-text-align-center\">***<\/p>\n\n\n\n<p>V\u00e1\u017een\u00e9 d\u00e1my a p\u00e1nov\u00e9, mil\u00ed p\u0159\u00e1tel\u00e9 z Terez\u00ednsk\u00e9 iniciativy,<br>my z prvn\u00ed generace, kte\u0159\u00ed jsme p\u0159e\u017eili tuto hr\u016fzu, vzpom\u00edn\u00e1me u\u017e 80 let na na\u0161e zavra\u017ed\u011bn\u00e9 sestry, bratry, rodi\u010de a prarodi\u010de.<\/p>\n\n\n\n<p>Napsalo se tis\u00edce knih a p\u0159\u00edb\u011bh\u016f o osudech, uspo\u0159\u00e1dalo statis\u00edce besed, \u010detli jsme pozorn\u011b historii tohoto \u00fa\u017easn\u00e9ho n\u00e1roda za 3 000 let, od antiky, st\u0159edov\u011bku, doby temna a\u017e do dne\u0161n\u00ed doby. Je asi nejvy\u0161\u0161\u00ed \u010das ud\u011blat jednou jakoby \u00fa\u010detn\u00ed uz\u00e1v\u011brku, abychom si uv\u011bdomili d\u0159\u00edve, ne\u017e v\u0161ichni odejdeme, jak\u00fdch c\u00edl\u016f jsme dos\u00e1hli ve sv\u011bt\u011b, kter\u00fd byl i bez ohledu na holocaust u\u017e 2,5 tis\u00edce let antisemitsk\u00fd. Ka\u017ed\u00fd z n\u00e1s m\u011bl zcela jin\u00fd osud a vn\u00edmal pohled na svou identitu jinak. Mus\u00edm p\u0159iznat, \u017ee ne\u017e jsem se dostal do N\u011bmecka, nebral jsem navzdory m\u00e9mu osudu m\u00e9 \u017eidovstv\u00ed v\u00e1\u017en\u011b. Dozv\u011bd\u011bl jsem se \u010dirou n\u00e1hodou a\u017e ve sv\u00fdch 9 letech, \u017ee jsem \u017did. Dokonce ani dobu pron\u00e1sledov\u00e1n\u00ed a popravy \u017eid\u016f Stalinem a komunisty za doby Sl\u00e1nsk\u00e9ho, jsem nevn\u00edmal jako mlad\u00fd \u017e\u00e1k tak pozorn\u011b, jak by si situace zaslou\u017eila. M\u011bl jsem \u0161t\u011bst\u00ed, \u017ee v rodin\u011b sestry m\u00e9 tety na v\u00fdchodn\u00edm Slovensku, kter\u00e1 se m\u011b jako nemocn\u00e9ho sirotka ujala, se p\u011bstovaly aspo\u0148 minim\u00e1ln\u00ed \u017eidovsk\u00e9 tradice, tak\u017ee jsem m\u011bl dokonce ve sv\u00fdch 13 letech Bar micva.<\/p>\n\n\n\n<p>Do zem\u011b pachatel\u016f holocaustu jsem se dostal zcela n\u00e1hodn\u011b, t\u011bsn\u011b p\u0159ed obsazen\u00edm \u010ceskoslovenska Sov\u011btskou arm\u00e1dou. P\u0159esto p\u0159izn\u00e1v\u00e1m, \u017ee jako aktivn\u00ed \u017eid \u017eiju teprve 30 let, tzn. prakticky od revoluce, od t\u00e9 doby, co jsem se ke zd\u011b\u0161en\u00ed m\u00e9 man\u017eelky a \u010d\u00e1ste\u010dn\u011b m\u00e9 rodiny ve\u0159ejnosti p\u0159edstavil jako \u010dlen \u017eidovsk\u00e9ho n\u00e1roda a p\u0159e\u017eiv\u0161\u00ed holocaustu. Za\u010dal jsem chodit na besedy, ps\u00e1t \u010dl\u00e1nky, a hlavn\u011b zaj\u00edmal jsem se o St\u00e1t Izrael a podrobn\u011b o Bl\u00edzk\u00fd v\u00fdchod. Od t\u00e9 doby ale \u017eiji jako politick\u00fd \u017eid velmi aktivn\u011b a m\u00e1m v\u00edc kritik\u016f, ne\u017e si dovedete v\u016fbec p\u0159edstavit. <\/p>\n\n\n\n<p>N\u011bmecko ml\u010delo po v\u00e1lce skoro 20 let, ne\u017e se za\u010dalo s tzv. Gedenkkultur neboli vzpom\u00ednkovou kulturou. M\u00e9 dcery se ve 13 letech rozhodly pragmaticky, \u017ee se stanou \u00fa\u0159edn\u011b k\u0159es\u0165ankami jako jejich matka. Moje star\u0161\u00ed dcera se nedozv\u011bd\u011bla ve \u0161kole o holocaustu skoro nic a moje mlad\u0161\u00ed dcera jen d\u00edky u\u010diteli n\u00e1bo\u017eenstv\u00ed, kter\u00fd \u017e\u00e1k\u016fm z vlastn\u00edho popudu vypr\u00e1v\u011bl o tomto nejv\u011bt\u0161\u00edm zlo\u010dinu na lidstvu. Tehdy p\u0159i\u0161la dcera jednou ze \u0161koly a \u0159ekla mi: \u201eT\u00e1to, jsem r\u00e1da, \u017ee k nim nepat\u0159\u00edm.\u201c Dnes, kdy\u017e jim je p\u0159es 60 let, z\u016fstal jsem jako \u017eid jedin\u00fd v rodin\u011b a o holocaust se zaj\u00edm\u00e1 z 15\u010dlenn\u00e9 rodiny se \u010dty\u0159mi vnuky a vnu\u010dkami jako\u017e i s t\u0159emi pravnuky jedin\u011b m\u016fj nejmlad\u0161\u00ed vnuk David.<\/p>\n\n\n\n<p>Kdo v\u011b\u0159il, \u017ee po holocaustu a vyvra\u017ed\u011bn\u00ed dvou t\u0159etin evropsk\u00fdch \u017eid\u016f, resp. 90 % \u017eidovsk\u00fdch d\u011bt\u00ed v Evrop\u011b, je antisemitismus minulost\u00ed, se hrozn\u011b zm\u00fdlil.<\/p>\n\n\n\n<p>P\u0159i\u0161el jsem do N\u011bmecka v roce 1968 a tehdy v\u011bt\u0161ina lid\u00ed k\u0159i\u010dela \u201eMy jsme Izrael\u201c. Doufal jsem, \u017ee to bylo vyj\u00e1d\u0159en\u00ed sympati\u00ed k \u017eid\u016fm. Pozd\u011bji jsem si uv\u011bdomil, \u017ee to byla jen nad\u011bje, \u017ee obrovsk\u00e1 arabsk\u00e1 p\u0159evaha kone\u010dn\u011b zni\u010d\u00ed \u017eidy v Izraeli, a tentokr\u00e1t to nebudou N\u011bmci. To se uk\u00e1zalo velmi jasn\u011b p\u0159i tzv. jomkipursk\u00e9 v\u00e1lce v roce 1973, kdy izrael\u0161t\u00ed \u017eid\u00e9 bojovali o svou existenci. Od roku 1967 se za\u010dala situace pro \u017eidovsk\u00fd n\u00e1rod z\u00e1sadn\u011b m\u011bnit. \u017didovsk\u00fd n\u00e1rod, kter\u00fd m\u011bl kone\u010dn\u011b sv\u016fj st\u00e1t, kter\u00fd sl\u00edbil ka\u017ed\u00e9mu \u017eidovi na sv\u011bt\u011b mo\u017enost pobytu a jistoty a kter\u00fd dok\u00e1zal, \u017ee je schopen splnit poselstv\u00ed, kter\u00e9 \u017eid\u00e9, co vylezli roku 1945 z pekla dali sv\u011btu: <strong>\u201eU\u017e nikdy se nevystav\u00edme nebezpe\u010d\u00ed tot\u00e1ln\u00edho zni\u010den\u00ed, tento slib v n\u00e1s v\u0161ech ho\u0159\u00ed. To je na\u0161e zku\u0161enost, na\u0161e historie.\u201c<\/strong><\/p>\n\n\n\n<p>Najednou se ve\u0161ker\u00e9 diktatury a kupodivu i tzv. progresivn\u00ed vl\u00e1dy spojily s vra\u017eedn\u00fdm n\u00e1rodem, kter\u00fd se vytvo\u0159il v 70. letech a dal si jm\u00e9no antick\u00e9ho n\u00e1roda Fili\u0161t\u00edn\u016f, tedy jednoho z nejv\u011bt\u0161\u00edch nep\u0159\u00e1tel prvn\u00edho antick\u00e9ho \u017eidovsk\u00e9ho st\u00e1tu. Jeho zakladatel\u00e9 ve\u0159ejn\u011b prohl\u00e1sili, \u017ee vytvo\u0159ili tento n\u00e1rod za jedin\u00fdm \u00fa\u010delem, a to zni\u010dit \u017eidovsk\u00fd st\u00e1t a jeho obyvatele. Od t\u00e9 doby podporuj\u00ed tento n\u00e1rod ve\u0161ker\u00e9 tzv. levicov\u011b liber\u00e1ln\u00ed vl\u00e1dy a organizace. Ve jm\u00e9nu tohoto n\u00e1roda byla roku 1976 provedena dv\u011bma n\u011bmeck\u00fdmi levicov\u00fdmi aktivisty Willfriedem B\u00f6sem a Brigittou Kuhlmannovou, spole\u010dn\u011b s arabsk\u00fdmi teroristy, prvn\u00ed pov\u00e1le\u010dn\u00e1 selekce \u017eid\u016f a ve jm\u00e9nu tohoto vra\u017eedn\u00e9ho n\u00e1roda bylo barbarsky zavra\u017ed\u011bno nespo\u010det \u017eid\u016f ve Francii, Belgii, N\u011bmecku, Izraeli a v jin\u00fdch zem\u00edch. Sou\u010dasn\u011b za\u010dala arabsk\u00e1 a levicov\u00e1 propaganda perverzn\u011b m\u011bnit historii, odsuzovat a oso\u010dovat Izrael, jeho vl\u00e1du a \u017eidy v\u0161eobecn\u011b. Sv\u011bt si za\u010dal zvykat na tvrzen\u00ed, \u017ee \u017eidovsk\u00fd st\u00e1t je rakovinn\u00fdm n\u00e1dorem, kter\u00fd mus\u00ed b\u00fdt zni\u010den. V tomto ovzdu\u0161\u00ed jsem za\u010dal p\u0159edn\u00e1\u0161et na besed\u00e1ch a m\u011bnil sv\u00e9 p\u0159edn\u00e1\u0161ky kv\u016fli nesnesitelnosti pohledu sv\u011bta na \u017eidy a jejich jedinou demokratickou zemi na Bl\u00edzk\u00e9m v\u00fdchod\u011b.<\/p>\n\n\n\n<p>Dnes \u017eiji v zemi, jej\u00ed\u017e prezident pokl\u00e1d\u00e1 v\u011bnec na hrob vraha, teroristy a antisemity Arafata! \u017diji v zemi, jej\u00ed\u017e kancl\u00e9\u0159ka p\u0159ivedla do N\u011bmecka miliony antisemitsk\u00fdch muslim\u016f, kte\u0159\u00ed zde \u00fato\u010d\u00ed na \u017eidy a \u017eidovsk\u00e9 instituce. V zemi, jej\u00ed\u017e kancl\u00e9\u0159 nab\u00edz\u00ed sv\u011btozn\u00e1m\u00e9mu antisemitovi Abu Mazenovi (Mahm\u00fad Abb\u00e1s) ve\u0159ejn\u00fd v\u00fdstup ve spolkov\u00e9m kancl\u00e9\u0159stv\u00ed a po antisemitsk\u00e9m nen\u00e1vistn\u00e9m projevu mu dokonce pod\u00e1v\u00e1 ruku. V zemi, kter\u00e1 podporuje teroristick\u00e9 gangy a kolaboruje s antisemitsk\u00fdmi st\u00e1ty jako Katar a \u00cdr\u00e1n, kter\u00e9 cht\u011bj\u00ed zni\u010dit \u017eidovsk\u00fd St\u00e1t Izrael a n\u00e1s \u017eidy. V zemi, kde po m\u00e9 besed\u011b ve \u0161kole p\u0159ijdou muslim\u0161t\u00ed \u017e\u00e1ci k u\u010ditelce a \u0159eknou j\u00ed, \u017ee Hitler ud\u011blal velkou chybu, proto\u017ee nezni\u010dil v\u0161echny \u017eidy a nechal n\u011bkter\u00e9 \u017e\u00edt. Je\u0161t\u011b hor\u0161\u00ed je, \u017ee u\u010ditelka se mi p\u00edsemn\u011b p\u0159iznala, \u017ee se neodv\u00e1\u017e\u00ed proti tomu n\u011bco ud\u011blat. V zemi, kde ve v\u011bt\u0161in\u011b \u0161kol s muslimskou v\u011bt\u0161inou je nejhor\u0161\u00ed nad\u00e1vka ve \u0161kole \u201ety \u017eide, ty ob\u011bti\u201c a kde \u017eidov\u0161t\u00ed \u017e\u00e1ci opou\u0161t\u011bj\u00ed st\u00e1tn\u00ed \u0161koly, proto\u017ee nevydr\u017e\u00ed ten mobbing a p\u0159ech\u00e1zej\u00ed do soukrom\u00fdch \u017eidovsk\u00fdch \u0161kol. V zemi, kde pok\u0159ik \u201eHamas, Hamas Juden ins Gas\u201c ze statis\u00edce hrdel je pova\u017eov\u00e1n za projev lidov\u00e9ho folkl\u00f3ru a z\u016fst\u00e1v\u00e1 bez konsekvence. Kde tis\u00edcov\u00fd dav slavil nejv\u011bt\u0161\u00ed a nejbarbar\u0161t\u011bj\u0161\u00ed vra\u017edu \u017eid\u016f od holocaustu jako n\u00e1rodn\u00ed sv\u00e1tek, bez toho, \u017ee by n\u011bkdo okam\u017eit\u011b zakro\u010dil. V zemi, kde p\u0159ed synagogami mus\u00ed ve dne v noci st\u00e1t ozbrojenci. V zemi, kde se nemohu v\u017edy a v\u0161ude projevit jako \u017eid. V zemi, kde izraelskou vlajku vykoupenou \u017eidovskou krv\u00ed, \u010d\u00e1st obyvatel vn\u00edm\u00e1 jako provokaci. V zemi, kde dokonce Centr\u00e1ln\u00ed rada \u017eid\u016f nedoporu\u010duje \u017eid\u016fm nosit ve\u0159ejn\u011b jarmulku a ukazovat \u017eidovskou identitu.<\/p>\n\n\n\n<p class=\"has-text-align-center\">***<\/p>\n\n\n\n<p>V\u00e1\u017een\u00e9 d\u00e1my a p\u00e1nov\u00e9, mil\u00ed p\u0159\u00e1tel\u00e9,<br>holocaust a jeho p\u0159e\u017eiv\u0161\u00ed slou\u017e\u00ed dne\u0161n\u00ed n\u011bmeck\u00e9 vl\u00e1d\u011b u\u017e n\u011bkolik let jen jako bi\u010d proti lidem s jin\u00fdm sm\u00fd\u0161len\u00edm, ne\u017e vy\u017eaduje \u010derveno-zelen\u00e1 ideologie. Je a\u017e trapn\u00e9, kdy\u017e se s fr\u00e1zemi, kter\u00fdmi tito 95 a\u017e stolet\u00ed p\u0159e\u017eiv\u0161\u00ed p\u0159i r\u016fzn\u00fdch ud\u00e1lostech mus\u00ed podporovat vl\u00e1dn\u00ed propagandu. P\u0159\u00edslu\u0161n\u00edci izraelsk\u00e9 vl\u00e1dy se naz\u00fdvaj\u00ed ultrapravi\u010d\u00e1ky a skoro fa\u0161isty na druh\u00e9 stran\u011b plat\u00ed skoro v\u0161echny z\u00e1padoevropsk\u00e9 vl\u00e1dy, jako\u017e i n\u011bmeck\u00e1, pod rou\u0161kou humanity, za vyvra\u017ed\u011bn\u00ed \u017eid\u016f milionov\u00e9 \u010d\u00e1stky masov\u00e9mu vrahovi Abb\u00e1sovi, kter\u00fd prokazateln\u011b plat\u00ed ka\u017ed\u00e9mu vrahovi \u017eid\u016f v\u011bt\u0161\u00ed odm\u011bny, ne\u017e je plat arabsk\u00e9ho d\u011bln\u00edka. V\u011bt\u0161ina n\u011bmeck\u00e9ho obyvatelstva souhlas\u00ed s t\u00edm, aby dal\u0161\u00ed, jakkoliv vznikl\u00fd tzv. st\u00e1t Palestina byl zcela bez \u017eid\u016f (Judenfrei), jak to p\u0159\u00edse\u017en\u011b sl\u00edbil sv\u00fdm spoluob\u010dan\u016fm pan Abb\u00e1s a v minulosti Adolf.<\/p>\n\n\n\n<p>Nejenom j\u00e1, ale i velc\u00ed sv\u011btov\u011b zn\u00e1m\u00ed \u017eid\u00e9 jako Eli Wiesel, Leon de Winter, Imre Kert\u00e9sz pova\u017euj\u00ed antisionismus a nen\u00e1vist k Izraeli za nejv\u011bt\u0161\u00ed nebezpe\u010d\u00ed pro \u017eidovskou existenci. Jako p\u0159\u00edklad bych r\u00e1d citoval n\u011bkter\u00e9 v\u00fdroky nositele Nobelovy ceny a p\u0159e\u017eiv\u0161\u00edho holocaustu Imreho Kert\u00e9sze, kter\u00fd ve sv\u00e9m posledn\u00edm d\u00edle p\u0159ed smrt\u00ed \u201eEinkehr\u201c, co\u017e je v p\u0159enesen\u00e9m smyslu sebereflexe, kde si on i ostatn\u00ed uv\u011bdomili, jak m\u00e1lo se na sv\u011btov\u00e9m antisemitismu, a\u017e na zp\u016fsob a zdroj, zm\u011bnilo. Imre Kert\u00e9sz p\u00ed\u0161e, cituji:<\/p>\n\n\n\n<p><em>\u201eDomn\u00edv\u00e1m se, \u017ee evrop\u0161t\u00ed \u017eid\u00e9 se dopou\u0161t\u011bj\u00ed sebevra\u017eedn\u00e9 chyby, kdy\u017e se p\u0159ipoj\u00ed k vyt\u00ed evropsk\u00fdch intelektu\u00e1l\u016f a vysok\u00fdch \u00fa\u0159edn\u00edk\u016f, kte\u0159\u00ed je je\u0161t\u011b v\u010dera cht\u011bli vyhubit a kte\u0159\u00ed nyn\u00ed pod z\u00e1minkou kritiky Izraele nach\u00e1zej\u00ed nov\u00fd jazyk pro star\u00fd antisemitismus. Pro\u010d by m\u011bli mezit\u00edm sv\u00e9 z\u00e1m\u011bry zm\u011bnit?\u201c<\/em><\/p>\n\n\n\n<p><em><br>\u201eD\u011bkuji Bohu, \u017ee vid\u00edm dnes Davidovu hv\u011bzdu na izraelsk\u00fdch tanc\u00edch, a ne na sv\u00e9 hrudi jako v roce 1945.\u201c<\/em><\/p>\n\n\n\n<p><em><br>\u201eV\u017edy m\u011b znepokojovala le\u017e zahalen\u00e1 sentimentalitou, kter\u00e1 obklopovala Osv\u011btim. Nyn\u00ed, kdy\u017e se Evropa otev\u0159en\u011b p\u0159izn\u00e1v\u00e1 ke zni\u010den\u00ed Izraele, vyhlazov\u00e1n\u00ed \u017eid\u016f a jin\u00fdmi slovy k Osv\u011btimi, vzduch se tak\u0159\u00edkaj\u00edc vy\u010distil.\u201c<\/em><\/p>\n\n\n\n<p>Jedin\u00fd blog kritizuj\u00edc\u00ed dne\u0161n\u00ed situaci, kter\u00fd by zalo\u017een potomkem p\u0159e\u017eiv\u0161\u00edch holocaust Henrykem Broderem a jeho\u017e auto\u0159i jsou velmi \u010dasto evrop\u0161t\u00ed a izrael\u0161t\u00ed \u017eid\u00e9, kte\u0159\u00ed nejsou naka\u017eeni levicov\u00fdm virem a hlavn\u011b nejsou placeni vl\u00e1dou, jsou v dne\u0161n\u00edm N\u011bmecku nejen neuv\u011b\u0159iteln\u011b tvrd\u011b kritizov\u00e1ni a mus\u00ed \u010dasto k soudu br\u00e1nit sv\u00e1 pr\u00e1va, ale zbab\u011bl\u00fdm zp\u016fsobem zbavov\u00e1ni existence t\u00edm, \u017ee levicov\u00e9 organizace p\u00ed\u0161\u00ed spole\u010dnostem, kter\u00e9 sv\u00e9 reklamy na tomto blogu uve\u0159ej\u0148uj\u00ed, \u017ee roz\u0161\u00ed\u0159\u00ed pomluvu, \u017ee podporuj\u00ed pravi\u010d\u00e1ky a nep\u0159\u00e1tele demokracie. Bohu\u017eel s \u00fasp\u011bchem, tak\u017ee my \u010dten\u00e1\u0159i jsme n\u011bkolikr\u00e1t museli zachr\u00e1nit tento blog a nakladatelstv\u00ed p\u0159ed bankrotem.<\/p>\n\n\n\n<p>V dne\u0161n\u00edm N\u011bmecku se strana, kter\u00e1 jedin\u00e1 po\u017eaduje zastaven\u00ed placen\u00ed milion\u016f euro za vyvra\u017e\u010fov\u00e1n\u00ed \u017eid\u016f Abb\u00e1sovi, a t\u00edm organizaci Ham\u00e1s, a jedin\u00e1 po\u017eaduje pova\u017eovat Jeruzal\u00e9m za hlavn\u00ed m\u011bsto Izraele, ozna\u010duje za spolek nacist\u016f a za vyvrhele lidstva.<\/p>\n\n\n\n<p>Nejv\u00edc jsem ale poznal nebezpe\u010dn\u00fd antisemitismus po sedm\u00e9m \u0159\u00edjnu 2023, kdy jsem poprv\u00e9 za\u017eil ud\u00e1lost, kterou jsem nazval a naz\u00fdv\u00e1m holocaustem. Kdo si mysl\u00ed, \u017ee p\u0159eh\u00e1n\u00edm, a\u0165 si p\u0159edstav\u00ed, co by se stalo s 8 miliony izraelsk\u00fdch \u017eid\u016f, kdyby se neum\u011bli br\u00e1nit. Proto \u010dtu moje stanovisko, kter\u00e9 uve\u0159ejnil \u010dasopis Terez\u00ednsk\u00e1 iniciativa v listopadu 2022. P\u0159ed ka\u017edou mou p\u0159edn\u00e1\u0161kou ve \u0161kole, univerzit\u011b nebo spolku, kam m\u011b pozvou, zve\u0159ej\u0148uji i interview ir\u00e1ck\u00e9ho \u017eidovsk\u00e9ho chlapce Simona, kter\u00fd p\u0159e\u017eil jeden z nejhor\u0161\u00edch pogrom\u016f v roce 1941 se jm\u00e9nem Farhud.<\/p>\n\n\n\n<p>Moje posledn\u00ed beseda se studenty pedagogick\u00e9 fakulty v Augsburgu byla uk\u00e1zkou dne\u0161n\u00edho postoje k t\u00e9 barbarsk\u00e9 vra\u017ed\u011b 1 200 Izraelc\u016f a v\u016f\u010di \u017eid\u016fm v\u016fbec. Po p\u0159ednesen\u00ed m\u00e9ho stanoviska jsem p\u0159e\u0161el na moji p\u0159edn\u00e1\u0161ku jako v posledn\u00edch 15 letech. Asi ve t\u0159ech \u010dtvrtin\u00e1ch jsem byl brut\u00e1ln\u011b p\u0159eru\u0161en organiz\u00e1torem a po\u017e\u00e1d\u00e1n, abych p\u0159estal a p\u0159e\u0161el na l\u00ed\u010den\u00ed sv\u00e9ho osudu v Terez\u00edn\u011b. Po p\u0159edn\u00e1\u0161ce byla velmi kr\u00e1tk\u00e1 diskuse, kter\u00e1 se prakticky nezab\u00fdvala dne\u0161n\u00ed situac\u00ed. Po n\u00e1vratu dom\u016f jsem dostal kopii e-mailu, kter\u00fd profesor vychov\u00e1vaj\u00edc\u00ed budouc\u00ed pedagogy poslal dal\u0161\u00edmu z\u00e1jemci o moji besedu. Varoval ho p\u0159ede mnou a napsal doslovn\u011b, \u017ee by mn\u011b m\u011blo b\u00fdt zak\u00e1z\u00e1no ve\u0159ejn\u011b vystupovat. Na mou ot\u00e1zku, jak\u00fdmi argumenty chce od\u016fvodnit sv\u016fj postoj, mi napsal, \u017ee text m\u00e9ho stanoviska k 7. \u0159\u00edjnu nen\u00ed jenom nepohodln\u00fd, ale p\u0159esahuje ve\u0161ker\u00e9 hranice a neslu\u010duje se s demokratick\u00fdmi pravidly. Nenapsal ani jedin\u00fd protiargument, kter\u00e1 \u010d\u00e1st m\u00e9ho stanoviska odpov\u00edd\u00e1 jeho posudku. P\u0159izn\u00e1v\u00e1m, \u017ee to bylo poprv\u00e9, kdy n\u011bkdo doporu\u010dil m\u011b nenechat promluvit.<\/p>\n\n\n\n<p class=\"has-text-align-center\">***<\/p>\n\n\n\n<p>Mil\u00ed p\u0159\u00e1tel\u00e9 z Terez\u00ednsk\u00e9 iniciativy p\u0159e\u017eiv\u0161\u00ed holocaust,<br>nechci nikomu nic p\u0159edepisovat a v\u00edm, \u017ee to, co jste pro\u017eili na vlastn\u00ed k\u016f\u017ei p\u0159ed 80 lety je po\u0159\u00e1d \u017eiv\u00e9, ale pros\u00edm v\u00e1s, zamyslete se nad dne\u0161n\u00edm antisemitismem, kter\u00fd ohro\u017euje existenci jedin\u00e9ho \u017eidovsk\u00e9ho st\u00e1tu, a uv\u011bdomte si, \u017ee jenom dokud existuje Izrael nikdo u\u017e Osv\u011btim nepostav\u00ed.<\/p>\n\n\n\n<p class=\"has-text-align-center\">***<\/p>\n\n\n\n<p>D\u011bkuji v\u00e1m za poslech m\u00e9ho projevu a dovolte zakon\u010dit slovy:<br>Am Izrael Chai.<\/p>\n\n\n\n<figure class=\"wp-block-gallery has-nested-images columns-2 wp-block-gallery-1 is-layout-flex wp-block-gallery-is-layout-flex\">\n<figure class=\"wp-block-image size-large\"><img loading=\"lazy\" decoding=\"async\" width=\"1024\" height=\"682\" data-id=\"926\" src=\"https:\/\/terezinskainiciativa.cz\/wp-content\/uploads\/2025\/03\/20250307_201-1024x682.jpg\" alt=\"\" class=\"wp-image-926\" srcset=\"https:\/\/terezinskainiciativa.cz\/wp-content\/uploads\/2025\/03\/20250307_201-1024x682.jpg 1024w, https:\/\/terezinskainiciativa.cz\/wp-content\/uploads\/2025\/03\/20250307_201-300x200.jpg 300w, https:\/\/terezinskainiciativa.cz\/wp-content\/uploads\/2025\/03\/20250307_201-768x512.jpg 768w, https:\/\/terezinskainiciativa.cz\/wp-content\/uploads\/2025\/03\/20250307_201-1536x1024.jpg 1536w, https:\/\/terezinskainiciativa.cz\/wp-content\/uploads\/2025\/03\/20250307_201-18x12.jpg 18w, https:\/\/terezinskainiciativa.cz\/wp-content\/uploads\/2025\/03\/20250307_201-1200x800.jpg 1200w, https:\/\/terezinskainiciativa.cz\/wp-content\/uploads\/2025\/03\/20250307_201-1980x1320.jpg 1980w, https:\/\/terezinskainiciativa.cz\/wp-content\/uploads\/2025\/03\/20250307_201.jpg 2000w\" sizes=\"(max-width: 1024px) 100vw, 1024px\" \/><\/figure>\n\n\n\n<figure class=\"wp-block-image size-large\"><img loading=\"lazy\" decoding=\"async\" width=\"1024\" height=\"682\" data-id=\"930\" src=\"https:\/\/terezinskainiciativa.cz\/wp-content\/uploads\/2025\/03\/20250307_262-1024x682.jpg\" alt=\"\" class=\"wp-image-930\" srcset=\"https:\/\/terezinskainiciativa.cz\/wp-content\/uploads\/2025\/03\/20250307_262-1024x682.jpg 1024w, https:\/\/terezinskainiciativa.cz\/wp-content\/uploads\/2025\/03\/20250307_262-300x200.jpg 300w, https:\/\/terezinskainiciativa.cz\/wp-content\/uploads\/2025\/03\/20250307_262-768x512.jpg 768w, https:\/\/terezinskainiciativa.cz\/wp-content\/uploads\/2025\/03\/20250307_262-1536x1024.jpg 1536w, https:\/\/terezinskainiciativa.cz\/wp-content\/uploads\/2025\/03\/20250307_262-18x12.jpg 18w, https:\/\/terezinskainiciativa.cz\/wp-content\/uploads\/2025\/03\/20250307_262-1200x800.jpg 1200w, https:\/\/terezinskainiciativa.cz\/wp-content\/uploads\/2025\/03\/20250307_262-1980x1320.jpg 1980w, https:\/\/terezinskainiciativa.cz\/wp-content\/uploads\/2025\/03\/20250307_262.jpg 2000w\" sizes=\"(max-width: 1024px) 100vw, 1024px\" \/><\/figure>\n\n\n\n<figure class=\"wp-block-image size-large\"><img loading=\"lazy\" decoding=\"async\" width=\"1024\" height=\"682\" data-id=\"928\" src=\"https:\/\/terezinskainiciativa.cz\/wp-content\/uploads\/2025\/03\/20250307_293-1024x682.jpg\" alt=\"\" class=\"wp-image-928\" srcset=\"https:\/\/terezinskainiciativa.cz\/wp-content\/uploads\/2025\/03\/20250307_293-1024x682.jpg 1024w, https:\/\/terezinskainiciativa.cz\/wp-content\/uploads\/2025\/03\/20250307_293-300x200.jpg 300w, https:\/\/terezinskainiciativa.cz\/wp-content\/uploads\/2025\/03\/20250307_293-768x512.jpg 768w, https:\/\/terezinskainiciativa.cz\/wp-content\/uploads\/2025\/03\/20250307_293-1536x1024.jpg 1536w, https:\/\/terezinskainiciativa.cz\/wp-content\/uploads\/2025\/03\/20250307_293-18x12.jpg 18w, https:\/\/terezinskainiciativa.cz\/wp-content\/uploads\/2025\/03\/20250307_293-1200x800.jpg 1200w, https:\/\/terezinskainiciativa.cz\/wp-content\/uploads\/2025\/03\/20250307_293-1980x1320.jpg 1980w, https:\/\/terezinskainiciativa.cz\/wp-content\/uploads\/2025\/03\/20250307_293.jpg 2000w\" sizes=\"(max-width: 1024px) 100vw, 1024px\" \/><\/figure>\n\n\n\n<figure class=\"wp-block-image size-large\"><img loading=\"lazy\" decoding=\"async\" width=\"1024\" height=\"682\" data-id=\"927\" src=\"https:\/\/terezinskainiciativa.cz\/wp-content\/uploads\/2025\/03\/20250307_371-1024x682.jpg\" alt=\"\" class=\"wp-image-927\" srcset=\"https:\/\/terezinskainiciativa.cz\/wp-content\/uploads\/2025\/03\/20250307_371-1024x682.jpg 1024w, https:\/\/terezinskainiciativa.cz\/wp-content\/uploads\/2025\/03\/20250307_371-300x200.jpg 300w, https:\/\/terezinskainiciativa.cz\/wp-content\/uploads\/2025\/03\/20250307_371-768x512.jpg 768w, https:\/\/terezinskainiciativa.cz\/wp-content\/uploads\/2025\/03\/20250307_371-1536x1024.jpg 1536w, https:\/\/terezinskainiciativa.cz\/wp-content\/uploads\/2025\/03\/20250307_371-18x12.jpg 18w, https:\/\/terezinskainiciativa.cz\/wp-content\/uploads\/2025\/03\/20250307_371-1200x800.jpg 1200w, https:\/\/terezinskainiciativa.cz\/wp-content\/uploads\/2025\/03\/20250307_371-1980x1320.jpg 1980w, https:\/\/terezinskainiciativa.cz\/wp-content\/uploads\/2025\/03\/20250307_371.jpg 2000w\" sizes=\"(max-width: 1024px) 100vw, 1024px\" \/><\/figure>\n\n\n\n<figure class=\"wp-block-image size-large\"><img loading=\"lazy\" decoding=\"async\" width=\"1024\" height=\"682\" data-id=\"932\" src=\"https:\/\/terezinskainiciativa.cz\/wp-content\/uploads\/2025\/03\/20250307_594-1024x682.jpg\" alt=\"\" class=\"wp-image-932\" srcset=\"https:\/\/terezinskainiciativa.cz\/wp-content\/uploads\/2025\/03\/20250307_594-1024x682.jpg 1024w, https:\/\/terezinskainiciativa.cz\/wp-content\/uploads\/2025\/03\/20250307_594-300x200.jpg 300w, https:\/\/terezinskainiciativa.cz\/wp-content\/uploads\/2025\/03\/20250307_594-768x512.jpg 768w, https:\/\/terezinskainiciativa.cz\/wp-content\/uploads\/2025\/03\/20250307_594-1536x1024.jpg 1536w, https:\/\/terezinskainiciativa.cz\/wp-content\/uploads\/2025\/03\/20250307_594-18x12.jpg 18w, https:\/\/terezinskainiciativa.cz\/wp-content\/uploads\/2025\/03\/20250307_594-1200x800.jpg 1200w, https:\/\/terezinskainiciativa.cz\/wp-content\/uploads\/2025\/03\/20250307_594-1980x1320.jpg 1980w, https:\/\/terezinskainiciativa.cz\/wp-content\/uploads\/2025\/03\/20250307_594.jpg 2000w\" sizes=\"(max-width: 1024px) 100vw, 1024px\" \/><\/figure>\n\n\n\n<figure class=\"wp-block-image size-large\"><img loading=\"lazy\" decoding=\"async\" width=\"1024\" height=\"682\" data-id=\"931\" src=\"https:\/\/terezinskainiciativa.cz\/wp-content\/uploads\/2025\/03\/20250307_518-1024x682.jpg\" alt=\"\" class=\"wp-image-931\" srcset=\"https:\/\/terezinskainiciativa.cz\/wp-content\/uploads\/2025\/03\/20250307_518-1024x682.jpg 1024w, https:\/\/terezinskainiciativa.cz\/wp-content\/uploads\/2025\/03\/20250307_518-300x200.jpg 300w, https:\/\/terezinskainiciativa.cz\/wp-content\/uploads\/2025\/03\/20250307_518-768x512.jpg 768w, https:\/\/terezinskainiciativa.cz\/wp-content\/uploads\/2025\/03\/20250307_518-1536x1024.jpg 1536w, https:\/\/terezinskainiciativa.cz\/wp-content\/uploads\/2025\/03\/20250307_518-18x12.jpg 18w, https:\/\/terezinskainiciativa.cz\/wp-content\/uploads\/2025\/03\/20250307_518-1200x800.jpg 1200w, https:\/\/terezinskainiciativa.cz\/wp-content\/uploads\/2025\/03\/20250307_518-1980x1320.jpg 1980w, https:\/\/terezinskainiciativa.cz\/wp-content\/uploads\/2025\/03\/20250307_518.jpg 2000w\" sizes=\"(max-width: 1024px) 100vw, 1024px\" \/><\/figure>\n\n\n\n<figure class=\"wp-block-image size-large\"><img loading=\"lazy\" decoding=\"async\" width=\"1024\" height=\"682\" data-id=\"929\" src=\"https:\/\/terezinskainiciativa.cz\/wp-content\/uploads\/2025\/03\/20250307_348-1024x682.jpg\" alt=\"\" class=\"wp-image-929\" srcset=\"https:\/\/terezinskainiciativa.cz\/wp-content\/uploads\/2025\/03\/20250307_348-1024x682.jpg 1024w, https:\/\/terezinskainiciativa.cz\/wp-content\/uploads\/2025\/03\/20250307_348-300x200.jpg 300w, https:\/\/terezinskainiciativa.cz\/wp-content\/uploads\/2025\/03\/20250307_348-768x512.jpg 768w, https:\/\/terezinskainiciativa.cz\/wp-content\/uploads\/2025\/03\/20250307_348-1536x1024.jpg 1536w, https:\/\/terezinskainiciativa.cz\/wp-content\/uploads\/2025\/03\/20250307_348-18x12.jpg 18w, https:\/\/terezinskainiciativa.cz\/wp-content\/uploads\/2025\/03\/20250307_348-1200x800.jpg 1200w, https:\/\/terezinskainiciativa.cz\/wp-content\/uploads\/2025\/03\/20250307_348-1980x1320.jpg 1980w, https:\/\/terezinskainiciativa.cz\/wp-content\/uploads\/2025\/03\/20250307_348.jpg 2000w\" sizes=\"(max-width: 1024px) 100vw, 1024px\" \/><\/figure>\n<\/figure>","protected":false},"excerpt":{"rendered":"<p>V Pinkasov\u011b synagoze prob\u011bhla v p\u00e1tek 7. b\u0159ezna tradi\u010dn\u00ed tryzna za terez\u00ednsk\u00fd rodinn\u00fd t\u00e1bor V\u0161echny p\u0159\u00edtomn\u00e9 uv\u00edtal Michal Str\u00e1nsk\u00fd, p\u0159edseda Terez\u00ednsk\u00e9 iniciativy:V\u00e1\u017een\u00ed \u010dlenov\u00e9 Terez\u00ednsk\u00e9 iniciativy, v\u00e1\u017een\u00e9 d\u00e1my a v\u00e1\u017een\u00ed p\u00e1nov\u00e9, [&hellip;]<\/p>","protected":false},"author":1,"featured_media":0,"comment_status":"closed","ping_status":"closed","sticky":false,"template":"","format":"standard","meta":{"footnotes":""},"categories":[27],"tags":[],"class_list":["post-921","post","type-post","status-publish","format-standard","hentry","category-archiv"],"yoast_head":"<!-- This site is optimized with the Yoast SEO plugin v21.9.1 - https:\/\/yoast.com\/wordpress\/plugins\/seo\/ -->\n<title>Tryzna v Pinkasov\u011b synagoze<\/title>\n<meta name=\"description\" content=\"V Pinkasov\u011b synagoze prob\u011bhla v p\u00e1tek 7. b\u0159ezna tradi\u010dn\u00ed tryzna za terez\u00ednsk\u00fd rodinn\u00fd t\u00e1bor V\u0161echny p\u0159\u00edtomn\u00e9 uv\u00edtal Michal Str\u00e1nsk\u00fd, p\u0159edseda Terez\u00ednsk\u00e9\" \/>\n<meta name=\"robots\" content=\"index, follow, max-snippet:-1, max-image-preview:large, max-video-preview:-1\" \/>\n<link rel=\"canonical\" href=\"https:\/\/terezinskainiciativa.cz\/en\/archiv\/tryzna-v-pinkasove-synagoze\/\" \/>\n<meta property=\"og:locale\" content=\"en_US\" \/>\n<meta property=\"og:type\" content=\"article\" \/>\n<meta property=\"og:title\" content=\"Tryzna v Pinkasov\u011b synagoze\" \/>\n<meta property=\"og:description\" content=\"V Pinkasov\u011b synagoze prob\u011bhla v p\u00e1tek 7. b\u0159ezna tradi\u010dn\u00ed tryzna za terez\u00ednsk\u00fd rodinn\u00fd t\u00e1bor V\u0161echny p\u0159\u00edtomn\u00e9 uv\u00edtal Michal Str\u00e1nsk\u00fd, p\u0159edseda Terez\u00ednsk\u00e9\" \/>\n<meta property=\"og:url\" content=\"https:\/\/terezinskainiciativa.cz\/en\/archiv\/tryzna-v-pinkasove-synagoze\/\" \/>\n<meta property=\"og:site_name\" content=\"Terez\u00ednsk\u00e1 iniciativa\" \/>\n<meta property=\"article:published_time\" content=\"2025-03-14T17:01:18+00:00\" \/>\n<meta property=\"article:modified_time\" content=\"2026-03-19T16:22:33+00:00\" \/>\n<meta property=\"og:image\" content=\"https:\/\/terezinskainiciativa.cz\/wp-content\/uploads\/2025\/03\/20250307_201-1024x682.jpg\" \/>\n<meta name=\"author\" content=\"TI\" \/>\n<meta name=\"twitter:card\" content=\"summary_large_image\" \/>\n<meta name=\"twitter:label1\" content=\"Written by\" \/>\n\t<meta name=\"twitter:data1\" content=\"TI\" \/>\n\t<meta name=\"twitter:label2\" content=\"Est. reading time\" \/>\n\t<meta name=\"twitter:data2\" content=\"13 minutes\" \/>\n<script type=\"application\/ld+json\" class=\"yoast-schema-graph\">{\"@context\":\"https:\/\/schema.org\",\"@graph\":[{\"@type\":\"Article\",\"@id\":\"https:\/\/terezinskainiciativa.cz\/archiv\/tryzna-v-pinkasove-synagoze\/#article\",\"isPartOf\":{\"@id\":\"https:\/\/terezinskainiciativa.cz\/archiv\/tryzna-v-pinkasove-synagoze\/\"},\"author\":{\"name\":\"TI\",\"@id\":\"https:\/\/terezinskainiciativa.cz\/#\/schema\/person\/19226cfe72c90058c84eed8ae52b2dcf\"},\"headline\":\"Tryzna v Pinkasov\u011b synagoze\",\"datePublished\":\"2025-03-14T17:01:18+00:00\",\"dateModified\":\"2026-03-19T16:22:33+00:00\",\"mainEntityOfPage\":{\"@id\":\"https:\/\/terezinskainiciativa.cz\/archiv\/tryzna-v-pinkasove-synagoze\/\"},\"wordCount\":3397,\"publisher\":{\"@id\":\"https:\/\/terezinskainiciativa.cz\/#organization\"},\"articleSection\":[\"Archiv\"],\"inLanguage\":\"en-US\"},{\"@type\":\"WebPage\",\"@id\":\"https:\/\/terezinskainiciativa.cz\/archiv\/tryzna-v-pinkasove-synagoze\/\",\"url\":\"https:\/\/terezinskainiciativa.cz\/archiv\/tryzna-v-pinkasove-synagoze\/\",\"name\":\"Tryzna v Pinkasov\u011b synagoze\",\"isPartOf\":{\"@id\":\"https:\/\/terezinskainiciativa.cz\/#website\"},\"datePublished\":\"2025-03-14T17:01:18+00:00\",\"dateModified\":\"2026-03-19T16:22:33+00:00\",\"description\":\"V Pinkasov\u011b synagoze prob\u011bhla v p\u00e1tek 7. b\u0159ezna tradi\u010dn\u00ed tryzna za terez\u00ednsk\u00fd rodinn\u00fd t\u00e1bor V\u0161echny p\u0159\u00edtomn\u00e9 uv\u00edtal Michal Str\u00e1nsk\u00fd, p\u0159edseda Terez\u00ednsk\u00e9\",\"breadcrumb\":{\"@id\":\"https:\/\/terezinskainiciativa.cz\/archiv\/tryzna-v-pinkasove-synagoze\/#breadcrumb\"},\"inLanguage\":\"en-US\",\"potentialAction\":[{\"@type\":\"ReadAction\",\"target\":[\"https:\/\/terezinskainiciativa.cz\/archiv\/tryzna-v-pinkasove-synagoze\/\"]}]},{\"@type\":\"BreadcrumbList\",\"@id\":\"https:\/\/terezinskainiciativa.cz\/archiv\/tryzna-v-pinkasove-synagoze\/#breadcrumb\",\"itemListElement\":[{\"@type\":\"ListItem\",\"position\":1,\"name\":\"Dom\u016f\",\"item\":\"https:\/\/terezinskainiciativa.cz\/\"},{\"@type\":\"ListItem\",\"position\":2,\"name\":\"Tryzna v Pinkasov\u011b synagoze\"}]},{\"@type\":\"WebSite\",\"@id\":\"https:\/\/terezinskainiciativa.cz\/#website\",\"url\":\"https:\/\/terezinskainiciativa.cz\/\",\"name\":\"Terez\u00ednsk\u00e1 iniciativa\",\"description\":\"TI je sdru\u017een\u00ed b\u00fdval\u00fdch v\u011bz\u0148\u016f terez\u00ednsk\u00e9ho ghetta a jejich p\u0159\u00edm\u00fdch potomk\u016f\",\"publisher\":{\"@id\":\"https:\/\/terezinskainiciativa.cz\/#organization\"},\"potentialAction\":[{\"@type\":\"SearchAction\",\"target\":{\"@type\":\"EntryPoint\",\"urlTemplate\":\"https:\/\/terezinskainiciativa.cz\/?s={search_term_string}\"},\"query-input\":\"required name=search_term_string\"}],\"inLanguage\":\"en-US\"},{\"@type\":\"Organization\",\"@id\":\"https:\/\/terezinskainiciativa.cz\/#organization\",\"name\":\"Terez\u00ednsk\u00e1 iniciativa\",\"url\":\"https:\/\/terezinskainiciativa.cz\/\",\"logo\":{\"@type\":\"ImageObject\",\"inLanguage\":\"en-US\",\"@id\":\"https:\/\/terezinskainiciativa.cz\/#\/schema\/logo\/image\/\",\"url\":\"https:\/\/terezinskainiciativa.cz\/wp-content\/uploads\/2022\/12\/cropped-ti-v2.png\",\"contentUrl\":\"https:\/\/terezinskainiciativa.cz\/wp-content\/uploads\/2022\/12\/cropped-ti-v2.png\",\"width\":242,\"height\":71,\"caption\":\"Terez\u00ednsk\u00e1 iniciativa\"},\"image\":{\"@id\":\"https:\/\/terezinskainiciativa.cz\/#\/schema\/logo\/image\/\"}},{\"@type\":\"Person\",\"@id\":\"https:\/\/terezinskainiciativa.cz\/#\/schema\/person\/19226cfe72c90058c84eed8ae52b2dcf\",\"name\":\"TI\",\"image\":{\"@type\":\"ImageObject\",\"inLanguage\":\"en-US\",\"@id\":\"https:\/\/terezinskainiciativa.cz\/#\/schema\/person\/image\/\",\"url\":\"https:\/\/secure.gravatar.com\/avatar\/c2d28ae173a6028f6ad18228439211d3?s=96&d=mm&r=g\",\"contentUrl\":\"https:\/\/secure.gravatar.com\/avatar\/c2d28ae173a6028f6ad18228439211d3?s=96&d=mm&r=g\",\"caption\":\"TI\"},\"sameAs\":[\"http:\/\/terezinskainiciativa.cz\"]}]}<\/script>\n<!-- \/ Yoast SEO plugin. -->","yoast_head_json":{"title":"Tryzna v Pinkasov\u011b synagoze","description":"V Pinkasov\u011b synagoze prob\u011bhla v p\u00e1tek 7. b\u0159ezna tradi\u010dn\u00ed tryzna za terez\u00ednsk\u00fd rodinn\u00fd t\u00e1bor V\u0161echny p\u0159\u00edtomn\u00e9 uv\u00edtal Michal Str\u00e1nsk\u00fd, p\u0159edseda Terez\u00ednsk\u00e9","robots":{"index":"index","follow":"follow","max-snippet":"max-snippet:-1","max-image-preview":"max-image-preview:large","max-video-preview":"max-video-preview:-1"},"canonical":"https:\/\/terezinskainiciativa.cz\/en\/archiv\/tryzna-v-pinkasove-synagoze\/","og_locale":"en_US","og_type":"article","og_title":"Tryzna v Pinkasov\u011b synagoze","og_description":"V Pinkasov\u011b synagoze prob\u011bhla v p\u00e1tek 7. b\u0159ezna tradi\u010dn\u00ed tryzna za terez\u00ednsk\u00fd rodinn\u00fd t\u00e1bor V\u0161echny p\u0159\u00edtomn\u00e9 uv\u00edtal Michal Str\u00e1nsk\u00fd, p\u0159edseda Terez\u00ednsk\u00e9","og_url":"https:\/\/terezinskainiciativa.cz\/en\/archiv\/tryzna-v-pinkasove-synagoze\/","og_site_name":"Terez\u00ednsk\u00e1 iniciativa","article_published_time":"2025-03-14T17:01:18+00:00","article_modified_time":"2026-03-19T16:22:33+00:00","og_image":[{"url":"https:\/\/terezinskainiciativa.cz\/wp-content\/uploads\/2025\/03\/20250307_201-1024x682.jpg"}],"author":"TI","twitter_card":"summary_large_image","twitter_misc":{"Written by":"TI","Est. reading time":"13 minutes"},"schema":{"@context":"https:\/\/schema.org","@graph":[{"@type":"Article","@id":"https:\/\/terezinskainiciativa.cz\/archiv\/tryzna-v-pinkasove-synagoze\/#article","isPartOf":{"@id":"https:\/\/terezinskainiciativa.cz\/archiv\/tryzna-v-pinkasove-synagoze\/"},"author":{"name":"TI","@id":"https:\/\/terezinskainiciativa.cz\/#\/schema\/person\/19226cfe72c90058c84eed8ae52b2dcf"},"headline":"Tryzna v Pinkasov\u011b synagoze","datePublished":"2025-03-14T17:01:18+00:00","dateModified":"2026-03-19T16:22:33+00:00","mainEntityOfPage":{"@id":"https:\/\/terezinskainiciativa.cz\/archiv\/tryzna-v-pinkasove-synagoze\/"},"wordCount":3397,"publisher":{"@id":"https:\/\/terezinskainiciativa.cz\/#organization"},"articleSection":["Archiv"],"inLanguage":"en-US"},{"@type":"WebPage","@id":"https:\/\/terezinskainiciativa.cz\/archiv\/tryzna-v-pinkasove-synagoze\/","url":"https:\/\/terezinskainiciativa.cz\/archiv\/tryzna-v-pinkasove-synagoze\/","name":"Tryzna v Pinkasov\u011b synagoze","isPartOf":{"@id":"https:\/\/terezinskainiciativa.cz\/#website"},"datePublished":"2025-03-14T17:01:18+00:00","dateModified":"2026-03-19T16:22:33+00:00","description":"V Pinkasov\u011b synagoze prob\u011bhla v p\u00e1tek 7. b\u0159ezna tradi\u010dn\u00ed tryzna za terez\u00ednsk\u00fd rodinn\u00fd t\u00e1bor V\u0161echny p\u0159\u00edtomn\u00e9 uv\u00edtal Michal Str\u00e1nsk\u00fd, p\u0159edseda Terez\u00ednsk\u00e9","breadcrumb":{"@id":"https:\/\/terezinskainiciativa.cz\/archiv\/tryzna-v-pinkasove-synagoze\/#breadcrumb"},"inLanguage":"en-US","potentialAction":[{"@type":"ReadAction","target":["https:\/\/terezinskainiciativa.cz\/archiv\/tryzna-v-pinkasove-synagoze\/"]}]},{"@type":"BreadcrumbList","@id":"https:\/\/terezinskainiciativa.cz\/archiv\/tryzna-v-pinkasove-synagoze\/#breadcrumb","itemListElement":[{"@type":"ListItem","position":1,"name":"Dom\u016f","item":"https:\/\/terezinskainiciativa.cz\/"},{"@type":"ListItem","position":2,"name":"Tryzna v Pinkasov\u011b synagoze"}]},{"@type":"WebSite","@id":"https:\/\/terezinskainiciativa.cz\/#website","url":"https:\/\/terezinskainiciativa.cz\/","name":"Terez\u00ednsk\u00e1 iniciativa","description":"TI je sdru\u017een\u00ed b\u00fdval\u00fdch v\u011bz\u0148\u016f terez\u00ednsk\u00e9ho ghetta a jejich p\u0159\u00edm\u00fdch potomk\u016f","publisher":{"@id":"https:\/\/terezinskainiciativa.cz\/#organization"},"potentialAction":[{"@type":"SearchAction","target":{"@type":"EntryPoint","urlTemplate":"https:\/\/terezinskainiciativa.cz\/?s={search_term_string}"},"query-input":"required name=search_term_string"}],"inLanguage":"en-US"},{"@type":"Organization","@id":"https:\/\/terezinskainiciativa.cz\/#organization","name":"Terez\u00ednsk\u00e1 iniciativa","url":"https:\/\/terezinskainiciativa.cz\/","logo":{"@type":"ImageObject","inLanguage":"en-US","@id":"https:\/\/terezinskainiciativa.cz\/#\/schema\/logo\/image\/","url":"https:\/\/terezinskainiciativa.cz\/wp-content\/uploads\/2022\/12\/cropped-ti-v2.png","contentUrl":"https:\/\/terezinskainiciativa.cz\/wp-content\/uploads\/2022\/12\/cropped-ti-v2.png","width":242,"height":71,"caption":"Terez\u00ednsk\u00e1 iniciativa"},"image":{"@id":"https:\/\/terezinskainiciativa.cz\/#\/schema\/logo\/image\/"}},{"@type":"Person","@id":"https:\/\/terezinskainiciativa.cz\/#\/schema\/person\/19226cfe72c90058c84eed8ae52b2dcf","name":"TI","image":{"@type":"ImageObject","inLanguage":"en-US","@id":"https:\/\/terezinskainiciativa.cz\/#\/schema\/person\/image\/","url":"https:\/\/secure.gravatar.com\/avatar\/c2d28ae173a6028f6ad18228439211d3?s=96&d=mm&r=g","contentUrl":"https:\/\/secure.gravatar.com\/avatar\/c2d28ae173a6028f6ad18228439211d3?s=96&d=mm&r=g","caption":"TI"},"sameAs":["http:\/\/terezinskainiciativa.cz"]}]}},"_links":{"self":[{"href":"https:\/\/terezinskainiciativa.cz\/en\/wp-json\/wp\/v2\/posts\/921"}],"collection":[{"href":"https:\/\/terezinskainiciativa.cz\/en\/wp-json\/wp\/v2\/posts"}],"about":[{"href":"https:\/\/terezinskainiciativa.cz\/en\/wp-json\/wp\/v2\/types\/post"}],"author":[{"embeddable":true,"href":"https:\/\/terezinskainiciativa.cz\/en\/wp-json\/wp\/v2\/users\/1"}],"replies":[{"embeddable":true,"href":"https:\/\/terezinskainiciativa.cz\/en\/wp-json\/wp\/v2\/comments?post=921"}],"version-history":[{"count":7,"href":"https:\/\/terezinskainiciativa.cz\/en\/wp-json\/wp\/v2\/posts\/921\/revisions"}],"predecessor-version":[{"id":941,"href":"https:\/\/terezinskainiciativa.cz\/en\/wp-json\/wp\/v2\/posts\/921\/revisions\/941"}],"wp:attachment":[{"href":"https:\/\/terezinskainiciativa.cz\/en\/wp-json\/wp\/v2\/media?parent=921"}],"wp:term":[{"taxonomy":"category","embeddable":true,"href":"https:\/\/terezinskainiciativa.cz\/en\/wp-json\/wp\/v2\/categories?post=921"},{"taxonomy":"post_tag","embeddable":true,"href":"https:\/\/terezinskainiciativa.cz\/en\/wp-json\/wp\/v2\/tags?post=921"}],"curies":[{"name":"wp","href":"https:\/\/api.w.org\/{rel}","templated":true}]}}