{"id":954,"date":"2025-06-21T02:13:17","date_gmt":"2025-06-21T00:13:17","guid":{"rendered":"https:\/\/terezinskainiciativa.cz\/?p=954"},"modified":"2025-11-06T23:27:56","modified_gmt":"2025-11-06T22:27:56","slug":"slavnostni-koncert-pro-pametniky-nacistickeho-pronasledovani-uz-nikdy-vice","status":"publish","type":"post","link":"https:\/\/terezinskainiciativa.cz\/en\/akce\/slavnostni-koncert-pro-pametniky-nacistickeho-pronasledovani-uz-nikdy-vice\/","title":{"rendered":"Slavnostn\u00ed koncert pro pam\u011btn\u00edky nacistick\u00e9ho pron\u00e1sledov\u00e1n\u00ed; U\u017e nikdy v\u00edce"},"content":{"rendered":"<h4 class=\"wp-block-heading\"><strong><em><mark style=\"background-color:rgba(0, 0, 0, 0);color:#808080\" class=\"has-inline-color\">mistran<\/mark><\/em><\/strong><\/h4>\n\n\n\n<p class=\"has-normal-font-size\">V\u00a0pond\u011bl\u00ed 19. kv\u011btna se konal na Velvyslanectv\u00ed Spolkov\u00e9 republiky N\u011bmecko slavnostn\u00ed koncert. Koncert Nie Wieder \/ U\u017e nikdy v\u00edce byl v\u011bnov\u00e1n pam\u011btn\u00edk\u016fm a ob\u011btem nacistick\u00e9ho pron\u00e1sledov\u00e1n\u00ed. Ve dnech, kdy si sv\u011bt p\u0159ipom\u00edn\u00e1 osmdes\u00e1t let, kter\u00e9 uplynuly od konce druh\u00e9 sv\u011btov\u00e9 v\u00e1lky.<\/p>\n\n\n\n<p>Koncert uspo\u0159\u00e1dalo Velvyslanectv\u00ed SRN spolu s\u00a0\u010cesko-n\u011bmeck\u00fdm fondem budoucnosti, Nada\u010dn\u00edm fondem ob\u011btem holocaustu a \u017divou pam\u011bt\u00ed.<\/p>\n\n\n\n<p>Po uv\u00edtac\u00edm proslovu (v \u010de\u0161tin\u011b) velvyslance Spolkov\u00e9 republiky N\u011bmecko JE Andrease K\u00fcnne promluvila k\u00a0poslucha\u010d\u016fm Michaela Vidl\u00e1kov\u00e1, pam\u011btnice terez\u00ednsk\u00e9ho ghetta.<\/p>\n\n\n\n<p>Velk\u00fd hudebn\u00ed \u00fasp\u011bch zaznamenal berl\u00ednsk\u00fd projekt \u201eLebensmelodien: Harmonie d\u011bjin\u201c, kter\u00fd interpretac\u00ed mnohdy u\u017e zapomenut\u00fdch \u017eidovsk\u00fdch melodi\u00ed, kter\u00e9 \u010dasto vznikaly v\u00a0ghettech a koncentra\u010dn\u00edch t\u00e1borech nacistick\u00e9ho N\u011bmecka. Spolu s\u00a0hudbou byly studenty Divadeln\u00ed fakulty Akademie m\u00fazick\u00fdch um\u011bn\u00ed \u010dteny i texty \u017eidovsk\u00fdch ob\u011bt\u00ed acistick\u00e9ho \u0161\u00edlenstv\u00ed.<\/p>\n\n\n\n<p>Michael Raddatz, \u0159editel projektu Lebensmelodien, promluvil v\u00a0kr\u00e1tk\u00e9 zdravici o sv\u00e9 \u010dinnosti. Projekt vznikl z\u00a0iniciativy klarinetisty Nura Ben Shaloma. Dal\u0161\u00edmi \u010dleny kvarteta byli Miriam Helms Alien (housle), Francesca Zappa (viola) a Yannick Van de Velde (klav\u00edr).<\/p>\n\n\n\n<p>Slavnostn\u00ed koncert se setkal s\u00a0velk\u00fdm \u00fasp\u011bchem u div\u00e1k\u016f a po\u0159adatel\u016fm tohoto setk\u00e1n\u00ed<\/p>","protected":false},"excerpt":{"rendered":"<p>mistran V\u00a0pond\u011bl\u00ed 19. kv\u011btna se konal na Velvyslanectv\u00ed Spolkov\u00e9 republiky N\u011bmecko slavnostn\u00ed koncert. Koncert Nie Wieder \/ U\u017e nikdy v\u00edce byl v\u011bnov\u00e1n pam\u011btn\u00edk\u016fm a ob\u011btem nacistick\u00e9ho pron\u00e1sledov\u00e1n\u00ed. Ve dnech, kdy [&hellip;]<\/p>","protected":false},"author":1,"featured_media":0,"comment_status":"closed","ping_status":"closed","sticky":false,"template":"","format":"standard","meta":{"footnotes":""},"categories":[11],"tags":[],"class_list":["post-954","post","type-post","status-publish","format-standard","hentry","category-akce"],"yoast_head":"<!-- This site is optimized with the Yoast SEO plugin v21.9.1 - https:\/\/yoast.com\/wordpress\/plugins\/seo\/ -->\n<title>Slavnostn\u00ed koncert pro pam\u011btn\u00edky nacistick\u00e9ho pron\u00e1sledov\u00e1n\u00ed; U\u017e nikdy v\u00edce<\/title>\n<meta name=\"description\" content=\"mistran V\u00a0pond\u011bl\u00ed 19. kv\u011btna se konal na Velvyslanectv\u00ed Spolkov\u00e9 republiky N\u011bmecko slavnostn\u00ed koncert. Koncert Nie Wieder \/ U\u017e nikdy v\u00edce byl v\u011bnov\u00e1n\" \/>\n<meta name=\"robots\" content=\"index, follow, max-snippet:-1, max-image-preview:large, max-video-preview:-1\" \/>\n<link rel=\"canonical\" href=\"https:\/\/terezinskainiciativa.cz\/en\/akce\/slavnostni-koncert-pro-pametniky-nacistickeho-pronasledovani-uz-nikdy-vice\/\" \/>\n<meta property=\"og:locale\" content=\"en_US\" \/>\n<meta property=\"og:type\" content=\"article\" \/>\n<meta property=\"og:title\" content=\"Slavnostn\u00ed koncert pro pam\u011btn\u00edky nacistick\u00e9ho pron\u00e1sledov\u00e1n\u00ed; U\u017e nikdy v\u00edce\" \/>\n<meta property=\"og:description\" content=\"mistran V\u00a0pond\u011bl\u00ed 19. kv\u011btna se konal na Velvyslanectv\u00ed Spolkov\u00e9 republiky N\u011bmecko slavnostn\u00ed koncert. Koncert Nie Wieder \/ U\u017e nikdy v\u00edce byl v\u011bnov\u00e1n\" \/>\n<meta property=\"og:url\" content=\"https:\/\/terezinskainiciativa.cz\/en\/akce\/slavnostni-koncert-pro-pametniky-nacistickeho-pronasledovani-uz-nikdy-vice\/\" \/>\n<meta property=\"og:site_name\" content=\"Terez\u00ednsk\u00e1 iniciativa\" \/>\n<meta property=\"article:published_time\" content=\"2025-06-21T00:13:17+00:00\" \/>\n<meta property=\"article:modified_time\" content=\"2025-11-06T22:27:56+00:00\" \/>\n<meta property=\"og:image\" content=\"https:\/\/terezinskainiciativa.cz\/wp-content\/uploads\/2022\/12\/cropped-ti-v2.png\" \/>\n\t<meta property=\"og:image:width\" content=\"242\" \/>\n\t<meta property=\"og:image:height\" content=\"71\" \/>\n\t<meta property=\"og:image:type\" content=\"image\/png\" \/>\n<meta name=\"author\" content=\"TI\" \/>\n<meta name=\"twitter:card\" content=\"summary_large_image\" \/>\n<meta name=\"twitter:label1\" content=\"Written by\" \/>\n\t<meta name=\"twitter:data1\" content=\"TI\" \/>\n\t<meta name=\"twitter:label2\" content=\"Est. reading time\" \/>\n\t<meta name=\"twitter:data2\" content=\"1 minute\" \/>\n<script type=\"application\/ld+json\" class=\"yoast-schema-graph\">{\"@context\":\"https:\/\/schema.org\",\"@graph\":[{\"@type\":\"Article\",\"@id\":\"https:\/\/terezinskainiciativa.cz\/akce\/slavnostni-koncert-pro-pametniky-nacistickeho-pronasledovani-uz-nikdy-vice\/#article\",\"isPartOf\":{\"@id\":\"https:\/\/terezinskainiciativa.cz\/akce\/slavnostni-koncert-pro-pametniky-nacistickeho-pronasledovani-uz-nikdy-vice\/\"},\"author\":{\"name\":\"TI\",\"@id\":\"https:\/\/terezinskainiciativa.cz\/#\/schema\/person\/19226cfe72c90058c84eed8ae52b2dcf\"},\"headline\":\"Slavnostn\u00ed koncert pro pam\u011btn\u00edky nacistick\u00e9ho pron\u00e1sledov\u00e1n\u00ed; U\u017e nikdy v\u00edce\",\"datePublished\":\"2025-06-21T00:13:17+00:00\",\"dateModified\":\"2025-11-06T22:27:56+00:00\",\"mainEntityOfPage\":{\"@id\":\"https:\/\/terezinskainiciativa.cz\/akce\/slavnostni-koncert-pro-pametniky-nacistickeho-pronasledovani-uz-nikdy-vice\/\"},\"wordCount\":246,\"publisher\":{\"@id\":\"https:\/\/terezinskainiciativa.cz\/#organization\"},\"articleSection\":[\"Akce\"],\"inLanguage\":\"en-US\"},{\"@type\":\"WebPage\",\"@id\":\"https:\/\/terezinskainiciativa.cz\/akce\/slavnostni-koncert-pro-pametniky-nacistickeho-pronasledovani-uz-nikdy-vice\/\",\"url\":\"https:\/\/terezinskainiciativa.cz\/akce\/slavnostni-koncert-pro-pametniky-nacistickeho-pronasledovani-uz-nikdy-vice\/\",\"name\":\"Slavnostn\u00ed koncert pro pam\u011btn\u00edky nacistick\u00e9ho pron\u00e1sledov\u00e1n\u00ed; U\u017e nikdy v\u00edce\",\"isPartOf\":{\"@id\":\"https:\/\/terezinskainiciativa.cz\/#website\"},\"datePublished\":\"2025-06-21T00:13:17+00:00\",\"dateModified\":\"2025-11-06T22:27:56+00:00\",\"description\":\"mistran V\u00a0pond\u011bl\u00ed 19. kv\u011btna se konal na Velvyslanectv\u00ed Spolkov\u00e9 republiky N\u011bmecko slavnostn\u00ed koncert. Koncert Nie Wieder \/ U\u017e nikdy v\u00edce byl v\u011bnov\u00e1n\",\"breadcrumb\":{\"@id\":\"https:\/\/terezinskainiciativa.cz\/akce\/slavnostni-koncert-pro-pametniky-nacistickeho-pronasledovani-uz-nikdy-vice\/#breadcrumb\"},\"inLanguage\":\"en-US\",\"potentialAction\":[{\"@type\":\"ReadAction\",\"target\":[\"https:\/\/terezinskainiciativa.cz\/akce\/slavnostni-koncert-pro-pametniky-nacistickeho-pronasledovani-uz-nikdy-vice\/\"]}]},{\"@type\":\"BreadcrumbList\",\"@id\":\"https:\/\/terezinskainiciativa.cz\/akce\/slavnostni-koncert-pro-pametniky-nacistickeho-pronasledovani-uz-nikdy-vice\/#breadcrumb\",\"itemListElement\":[{\"@type\":\"ListItem\",\"position\":1,\"name\":\"Dom\u016f\",\"item\":\"https:\/\/terezinskainiciativa.cz\/\"},{\"@type\":\"ListItem\",\"position\":2,\"name\":\"Slavnostn\u00ed koncert pro pam\u011btn\u00edky nacistick\u00e9ho pron\u00e1sledov\u00e1n\u00ed; U\u017e nikdy v\u00edce\"}]},{\"@type\":\"WebSite\",\"@id\":\"https:\/\/terezinskainiciativa.cz\/#website\",\"url\":\"https:\/\/terezinskainiciativa.cz\/\",\"name\":\"Terez\u00ednsk\u00e1 iniciativa\",\"description\":\"TI je sdru\u017een\u00ed b\u00fdval\u00fdch v\u011bz\u0148\u016f terez\u00ednsk\u00e9ho ghetta a jejich p\u0159\u00edm\u00fdch potomk\u016f\",\"publisher\":{\"@id\":\"https:\/\/terezinskainiciativa.cz\/#organization\"},\"potentialAction\":[{\"@type\":\"SearchAction\",\"target\":{\"@type\":\"EntryPoint\",\"urlTemplate\":\"https:\/\/terezinskainiciativa.cz\/?s={search_term_string}\"},\"query-input\":\"required name=search_term_string\"}],\"inLanguage\":\"en-US\"},{\"@type\":\"Organization\",\"@id\":\"https:\/\/terezinskainiciativa.cz\/#organization\",\"name\":\"Terez\u00ednsk\u00e1 iniciativa\",\"url\":\"https:\/\/terezinskainiciativa.cz\/\",\"logo\":{\"@type\":\"ImageObject\",\"inLanguage\":\"en-US\",\"@id\":\"https:\/\/terezinskainiciativa.cz\/#\/schema\/logo\/image\/\",\"url\":\"https:\/\/terezinskainiciativa.cz\/wp-content\/uploads\/2022\/12\/cropped-ti-v2.png\",\"contentUrl\":\"https:\/\/terezinskainiciativa.cz\/wp-content\/uploads\/2022\/12\/cropped-ti-v2.png\",\"width\":242,\"height\":71,\"caption\":\"Terez\u00ednsk\u00e1 iniciativa\"},\"image\":{\"@id\":\"https:\/\/terezinskainiciativa.cz\/#\/schema\/logo\/image\/\"}},{\"@type\":\"Person\",\"@id\":\"https:\/\/terezinskainiciativa.cz\/#\/schema\/person\/19226cfe72c90058c84eed8ae52b2dcf\",\"name\":\"TI\",\"image\":{\"@type\":\"ImageObject\",\"inLanguage\":\"en-US\",\"@id\":\"https:\/\/terezinskainiciativa.cz\/#\/schema\/person\/image\/\",\"url\":\"https:\/\/secure.gravatar.com\/avatar\/c2d28ae173a6028f6ad18228439211d3?s=96&d=mm&r=g\",\"contentUrl\":\"https:\/\/secure.gravatar.com\/avatar\/c2d28ae173a6028f6ad18228439211d3?s=96&d=mm&r=g\",\"caption\":\"TI\"},\"sameAs\":[\"http:\/\/terezinskainiciativa.cz\"]}]}<\/script>\n<!-- \/ Yoast SEO plugin. -->","yoast_head_json":{"title":"Slavnostn\u00ed koncert pro pam\u011btn\u00edky nacistick\u00e9ho pron\u00e1sledov\u00e1n\u00ed; U\u017e nikdy v\u00edce","description":"mistran V\u00a0pond\u011bl\u00ed 19. kv\u011btna se konal na Velvyslanectv\u00ed Spolkov\u00e9 republiky N\u011bmecko slavnostn\u00ed koncert. Koncert Nie Wieder \/ U\u017e nikdy v\u00edce byl v\u011bnov\u00e1n","robots":{"index":"index","follow":"follow","max-snippet":"max-snippet:-1","max-image-preview":"max-image-preview:large","max-video-preview":"max-video-preview:-1"},"canonical":"https:\/\/terezinskainiciativa.cz\/en\/akce\/slavnostni-koncert-pro-pametniky-nacistickeho-pronasledovani-uz-nikdy-vice\/","og_locale":"en_US","og_type":"article","og_title":"Slavnostn\u00ed koncert pro pam\u011btn\u00edky nacistick\u00e9ho pron\u00e1sledov\u00e1n\u00ed; U\u017e nikdy v\u00edce","og_description":"mistran V\u00a0pond\u011bl\u00ed 19. kv\u011btna se konal na Velvyslanectv\u00ed Spolkov\u00e9 republiky N\u011bmecko slavnostn\u00ed koncert. Koncert Nie Wieder \/ U\u017e nikdy v\u00edce byl v\u011bnov\u00e1n","og_url":"https:\/\/terezinskainiciativa.cz\/en\/akce\/slavnostni-koncert-pro-pametniky-nacistickeho-pronasledovani-uz-nikdy-vice\/","og_site_name":"Terez\u00ednsk\u00e1 iniciativa","article_published_time":"2025-06-21T00:13:17+00:00","article_modified_time":"2025-11-06T22:27:56+00:00","og_image":[{"width":242,"height":71,"url":"https:\/\/terezinskainiciativa.cz\/wp-content\/uploads\/2022\/12\/cropped-ti-v2.png","type":"image\/png"}],"author":"TI","twitter_card":"summary_large_image","twitter_misc":{"Written by":"TI","Est. reading time":"1 minute"},"schema":{"@context":"https:\/\/schema.org","@graph":[{"@type":"Article","@id":"https:\/\/terezinskainiciativa.cz\/akce\/slavnostni-koncert-pro-pametniky-nacistickeho-pronasledovani-uz-nikdy-vice\/#article","isPartOf":{"@id":"https:\/\/terezinskainiciativa.cz\/akce\/slavnostni-koncert-pro-pametniky-nacistickeho-pronasledovani-uz-nikdy-vice\/"},"author":{"name":"TI","@id":"https:\/\/terezinskainiciativa.cz\/#\/schema\/person\/19226cfe72c90058c84eed8ae52b2dcf"},"headline":"Slavnostn\u00ed koncert pro pam\u011btn\u00edky nacistick\u00e9ho pron\u00e1sledov\u00e1n\u00ed; U\u017e nikdy v\u00edce","datePublished":"2025-06-21T00:13:17+00:00","dateModified":"2025-11-06T22:27:56+00:00","mainEntityOfPage":{"@id":"https:\/\/terezinskainiciativa.cz\/akce\/slavnostni-koncert-pro-pametniky-nacistickeho-pronasledovani-uz-nikdy-vice\/"},"wordCount":246,"publisher":{"@id":"https:\/\/terezinskainiciativa.cz\/#organization"},"articleSection":["Akce"],"inLanguage":"en-US"},{"@type":"WebPage","@id":"https:\/\/terezinskainiciativa.cz\/akce\/slavnostni-koncert-pro-pametniky-nacistickeho-pronasledovani-uz-nikdy-vice\/","url":"https:\/\/terezinskainiciativa.cz\/akce\/slavnostni-koncert-pro-pametniky-nacistickeho-pronasledovani-uz-nikdy-vice\/","name":"Slavnostn\u00ed koncert pro pam\u011btn\u00edky nacistick\u00e9ho pron\u00e1sledov\u00e1n\u00ed; U\u017e nikdy v\u00edce","isPartOf":{"@id":"https:\/\/terezinskainiciativa.cz\/#website"},"datePublished":"2025-06-21T00:13:17+00:00","dateModified":"2025-11-06T22:27:56+00:00","description":"mistran V\u00a0pond\u011bl\u00ed 19. kv\u011btna se konal na Velvyslanectv\u00ed Spolkov\u00e9 republiky N\u011bmecko slavnostn\u00ed koncert. Koncert Nie Wieder \/ U\u017e nikdy v\u00edce byl v\u011bnov\u00e1n","breadcrumb":{"@id":"https:\/\/terezinskainiciativa.cz\/akce\/slavnostni-koncert-pro-pametniky-nacistickeho-pronasledovani-uz-nikdy-vice\/#breadcrumb"},"inLanguage":"en-US","potentialAction":[{"@type":"ReadAction","target":["https:\/\/terezinskainiciativa.cz\/akce\/slavnostni-koncert-pro-pametniky-nacistickeho-pronasledovani-uz-nikdy-vice\/"]}]},{"@type":"BreadcrumbList","@id":"https:\/\/terezinskainiciativa.cz\/akce\/slavnostni-koncert-pro-pametniky-nacistickeho-pronasledovani-uz-nikdy-vice\/#breadcrumb","itemListElement":[{"@type":"ListItem","position":1,"name":"Dom\u016f","item":"https:\/\/terezinskainiciativa.cz\/"},{"@type":"ListItem","position":2,"name":"Slavnostn\u00ed koncert pro pam\u011btn\u00edky nacistick\u00e9ho pron\u00e1sledov\u00e1n\u00ed; U\u017e nikdy v\u00edce"}]},{"@type":"WebSite","@id":"https:\/\/terezinskainiciativa.cz\/#website","url":"https:\/\/terezinskainiciativa.cz\/","name":"Terez\u00ednsk\u00e1 iniciativa","description":"TI je sdru\u017een\u00ed b\u00fdval\u00fdch v\u011bz\u0148\u016f terez\u00ednsk\u00e9ho ghetta a jejich p\u0159\u00edm\u00fdch potomk\u016f","publisher":{"@id":"https:\/\/terezinskainiciativa.cz\/#organization"},"potentialAction":[{"@type":"SearchAction","target":{"@type":"EntryPoint","urlTemplate":"https:\/\/terezinskainiciativa.cz\/?s={search_term_string}"},"query-input":"required name=search_term_string"}],"inLanguage":"en-US"},{"@type":"Organization","@id":"https:\/\/terezinskainiciativa.cz\/#organization","name":"Terez\u00ednsk\u00e1 iniciativa","url":"https:\/\/terezinskainiciativa.cz\/","logo":{"@type":"ImageObject","inLanguage":"en-US","@id":"https:\/\/terezinskainiciativa.cz\/#\/schema\/logo\/image\/","url":"https:\/\/terezinskainiciativa.cz\/wp-content\/uploads\/2022\/12\/cropped-ti-v2.png","contentUrl":"https:\/\/terezinskainiciativa.cz\/wp-content\/uploads\/2022\/12\/cropped-ti-v2.png","width":242,"height":71,"caption":"Terez\u00ednsk\u00e1 iniciativa"},"image":{"@id":"https:\/\/terezinskainiciativa.cz\/#\/schema\/logo\/image\/"}},{"@type":"Person","@id":"https:\/\/terezinskainiciativa.cz\/#\/schema\/person\/19226cfe72c90058c84eed8ae52b2dcf","name":"TI","image":{"@type":"ImageObject","inLanguage":"en-US","@id":"https:\/\/terezinskainiciativa.cz\/#\/schema\/person\/image\/","url":"https:\/\/secure.gravatar.com\/avatar\/c2d28ae173a6028f6ad18228439211d3?s=96&d=mm&r=g","contentUrl":"https:\/\/secure.gravatar.com\/avatar\/c2d28ae173a6028f6ad18228439211d3?s=96&d=mm&r=g","caption":"TI"},"sameAs":["http:\/\/terezinskainiciativa.cz"]}]}},"_links":{"self":[{"href":"https:\/\/terezinskainiciativa.cz\/en\/wp-json\/wp\/v2\/posts\/954"}],"collection":[{"href":"https:\/\/terezinskainiciativa.cz\/en\/wp-json\/wp\/v2\/posts"}],"about":[{"href":"https:\/\/terezinskainiciativa.cz\/en\/wp-json\/wp\/v2\/types\/post"}],"author":[{"embeddable":true,"href":"https:\/\/terezinskainiciativa.cz\/en\/wp-json\/wp\/v2\/users\/1"}],"replies":[{"embeddable":true,"href":"https:\/\/terezinskainiciativa.cz\/en\/wp-json\/wp\/v2\/comments?post=954"}],"version-history":[{"count":2,"href":"https:\/\/terezinskainiciativa.cz\/en\/wp-json\/wp\/v2\/posts\/954\/revisions"}],"predecessor-version":[{"id":956,"href":"https:\/\/terezinskainiciativa.cz\/en\/wp-json\/wp\/v2\/posts\/954\/revisions\/956"}],"wp:attachment":[{"href":"https:\/\/terezinskainiciativa.cz\/en\/wp-json\/wp\/v2\/media?parent=954"}],"wp:term":[{"taxonomy":"category","embeddable":true,"href":"https:\/\/terezinskainiciativa.cz\/en\/wp-json\/wp\/v2\/categories?post=954"},{"taxonomy":"post_tag","embeddable":true,"href":"https:\/\/terezinskainiciativa.cz\/en\/wp-json\/wp\/v2\/tags?post=954"}],"curies":[{"name":"wp","href":"https:\/\/api.w.org\/{rel}","templated":true}]}}