{"id":975,"date":"2025-08-02T23:48:35","date_gmt":"2025-08-02T21:48:35","guid":{"rendered":"https:\/\/terezinskainiciativa.cz\/?p=975"},"modified":"2025-11-06T23:27:56","modified_gmt":"2025-11-06T22:27:56","slug":"byli-jsme-hosty-deraveho-kotliku-aneb-devadesat-devet-je-devadesat-devet","status":"publish","type":"post","link":"https:\/\/terezinskainiciativa.cz\/en\/akce\/byli-jsme-hosty-deraveho-kotliku-aneb-devadesat-devet-je-devadesat-devet\/","title":{"rendered":"Byli jsme hosty D\u011brav\u00e9ho kotl\u00edku, aneb devades\u00e1t dev\u011bt je devades\u00e1t dev\u011bt"},"content":{"rendered":"<h2 class=\"wp-block-heading\">Text &amp; photo: Michal Str\u00e1nsk\u00fd<\/h2>\n\n\n\n<p>Na st\u0159edu 25. \u010dervna svolalo p\u0159edsednictvo Terez\u00ednsk\u00e9 iniciativy setk\u00e1n\u00ed sv\u00fdch \u010dlen\u016f v restauraci D\u011brav\u00fd kotl\u00edk na Pet\u0159in\u00e1ch, aby pop\u0159\u00e1li sv\u00e9 dlouholet\u00e9 \u010dlence k narozenin\u00e1m. Restauraci vybrala Jana Dubov\u00e1, kter\u00e1 30. srpna oslav\u00ed dev\u011btadevades\u00e1t\u00e9 narozeniny. V\u0161ichni p\u0159\u00edtomn\u00ed Janu Dubovou obdivovali pro jej\u00ed du\u0161evn\u00ed i t\u011blesnou sv\u011b\u017eest a naprosto up\u0159\u00edmn\u011b j\u00ed blahop\u0159\u00e1li k narozenin\u00e1m. Oslava byla \u201ep\u0159edsunut\u00e1\u201c, co\u017e oslavenkyn\u011b nenesla s libost\u00ed, na druh\u00e9 stran\u011b v\u0161ak dob\u0159e v\u00ed, \u017ee v letn\u00edch m\u011bs\u00edc\u00edch jsou v\u0161ichni n\u011bkde jinde. Tak\u017ee s \u201ep\u0159edsunut\u00edm\u201c nakonec souhlasila.<\/p>\n\n\n\n<p>Posed\u011bli jsme p\u0159i k\u00e1v\u011b, \u010daji a z\u00e1kusc\u00edch, m\u011bli jsme v\u0161ichni dobrou v\u016fli, tak\u017ee st\u0159ede\u010dn\u00ed odpoledne v D\u011brav\u00e9m kotl\u00edku bylo moc fajn.<\/p>\n\n\n\n<figure class=\"wp-block-gallery has-nested-images columns-default is-cropped wp-block-gallery-1 is-layout-flex wp-block-gallery-is-layout-flex\">\n<figure class=\"wp-block-image size-large\"><img loading=\"lazy\" decoding=\"async\" width=\"1024\" height=\"683\" data-id=\"976\" src=\"https:\/\/terezinskainiciativa.cz\/wp-content\/uploads\/2025\/08\/foto-2-DSCF7096-2-1024x683.jpg\" alt=\"\" class=\"wp-image-976\" srcset=\"https:\/\/terezinskainiciativa.cz\/wp-content\/uploads\/2025\/08\/foto-2-DSCF7096-2-1024x683.jpg 1024w, https:\/\/terezinskainiciativa.cz\/wp-content\/uploads\/2025\/08\/foto-2-DSCF7096-2-300x200.jpg 300w, https:\/\/terezinskainiciativa.cz\/wp-content\/uploads\/2025\/08\/foto-2-DSCF7096-2-768x512.jpg 768w, https:\/\/terezinskainiciativa.cz\/wp-content\/uploads\/2025\/08\/foto-2-DSCF7096-2-1536x1024.jpg 1536w, https:\/\/terezinskainiciativa.cz\/wp-content\/uploads\/2025\/08\/foto-2-DSCF7096-2-2048x1365.jpg 2048w, https:\/\/terezinskainiciativa.cz\/wp-content\/uploads\/2025\/08\/foto-2-DSCF7096-2-18x12.jpg 18w, https:\/\/terezinskainiciativa.cz\/wp-content\/uploads\/2025\/08\/foto-2-DSCF7096-2-1200x800.jpg 1200w, https:\/\/terezinskainiciativa.cz\/wp-content\/uploads\/2025\/08\/foto-2-DSCF7096-2-1980x1320.jpg 1980w\" sizes=\"(max-width: 1024px) 100vw, 1024px\" \/><\/figure>\n\n\n\n<figure class=\"wp-block-image size-large\"><img loading=\"lazy\" decoding=\"async\" width=\"1024\" height=\"683\" data-id=\"977\" src=\"https:\/\/terezinskainiciativa.cz\/wp-content\/uploads\/2025\/08\/foto-2-DSCF7096-1-1024x683.jpg\" alt=\"\" class=\"wp-image-977\" srcset=\"https:\/\/terezinskainiciativa.cz\/wp-content\/uploads\/2025\/08\/foto-2-DSCF7096-1-1024x683.jpg 1024w, https:\/\/terezinskainiciativa.cz\/wp-content\/uploads\/2025\/08\/foto-2-DSCF7096-1-300x200.jpg 300w, https:\/\/terezinskainiciativa.cz\/wp-content\/uploads\/2025\/08\/foto-2-DSCF7096-1-768x512.jpg 768w, https:\/\/terezinskainiciativa.cz\/wp-content\/uploads\/2025\/08\/foto-2-DSCF7096-1-1536x1024.jpg 1536w, https:\/\/terezinskainiciativa.cz\/wp-content\/uploads\/2025\/08\/foto-2-DSCF7096-1-2048x1366.jpg 2048w, https:\/\/terezinskainiciativa.cz\/wp-content\/uploads\/2025\/08\/foto-2-DSCF7096-1-18x12.jpg 18w, https:\/\/terezinskainiciativa.cz\/wp-content\/uploads\/2025\/08\/foto-2-DSCF7096-1-1200x800.jpg 1200w, https:\/\/terezinskainiciativa.cz\/wp-content\/uploads\/2025\/08\/foto-2-DSCF7096-1-1980x1320.jpg 1980w\" sizes=\"(max-width: 1024px) 100vw, 1024px\" \/><\/figure>\n<\/figure>","protected":false},"excerpt":{"rendered":"<p>Text i foto: Michal Str\u00e1nsk\u00fd Na st\u0159edu 25. \u010dervna svolalo p\u0159edsednictvo Terez\u00ednsk\u00e9 iniciativy setk\u00e1n\u00ed sv\u00fdch \u010dlen\u016f v restauraci D\u011brav\u00fd kotl\u00edk na Pet\u0159in\u00e1ch, aby pop\u0159\u00e1li sv\u00e9 dlouholet\u00e9 \u010dlence k narozenin\u00e1m. Restauraci [&hellip;]<\/p>","protected":false},"author":1,"featured_media":0,"comment_status":"closed","ping_status":"closed","sticky":false,"template":"","format":"standard","meta":{"footnotes":""},"categories":[11],"tags":[],"class_list":["post-975","post","type-post","status-publish","format-standard","hentry","category-akce"],"yoast_head":"<!-- This site is optimized with the Yoast SEO plugin v21.9.1 - https:\/\/yoast.com\/wordpress\/plugins\/seo\/ -->\n<title>Byli jsme hosty D\u011brav\u00e9ho kotl\u00edku, aneb devades\u00e1t dev\u011bt je devades\u00e1t dev\u011bt<\/title>\n<meta name=\"description\" content=\"Text i foto: Michal Str\u00e1nsk\u00fd Na st\u0159edu 25. \u010dervna svolalo p\u0159edsednictvo Terez\u00ednsk\u00e9 iniciativy setk\u00e1n\u00ed sv\u00fdch \u010dlen\u016f v restauraci D\u011brav\u00fd kotl\u00edk na Pet\u0159in\u00e1ch,\" \/>\n<meta name=\"robots\" content=\"index, follow, max-snippet:-1, max-image-preview:large, max-video-preview:-1\" \/>\n<link rel=\"canonical\" href=\"https:\/\/terezinskainiciativa.cz\/en\/akce\/byli-jsme-hosty-deraveho-kotliku-aneb-devadesat-devet-je-devadesat-devet\/\" \/>\n<meta property=\"og:locale\" content=\"en_US\" \/>\n<meta property=\"og:type\" content=\"article\" \/>\n<meta property=\"og:title\" content=\"Byli jsme hosty D\u011brav\u00e9ho kotl\u00edku, aneb devades\u00e1t dev\u011bt je devades\u00e1t dev\u011bt\" \/>\n<meta property=\"og:description\" content=\"Text i foto: Michal Str\u00e1nsk\u00fd Na st\u0159edu 25. \u010dervna svolalo p\u0159edsednictvo Terez\u00ednsk\u00e9 iniciativy setk\u00e1n\u00ed sv\u00fdch \u010dlen\u016f v restauraci D\u011brav\u00fd kotl\u00edk na Pet\u0159in\u00e1ch,\" \/>\n<meta property=\"og:url\" content=\"https:\/\/terezinskainiciativa.cz\/en\/akce\/byli-jsme-hosty-deraveho-kotliku-aneb-devadesat-devet-je-devadesat-devet\/\" \/>\n<meta property=\"og:site_name\" content=\"Terez\u00ednsk\u00e1 iniciativa\" \/>\n<meta property=\"article:published_time\" content=\"2025-08-02T21:48:35+00:00\" \/>\n<meta property=\"article:modified_time\" content=\"2025-11-06T22:27:56+00:00\" \/>\n<meta property=\"og:image\" content=\"https:\/\/terezinskainiciativa.cz\/wp-content\/uploads\/2025\/08\/foto-2-DSCF7096-2-1024x683.jpg\" \/>\n<meta name=\"author\" content=\"TI\" \/>\n<meta name=\"twitter:card\" content=\"summary_large_image\" \/>\n<meta name=\"twitter:label1\" content=\"Written by\" \/>\n\t<meta name=\"twitter:data1\" content=\"TI\" \/>\n\t<meta name=\"twitter:label2\" content=\"Est. reading time\" \/>\n\t<meta name=\"twitter:data2\" content=\"1 minute\" \/>\n<script type=\"application\/ld+json\" class=\"yoast-schema-graph\">{\"@context\":\"https:\/\/schema.org\",\"@graph\":[{\"@type\":\"Article\",\"@id\":\"https:\/\/terezinskainiciativa.cz\/akce\/byli-jsme-hosty-deraveho-kotliku-aneb-devadesat-devet-je-devadesat-devet\/#article\",\"isPartOf\":{\"@id\":\"https:\/\/terezinskainiciativa.cz\/akce\/byli-jsme-hosty-deraveho-kotliku-aneb-devadesat-devet-je-devadesat-devet\/\"},\"author\":{\"name\":\"TI\",\"@id\":\"https:\/\/terezinskainiciativa.cz\/#\/schema\/person\/19226cfe72c90058c84eed8ae52b2dcf\"},\"headline\":\"Byli jsme hosty D\u011brav\u00e9ho kotl\u00edku, aneb devades\u00e1t dev\u011bt je devades\u00e1t dev\u011bt\",\"datePublished\":\"2025-08-02T21:48:35+00:00\",\"dateModified\":\"2025-11-06T22:27:56+00:00\",\"mainEntityOfPage\":{\"@id\":\"https:\/\/terezinskainiciativa.cz\/akce\/byli-jsme-hosty-deraveho-kotliku-aneb-devadesat-devet-je-devadesat-devet\/\"},\"wordCount\":169,\"publisher\":{\"@id\":\"https:\/\/terezinskainiciativa.cz\/#organization\"},\"articleSection\":[\"Akce\"],\"inLanguage\":\"en-US\"},{\"@type\":\"WebPage\",\"@id\":\"https:\/\/terezinskainiciativa.cz\/akce\/byli-jsme-hosty-deraveho-kotliku-aneb-devadesat-devet-je-devadesat-devet\/\",\"url\":\"https:\/\/terezinskainiciativa.cz\/akce\/byli-jsme-hosty-deraveho-kotliku-aneb-devadesat-devet-je-devadesat-devet\/\",\"name\":\"Byli jsme hosty D\u011brav\u00e9ho kotl\u00edku, aneb devades\u00e1t dev\u011bt je devades\u00e1t dev\u011bt\",\"isPartOf\":{\"@id\":\"https:\/\/terezinskainiciativa.cz\/#website\"},\"datePublished\":\"2025-08-02T21:48:35+00:00\",\"dateModified\":\"2025-11-06T22:27:56+00:00\",\"description\":\"Text i foto: Michal Str\u00e1nsk\u00fd Na st\u0159edu 25. \u010dervna svolalo p\u0159edsednictvo Terez\u00ednsk\u00e9 iniciativy setk\u00e1n\u00ed sv\u00fdch \u010dlen\u016f v restauraci D\u011brav\u00fd kotl\u00edk na Pet\u0159in\u00e1ch,\",\"breadcrumb\":{\"@id\":\"https:\/\/terezinskainiciativa.cz\/akce\/byli-jsme-hosty-deraveho-kotliku-aneb-devadesat-devet-je-devadesat-devet\/#breadcrumb\"},\"inLanguage\":\"en-US\",\"potentialAction\":[{\"@type\":\"ReadAction\",\"target\":[\"https:\/\/terezinskainiciativa.cz\/akce\/byli-jsme-hosty-deraveho-kotliku-aneb-devadesat-devet-je-devadesat-devet\/\"]}]},{\"@type\":\"BreadcrumbList\",\"@id\":\"https:\/\/terezinskainiciativa.cz\/akce\/byli-jsme-hosty-deraveho-kotliku-aneb-devadesat-devet-je-devadesat-devet\/#breadcrumb\",\"itemListElement\":[{\"@type\":\"ListItem\",\"position\":1,\"name\":\"Dom\u016f\",\"item\":\"https:\/\/terezinskainiciativa.cz\/\"},{\"@type\":\"ListItem\",\"position\":2,\"name\":\"Byli jsme hosty D\u011brav\u00e9ho kotl\u00edku, aneb devades\u00e1t dev\u011bt je devades\u00e1t dev\u011bt\"}]},{\"@type\":\"WebSite\",\"@id\":\"https:\/\/terezinskainiciativa.cz\/#website\",\"url\":\"https:\/\/terezinskainiciativa.cz\/\",\"name\":\"Terez\u00ednsk\u00e1 iniciativa\",\"description\":\"TI je sdru\u017een\u00ed b\u00fdval\u00fdch v\u011bz\u0148\u016f terez\u00ednsk\u00e9ho ghetta a jejich p\u0159\u00edm\u00fdch potomk\u016f\",\"publisher\":{\"@id\":\"https:\/\/terezinskainiciativa.cz\/#organization\"},\"potentialAction\":[{\"@type\":\"SearchAction\",\"target\":{\"@type\":\"EntryPoint\",\"urlTemplate\":\"https:\/\/terezinskainiciativa.cz\/?s={search_term_string}\"},\"query-input\":\"required name=search_term_string\"}],\"inLanguage\":\"en-US\"},{\"@type\":\"Organization\",\"@id\":\"https:\/\/terezinskainiciativa.cz\/#organization\",\"name\":\"Terez\u00ednsk\u00e1 iniciativa\",\"url\":\"https:\/\/terezinskainiciativa.cz\/\",\"logo\":{\"@type\":\"ImageObject\",\"inLanguage\":\"en-US\",\"@id\":\"https:\/\/terezinskainiciativa.cz\/#\/schema\/logo\/image\/\",\"url\":\"https:\/\/terezinskainiciativa.cz\/wp-content\/uploads\/2022\/12\/cropped-ti-v2.png\",\"contentUrl\":\"https:\/\/terezinskainiciativa.cz\/wp-content\/uploads\/2022\/12\/cropped-ti-v2.png\",\"width\":242,\"height\":71,\"caption\":\"Terez\u00ednsk\u00e1 iniciativa\"},\"image\":{\"@id\":\"https:\/\/terezinskainiciativa.cz\/#\/schema\/logo\/image\/\"}},{\"@type\":\"Person\",\"@id\":\"https:\/\/terezinskainiciativa.cz\/#\/schema\/person\/19226cfe72c90058c84eed8ae52b2dcf\",\"name\":\"TI\",\"image\":{\"@type\":\"ImageObject\",\"inLanguage\":\"en-US\",\"@id\":\"https:\/\/terezinskainiciativa.cz\/#\/schema\/person\/image\/\",\"url\":\"https:\/\/secure.gravatar.com\/avatar\/c2d28ae173a6028f6ad18228439211d3?s=96&d=mm&r=g\",\"contentUrl\":\"https:\/\/secure.gravatar.com\/avatar\/c2d28ae173a6028f6ad18228439211d3?s=96&d=mm&r=g\",\"caption\":\"TI\"},\"sameAs\":[\"http:\/\/terezinskainiciativa.cz\"]}]}<\/script>\n<!-- \/ Yoast SEO plugin. -->","yoast_head_json":{"title":"Byli jsme hosty D\u011brav\u00e9ho kotl\u00edku, aneb devades\u00e1t dev\u011bt je devades\u00e1t dev\u011bt","description":"Text i foto: Michal Str\u00e1nsk\u00fd Na st\u0159edu 25. \u010dervna svolalo p\u0159edsednictvo Terez\u00ednsk\u00e9 iniciativy setk\u00e1n\u00ed sv\u00fdch \u010dlen\u016f v restauraci D\u011brav\u00fd kotl\u00edk na Pet\u0159in\u00e1ch,","robots":{"index":"index","follow":"follow","max-snippet":"max-snippet:-1","max-image-preview":"max-image-preview:large","max-video-preview":"max-video-preview:-1"},"canonical":"https:\/\/terezinskainiciativa.cz\/en\/akce\/byli-jsme-hosty-deraveho-kotliku-aneb-devadesat-devet-je-devadesat-devet\/","og_locale":"en_US","og_type":"article","og_title":"Byli jsme hosty D\u011brav\u00e9ho kotl\u00edku, aneb devades\u00e1t dev\u011bt je devades\u00e1t dev\u011bt","og_description":"Text i foto: Michal Str\u00e1nsk\u00fd Na st\u0159edu 25. \u010dervna svolalo p\u0159edsednictvo Terez\u00ednsk\u00e9 iniciativy setk\u00e1n\u00ed sv\u00fdch \u010dlen\u016f v restauraci D\u011brav\u00fd kotl\u00edk na Pet\u0159in\u00e1ch,","og_url":"https:\/\/terezinskainiciativa.cz\/en\/akce\/byli-jsme-hosty-deraveho-kotliku-aneb-devadesat-devet-je-devadesat-devet\/","og_site_name":"Terez\u00ednsk\u00e1 iniciativa","article_published_time":"2025-08-02T21:48:35+00:00","article_modified_time":"2025-11-06T22:27:56+00:00","og_image":[{"url":"https:\/\/terezinskainiciativa.cz\/wp-content\/uploads\/2025\/08\/foto-2-DSCF7096-2-1024x683.jpg"}],"author":"TI","twitter_card":"summary_large_image","twitter_misc":{"Written by":"TI","Est. reading time":"1 minute"},"schema":{"@context":"https:\/\/schema.org","@graph":[{"@type":"Article","@id":"https:\/\/terezinskainiciativa.cz\/akce\/byli-jsme-hosty-deraveho-kotliku-aneb-devadesat-devet-je-devadesat-devet\/#article","isPartOf":{"@id":"https:\/\/terezinskainiciativa.cz\/akce\/byli-jsme-hosty-deraveho-kotliku-aneb-devadesat-devet-je-devadesat-devet\/"},"author":{"name":"TI","@id":"https:\/\/terezinskainiciativa.cz\/#\/schema\/person\/19226cfe72c90058c84eed8ae52b2dcf"},"headline":"Byli jsme hosty D\u011brav\u00e9ho kotl\u00edku, aneb devades\u00e1t dev\u011bt je devades\u00e1t dev\u011bt","datePublished":"2025-08-02T21:48:35+00:00","dateModified":"2025-11-06T22:27:56+00:00","mainEntityOfPage":{"@id":"https:\/\/terezinskainiciativa.cz\/akce\/byli-jsme-hosty-deraveho-kotliku-aneb-devadesat-devet-je-devadesat-devet\/"},"wordCount":169,"publisher":{"@id":"https:\/\/terezinskainiciativa.cz\/#organization"},"articleSection":["Akce"],"inLanguage":"en-US"},{"@type":"WebPage","@id":"https:\/\/terezinskainiciativa.cz\/akce\/byli-jsme-hosty-deraveho-kotliku-aneb-devadesat-devet-je-devadesat-devet\/","url":"https:\/\/terezinskainiciativa.cz\/akce\/byli-jsme-hosty-deraveho-kotliku-aneb-devadesat-devet-je-devadesat-devet\/","name":"Byli jsme hosty D\u011brav\u00e9ho kotl\u00edku, aneb devades\u00e1t dev\u011bt je devades\u00e1t dev\u011bt","isPartOf":{"@id":"https:\/\/terezinskainiciativa.cz\/#website"},"datePublished":"2025-08-02T21:48:35+00:00","dateModified":"2025-11-06T22:27:56+00:00","description":"Text i foto: Michal Str\u00e1nsk\u00fd Na st\u0159edu 25. \u010dervna svolalo p\u0159edsednictvo Terez\u00ednsk\u00e9 iniciativy setk\u00e1n\u00ed sv\u00fdch \u010dlen\u016f v restauraci D\u011brav\u00fd kotl\u00edk na Pet\u0159in\u00e1ch,","breadcrumb":{"@id":"https:\/\/terezinskainiciativa.cz\/akce\/byli-jsme-hosty-deraveho-kotliku-aneb-devadesat-devet-je-devadesat-devet\/#breadcrumb"},"inLanguage":"en-US","potentialAction":[{"@type":"ReadAction","target":["https:\/\/terezinskainiciativa.cz\/akce\/byli-jsme-hosty-deraveho-kotliku-aneb-devadesat-devet-je-devadesat-devet\/"]}]},{"@type":"BreadcrumbList","@id":"https:\/\/terezinskainiciativa.cz\/akce\/byli-jsme-hosty-deraveho-kotliku-aneb-devadesat-devet-je-devadesat-devet\/#breadcrumb","itemListElement":[{"@type":"ListItem","position":1,"name":"Dom\u016f","item":"https:\/\/terezinskainiciativa.cz\/"},{"@type":"ListItem","position":2,"name":"Byli jsme hosty D\u011brav\u00e9ho kotl\u00edku, aneb devades\u00e1t dev\u011bt je devades\u00e1t dev\u011bt"}]},{"@type":"WebSite","@id":"https:\/\/terezinskainiciativa.cz\/#website","url":"https:\/\/terezinskainiciativa.cz\/","name":"Terez\u00ednsk\u00e1 iniciativa","description":"TI je sdru\u017een\u00ed b\u00fdval\u00fdch v\u011bz\u0148\u016f terez\u00ednsk\u00e9ho ghetta a jejich p\u0159\u00edm\u00fdch potomk\u016f","publisher":{"@id":"https:\/\/terezinskainiciativa.cz\/#organization"},"potentialAction":[{"@type":"SearchAction","target":{"@type":"EntryPoint","urlTemplate":"https:\/\/terezinskainiciativa.cz\/?s={search_term_string}"},"query-input":"required name=search_term_string"}],"inLanguage":"en-US"},{"@type":"Organization","@id":"https:\/\/terezinskainiciativa.cz\/#organization","name":"Terez\u00ednsk\u00e1 iniciativa","url":"https:\/\/terezinskainiciativa.cz\/","logo":{"@type":"ImageObject","inLanguage":"en-US","@id":"https:\/\/terezinskainiciativa.cz\/#\/schema\/logo\/image\/","url":"https:\/\/terezinskainiciativa.cz\/wp-content\/uploads\/2022\/12\/cropped-ti-v2.png","contentUrl":"https:\/\/terezinskainiciativa.cz\/wp-content\/uploads\/2022\/12\/cropped-ti-v2.png","width":242,"height":71,"caption":"Terez\u00ednsk\u00e1 iniciativa"},"image":{"@id":"https:\/\/terezinskainiciativa.cz\/#\/schema\/logo\/image\/"}},{"@type":"Person","@id":"https:\/\/terezinskainiciativa.cz\/#\/schema\/person\/19226cfe72c90058c84eed8ae52b2dcf","name":"TI","image":{"@type":"ImageObject","inLanguage":"en-US","@id":"https:\/\/terezinskainiciativa.cz\/#\/schema\/person\/image\/","url":"https:\/\/secure.gravatar.com\/avatar\/c2d28ae173a6028f6ad18228439211d3?s=96&d=mm&r=g","contentUrl":"https:\/\/secure.gravatar.com\/avatar\/c2d28ae173a6028f6ad18228439211d3?s=96&d=mm&r=g","caption":"TI"},"sameAs":["http:\/\/terezinskainiciativa.cz"]}]}},"_links":{"self":[{"href":"https:\/\/terezinskainiciativa.cz\/en\/wp-json\/wp\/v2\/posts\/975"}],"collection":[{"href":"https:\/\/terezinskainiciativa.cz\/en\/wp-json\/wp\/v2\/posts"}],"about":[{"href":"https:\/\/terezinskainiciativa.cz\/en\/wp-json\/wp\/v2\/types\/post"}],"author":[{"embeddable":true,"href":"https:\/\/terezinskainiciativa.cz\/en\/wp-json\/wp\/v2\/users\/1"}],"replies":[{"embeddable":true,"href":"https:\/\/terezinskainiciativa.cz\/en\/wp-json\/wp\/v2\/comments?post=975"}],"version-history":[{"count":1,"href":"https:\/\/terezinskainiciativa.cz\/en\/wp-json\/wp\/v2\/posts\/975\/revisions"}],"predecessor-version":[{"id":978,"href":"https:\/\/terezinskainiciativa.cz\/en\/wp-json\/wp\/v2\/posts\/975\/revisions\/978"}],"wp:attachment":[{"href":"https:\/\/terezinskainiciativa.cz\/en\/wp-json\/wp\/v2\/media?parent=975"}],"wp:term":[{"taxonomy":"category","embeddable":true,"href":"https:\/\/terezinskainiciativa.cz\/en\/wp-json\/wp\/v2\/categories?post=975"},{"taxonomy":"post_tag","embeddable":true,"href":"https:\/\/terezinskainiciativa.cz\/en\/wp-json\/wp\/v2\/tags?post=975"}],"curies":[{"name":"wp","href":"https:\/\/api.w.org\/{rel}","templated":true}]}}