{"id":984,"date":"2025-11-06T23:38:29","date_gmt":"2025-11-06T22:38:29","guid":{"rendered":"https:\/\/terezinskainiciativa.cz\/?p=984"},"modified":"2025-11-07T00:14:40","modified_gmt":"2025-11-06T23:14:40","slug":"v-sobotu-4-rijna-2025-zemrel-ivan-klima-bylo-mu-94-let","status":"publish","type":"post","link":"https:\/\/terezinskainiciativa.cz\/en\/vzpominky\/v-sobotu-4-rijna-2025-zemrel-ivan-klima-bylo-mu-94-let\/","title":{"rendered":"V sobotu 4. \u0159\u00edjna 2025 zem\u0159el Ivan Kl\u00edma. Bylo mu 94 let."},"content":{"rendered":"<p>Ivan Kl\u00edma byl jedn\u00edm z velmi v\u00fdznamn\u00fdch \u010desk\u00fdch spisovatel\u016f. Jeho \u017eivotn\u00ed osudy a liter\u00e1rn\u00ed tvorba hluboce ovlivnily nejen \u010deskou, ale i sv\u011btovou literaturu. Narodil se 14. z\u00e1\u0159\u00ed 1931 v Praze do \u017eidovsk\u00e9 rodiny, co\u017e z\u00e1sadn\u011b ovlivnilo jeho \u017eivot a pozd\u011bj\u0161\u00ed liter\u00e1rn\u00ed tvorbu.<\/p>\n\n\n\n<p>Ve v\u011bku pouh\u00fdch jeden\u00e1cti let byl deportov\u00e1n do terez\u00ednsk\u00e9ho ghetta, kde str\u00e1vil v\u00edc jak t\u0159i roky. Terez\u00edn se pro n\u011bj stal m\u00edstem, kde se poprv\u00e9 setkal s hr\u016fzami antisemitismu, ale tak\u00e9 m\u00edstem, kde na\u0161el \u00fat\u011bchu v knih\u00e1ch a psan\u00ed. Tyto z\u00e1\u017eitky se pozd\u011bji staly n\u00e1m\u011btem pro \u0159adu jeho d\u011bl, ve kter\u00fdch se sna\u017eil pochopit a p\u0159ibl\u00ed\u017eit absurditu a krutost doby.<br>Po v\u00e1lce se Kl\u00edma vr\u00e1til do Prahy, vystudoval \u010de\u0161tinu a liter\u00e1rn\u00ed v\u011bdu na Filozofick\u00e9 fakult\u011b Univerzity Karlovy. Sv\u016fj pracovn\u00ed \u017eivot za\u010dal jako novin\u00e1\u0159. Z\u00e1hy zah\u00e1jil i liter\u00e1rn\u00ed kari\u00e9ru psan\u00edm pov\u00eddek a esej\u00ed, kter\u00e9 byly ovlivn\u011bny existencialistickou filozofi\u00ed a jeho vlastn\u00edmi zku\u0161enostmi z v\u00e1lky.<\/p>\n\n\n\n<p>V roce 1953 vstoupil do KS\u010c, aby byl pozd\u011bji pro kritiku totalitn\u00edho re\u017eimu v \u010ceskoslovensku v roce 1967 ze strany vylou\u010den. Na IV. sjezdu Svazu \u010deskoslovensk\u00fdch spisovatel\u016f v roce 1967 vystupoval (spolu s n\u011bkolika dal\u0161\u00edmi liter\u00e1rn\u00edmi autory) proti kontrole KS\u010c nad kulturou a kritizoval cenzuru.<\/p>\n\n\n\n<p>V 60. letech minul\u00e9ho stolet\u00ed se stal \u010dlenem redakce \u010dasopisu Liter\u00e1rn\u00ed noviny, kter\u00fd v t\u00e9 dob\u011b p\u0159edstavoval centrum liter\u00e1rn\u00edho a politick\u00e9ho d\u011bn\u00ed. Jeho d\u00edla, v\u010detn\u011b rom\u00e1n\u016f jako \u201eLo\u010f jm\u00e9nem nad\u011bje\u201c (1969) a \u201eMilenci na jeden den\u201c (1970), se za\u010dala objevovat na pultech knihkupectv\u00ed.<\/p>\n\n\n\n<p>Po roce 1970 u\u017e nemohl publikovat a stal se z n\u011bj autor samizdatov\u00e9 a exilov\u00e9 literatury.<\/p>\n\n\n\n<p>V zahrani\u010d\u00ed vydal n\u011bkolik v\u00fdznamn\u00fdch d\u011bl, nap\u0159\u00edklad \u201e\u010cek\u00e1n\u00ed na tmu, \u010dek\u00e1n\u00ed na sv\u011btlo\u201c (1993).<\/p>\n\n\n\n<p>Po sametov\u00e9 revoluci a p\u00e1du komunistick\u00e9ho re\u017eimu se Ivan Kl\u00edma znovu stal ofici\u00e1ln\u011b uzn\u00e1van\u00fdm autorem a jeho d\u00edla z\u00edskala mezin\u00e1rodn\u00ed ohlas. Byl ocen\u011bn \u0159adou liter\u00e1rn\u00edch cen, nap\u0159. Cenou Franze Kafky za celo\u017eivotn\u00ed d\u00edlo (2002) a cenou Magnesia Litera za \u201eMoje \u0161\u00edlen\u00e9 stolet\u00ed\u201c (2010). Vysoce si cenil Medaile Za z\u00e1sluhy, kterou dostal od prezidenta V\u00e1clava Havla v roce 2002. Po roce 1990 se Ivan Kl\u00edma zaslou\u017eil o o\u017eiven\u00ed \u010cesk\u00e9ho centra Mezin\u00e1rodn\u00edho PEN klubu, v jeho\u017e v\u00fdboru p\u016fsobil a stal se i jeho p\u0159edsedou.<\/p>\n\n\n\n<p>V posledn\u00edch letech se Kl\u00edma v\u011bnoval vzpom\u00ednkov\u00fdm knih\u00e1m a esej\u00edm, v nich\u017e reflektoval sv\u00e9 \u017eivotn\u00ed z\u00e1\u017eitky a liter\u00e1rn\u00ed dr\u00e1hu. Jeho tvorba je cen\u011bna pro hlubok\u00e9 psychologick\u00e9 portr\u00e9ty postav a schopnost vystihnout atmosf\u00e9ru doby.<\/p>\n\n\n\n<p>Ivan Kl\u00edma sv\u00fdm osobit\u00fdm stylem zanechal nezam\u011bnitelnou stopu v \u010desk\u00e9 literatu\u0159e. Jeho knihy jsou v\u00fdpov\u011bd\u00ed o lidsk\u00e9 odvaze, nad\u011bji a s\u00edle p\u0159ekon\u00e1vat t\u011b\u017ekosti. I p\u0159es hr\u016fzy, kter\u00e9 pro\u017eil, jeho d\u00edla \u010dasto p\u0159in\u00e1\u0161ej\u00ed poselstv\u00ed o lidskosti a v\u00ed\u0159e v lep\u0161\u00ed sv\u011bt.<\/p>\n\n\n\n<figure class=\"wp-block-image size-large is-resized\"><img loading=\"lazy\" decoding=\"async\" width=\"1024\" height=\"681\" src=\"https:\/\/terezinskainiciativa.cz\/wp-content\/uploads\/2025\/11\/Ivan-Klima-1024x681.jpg\" alt=\"\" class=\"wp-image-985\" style=\"width:1450px;height:auto\" srcset=\"https:\/\/terezinskainiciativa.cz\/wp-content\/uploads\/2025\/11\/Ivan-Klima-1024x681.jpg 1024w, https:\/\/terezinskainiciativa.cz\/wp-content\/uploads\/2025\/11\/Ivan-Klima-300x200.jpg 300w, https:\/\/terezinskainiciativa.cz\/wp-content\/uploads\/2025\/11\/Ivan-Klima-768x511.jpg 768w, https:\/\/terezinskainiciativa.cz\/wp-content\/uploads\/2025\/11\/Ivan-Klima-18x12.jpg 18w, https:\/\/terezinskainiciativa.cz\/wp-content\/uploads\/2025\/11\/Ivan-Klima.jpg 1064w\" sizes=\"(max-width: 1024px) 100vw, 1024px\" \/><\/figure>\n\n\n\n<blockquote class=\"wp-block-quote is-layout-flow wp-block-quote-is-layout-flow\">\n<p class=\"has-text-align-right\">mistran, foto Mat\u011bj Str\u00e1nsk\u00fd<\/p>\n<\/blockquote>","protected":false},"excerpt":{"rendered":"<p>Ivan Kl\u00edma byl jedn\u00edm z velmi v\u00fdznamn\u00fdch \u010desk\u00fdch spisovatel\u016f. Jeho \u017eivotn\u00ed osudy a liter\u00e1rn\u00ed tvorba hluboce ovlivnily nejen \u010deskou, ale i sv\u011btovou literaturu. Narodil se 14. z\u00e1\u0159\u00ed 1931 v Praze [&hellip;]<\/p>","protected":false},"author":1,"featured_media":0,"comment_status":"closed","ping_status":"closed","sticky":false,"template":"","format":"standard","meta":{"footnotes":""},"categories":[10],"tags":[],"class_list":["post-984","post","type-post","status-publish","format-standard","hentry","category-vzpominky"],"yoast_head":"<!-- This site is optimized with the Yoast SEO plugin v21.9.1 - https:\/\/yoast.com\/wordpress\/plugins\/seo\/ -->\n<title>V sobotu 4. \u0159\u00edjna 2025 zem\u0159el Ivan Kl\u00edma. Bylo mu 94 let.<\/title>\n<meta name=\"description\" content=\"Ivan Kl\u00edma byl jedn\u00edm z velmi v\u00fdznamn\u00fdch \u010desk\u00fdch spisovatel\u016f. Jeho \u017eivotn\u00ed osudy a liter\u00e1rn\u00ed tvorba hluboce ovlivnily nejen \u010deskou, ale i sv\u011btovou\" \/>\n<meta name=\"robots\" content=\"index, follow, max-snippet:-1, max-image-preview:large, max-video-preview:-1\" \/>\n<link rel=\"canonical\" href=\"https:\/\/terezinskainiciativa.cz\/en\/vzpominky\/v-sobotu-4-rijna-2025-zemrel-ivan-klima-bylo-mu-94-let\/\" \/>\n<meta property=\"og:locale\" content=\"en_US\" \/>\n<meta property=\"og:type\" content=\"article\" \/>\n<meta property=\"og:title\" content=\"V sobotu 4. \u0159\u00edjna 2025 zem\u0159el Ivan Kl\u00edma. Bylo mu 94 let.\" \/>\n<meta property=\"og:description\" content=\"Ivan Kl\u00edma byl jedn\u00edm z velmi v\u00fdznamn\u00fdch \u010desk\u00fdch spisovatel\u016f. Jeho \u017eivotn\u00ed osudy a liter\u00e1rn\u00ed tvorba hluboce ovlivnily nejen \u010deskou, ale i sv\u011btovou\" \/>\n<meta property=\"og:url\" content=\"https:\/\/terezinskainiciativa.cz\/en\/vzpominky\/v-sobotu-4-rijna-2025-zemrel-ivan-klima-bylo-mu-94-let\/\" \/>\n<meta property=\"og:site_name\" content=\"Terez\u00ednsk\u00e1 iniciativa\" \/>\n<meta property=\"article:published_time\" content=\"2025-11-06T22:38:29+00:00\" \/>\n<meta property=\"article:modified_time\" content=\"2025-11-06T23:14:40+00:00\" \/>\n<meta property=\"og:image\" content=\"https:\/\/terezinskainiciativa.cz\/wp-content\/uploads\/2025\/11\/Ivan-Klima-1024x681.jpg\" \/>\n<meta name=\"author\" content=\"TI\" \/>\n<meta name=\"twitter:card\" content=\"summary_large_image\" \/>\n<meta name=\"twitter:label1\" content=\"Written by\" \/>\n\t<meta name=\"twitter:data1\" content=\"TI\" \/>\n\t<meta name=\"twitter:label2\" content=\"Est. reading time\" \/>\n\t<meta name=\"twitter:data2\" content=\"3 minutes\" \/>\n<script type=\"application\/ld+json\" class=\"yoast-schema-graph\">{\"@context\":\"https:\/\/schema.org\",\"@graph\":[{\"@type\":\"Article\",\"@id\":\"https:\/\/terezinskainiciativa.cz\/vzpominky\/v-sobotu-4-rijna-2025-zemrel-ivan-klima-bylo-mu-94-let\/#article\",\"isPartOf\":{\"@id\":\"https:\/\/terezinskainiciativa.cz\/vzpominky\/v-sobotu-4-rijna-2025-zemrel-ivan-klima-bylo-mu-94-let\/\"},\"author\":{\"name\":\"TI\",\"@id\":\"https:\/\/terezinskainiciativa.cz\/#\/schema\/person\/19226cfe72c90058c84eed8ae52b2dcf\"},\"headline\":\"V sobotu 4. \u0159\u00edjna 2025 zem\u0159el Ivan Kl\u00edma. Bylo mu 94 let.\",\"datePublished\":\"2025-11-06T22:38:29+00:00\",\"dateModified\":\"2025-11-06T23:14:40+00:00\",\"mainEntityOfPage\":{\"@id\":\"https:\/\/terezinskainiciativa.cz\/vzpominky\/v-sobotu-4-rijna-2025-zemrel-ivan-klima-bylo-mu-94-let\/\"},\"wordCount\":565,\"publisher\":{\"@id\":\"https:\/\/terezinskainiciativa.cz\/#organization\"},\"articleSection\":[\"Vzpom\u00ednky\"],\"inLanguage\":\"en-US\"},{\"@type\":\"WebPage\",\"@id\":\"https:\/\/terezinskainiciativa.cz\/vzpominky\/v-sobotu-4-rijna-2025-zemrel-ivan-klima-bylo-mu-94-let\/\",\"url\":\"https:\/\/terezinskainiciativa.cz\/vzpominky\/v-sobotu-4-rijna-2025-zemrel-ivan-klima-bylo-mu-94-let\/\",\"name\":\"V sobotu 4. \u0159\u00edjna 2025 zem\u0159el Ivan Kl\u00edma. Bylo mu 94 let.\",\"isPartOf\":{\"@id\":\"https:\/\/terezinskainiciativa.cz\/#website\"},\"datePublished\":\"2025-11-06T22:38:29+00:00\",\"dateModified\":\"2025-11-06T23:14:40+00:00\",\"description\":\"Ivan Kl\u00edma byl jedn\u00edm z velmi v\u00fdznamn\u00fdch \u010desk\u00fdch spisovatel\u016f. Jeho \u017eivotn\u00ed osudy a liter\u00e1rn\u00ed tvorba hluboce ovlivnily nejen \u010deskou, ale i sv\u011btovou\",\"breadcrumb\":{\"@id\":\"https:\/\/terezinskainiciativa.cz\/vzpominky\/v-sobotu-4-rijna-2025-zemrel-ivan-klima-bylo-mu-94-let\/#breadcrumb\"},\"inLanguage\":\"en-US\",\"potentialAction\":[{\"@type\":\"ReadAction\",\"target\":[\"https:\/\/terezinskainiciativa.cz\/vzpominky\/v-sobotu-4-rijna-2025-zemrel-ivan-klima-bylo-mu-94-let\/\"]}]},{\"@type\":\"BreadcrumbList\",\"@id\":\"https:\/\/terezinskainiciativa.cz\/vzpominky\/v-sobotu-4-rijna-2025-zemrel-ivan-klima-bylo-mu-94-let\/#breadcrumb\",\"itemListElement\":[{\"@type\":\"ListItem\",\"position\":1,\"name\":\"Dom\u016f\",\"item\":\"https:\/\/terezinskainiciativa.cz\/\"},{\"@type\":\"ListItem\",\"position\":2,\"name\":\"V sobotu 4. \u0159\u00edjna 2025 zem\u0159el Ivan Kl\u00edma. Bylo mu 94 let.\"}]},{\"@type\":\"WebSite\",\"@id\":\"https:\/\/terezinskainiciativa.cz\/#website\",\"url\":\"https:\/\/terezinskainiciativa.cz\/\",\"name\":\"Terez\u00ednsk\u00e1 iniciativa\",\"description\":\"TI je sdru\u017een\u00ed b\u00fdval\u00fdch v\u011bz\u0148\u016f terez\u00ednsk\u00e9ho ghetta a jejich p\u0159\u00edm\u00fdch potomk\u016f\",\"publisher\":{\"@id\":\"https:\/\/terezinskainiciativa.cz\/#organization\"},\"potentialAction\":[{\"@type\":\"SearchAction\",\"target\":{\"@type\":\"EntryPoint\",\"urlTemplate\":\"https:\/\/terezinskainiciativa.cz\/?s={search_term_string}\"},\"query-input\":\"required name=search_term_string\"}],\"inLanguage\":\"en-US\"},{\"@type\":\"Organization\",\"@id\":\"https:\/\/terezinskainiciativa.cz\/#organization\",\"name\":\"Terez\u00ednsk\u00e1 iniciativa\",\"url\":\"https:\/\/terezinskainiciativa.cz\/\",\"logo\":{\"@type\":\"ImageObject\",\"inLanguage\":\"en-US\",\"@id\":\"https:\/\/terezinskainiciativa.cz\/#\/schema\/logo\/image\/\",\"url\":\"https:\/\/terezinskainiciativa.cz\/wp-content\/uploads\/2022\/12\/cropped-ti-v2.png\",\"contentUrl\":\"https:\/\/terezinskainiciativa.cz\/wp-content\/uploads\/2022\/12\/cropped-ti-v2.png\",\"width\":242,\"height\":71,\"caption\":\"Terez\u00ednsk\u00e1 iniciativa\"},\"image\":{\"@id\":\"https:\/\/terezinskainiciativa.cz\/#\/schema\/logo\/image\/\"}},{\"@type\":\"Person\",\"@id\":\"https:\/\/terezinskainiciativa.cz\/#\/schema\/person\/19226cfe72c90058c84eed8ae52b2dcf\",\"name\":\"TI\",\"image\":{\"@type\":\"ImageObject\",\"inLanguage\":\"en-US\",\"@id\":\"https:\/\/terezinskainiciativa.cz\/#\/schema\/person\/image\/\",\"url\":\"https:\/\/secure.gravatar.com\/avatar\/c2d28ae173a6028f6ad18228439211d3?s=96&d=mm&r=g\",\"contentUrl\":\"https:\/\/secure.gravatar.com\/avatar\/c2d28ae173a6028f6ad18228439211d3?s=96&d=mm&r=g\",\"caption\":\"TI\"},\"sameAs\":[\"http:\/\/terezinskainiciativa.cz\"]}]}<\/script>\n<!-- \/ Yoast SEO plugin. -->","yoast_head_json":{"title":"V sobotu 4. \u0159\u00edjna 2025 zem\u0159el Ivan Kl\u00edma. Bylo mu 94 let.","description":"Ivan Kl\u00edma byl jedn\u00edm z velmi v\u00fdznamn\u00fdch \u010desk\u00fdch spisovatel\u016f. Jeho \u017eivotn\u00ed osudy a liter\u00e1rn\u00ed tvorba hluboce ovlivnily nejen \u010deskou, ale i sv\u011btovou","robots":{"index":"index","follow":"follow","max-snippet":"max-snippet:-1","max-image-preview":"max-image-preview:large","max-video-preview":"max-video-preview:-1"},"canonical":"https:\/\/terezinskainiciativa.cz\/en\/vzpominky\/v-sobotu-4-rijna-2025-zemrel-ivan-klima-bylo-mu-94-let\/","og_locale":"en_US","og_type":"article","og_title":"V sobotu 4. \u0159\u00edjna 2025 zem\u0159el Ivan Kl\u00edma. Bylo mu 94 let.","og_description":"Ivan Kl\u00edma byl jedn\u00edm z velmi v\u00fdznamn\u00fdch \u010desk\u00fdch spisovatel\u016f. Jeho \u017eivotn\u00ed osudy a liter\u00e1rn\u00ed tvorba hluboce ovlivnily nejen \u010deskou, ale i sv\u011btovou","og_url":"https:\/\/terezinskainiciativa.cz\/en\/vzpominky\/v-sobotu-4-rijna-2025-zemrel-ivan-klima-bylo-mu-94-let\/","og_site_name":"Terez\u00ednsk\u00e1 iniciativa","article_published_time":"2025-11-06T22:38:29+00:00","article_modified_time":"2025-11-06T23:14:40+00:00","og_image":[{"url":"https:\/\/terezinskainiciativa.cz\/wp-content\/uploads\/2025\/11\/Ivan-Klima-1024x681.jpg"}],"author":"TI","twitter_card":"summary_large_image","twitter_misc":{"Written by":"TI","Est. reading time":"3 minutes"},"schema":{"@context":"https:\/\/schema.org","@graph":[{"@type":"Article","@id":"https:\/\/terezinskainiciativa.cz\/vzpominky\/v-sobotu-4-rijna-2025-zemrel-ivan-klima-bylo-mu-94-let\/#article","isPartOf":{"@id":"https:\/\/terezinskainiciativa.cz\/vzpominky\/v-sobotu-4-rijna-2025-zemrel-ivan-klima-bylo-mu-94-let\/"},"author":{"name":"TI","@id":"https:\/\/terezinskainiciativa.cz\/#\/schema\/person\/19226cfe72c90058c84eed8ae52b2dcf"},"headline":"V sobotu 4. \u0159\u00edjna 2025 zem\u0159el Ivan Kl\u00edma. Bylo mu 94 let.","datePublished":"2025-11-06T22:38:29+00:00","dateModified":"2025-11-06T23:14:40+00:00","mainEntityOfPage":{"@id":"https:\/\/terezinskainiciativa.cz\/vzpominky\/v-sobotu-4-rijna-2025-zemrel-ivan-klima-bylo-mu-94-let\/"},"wordCount":565,"publisher":{"@id":"https:\/\/terezinskainiciativa.cz\/#organization"},"articleSection":["Vzpom\u00ednky"],"inLanguage":"en-US"},{"@type":"WebPage","@id":"https:\/\/terezinskainiciativa.cz\/vzpominky\/v-sobotu-4-rijna-2025-zemrel-ivan-klima-bylo-mu-94-let\/","url":"https:\/\/terezinskainiciativa.cz\/vzpominky\/v-sobotu-4-rijna-2025-zemrel-ivan-klima-bylo-mu-94-let\/","name":"V sobotu 4. \u0159\u00edjna 2025 zem\u0159el Ivan Kl\u00edma. Bylo mu 94 let.","isPartOf":{"@id":"https:\/\/terezinskainiciativa.cz\/#website"},"datePublished":"2025-11-06T22:38:29+00:00","dateModified":"2025-11-06T23:14:40+00:00","description":"Ivan Kl\u00edma byl jedn\u00edm z velmi v\u00fdznamn\u00fdch \u010desk\u00fdch spisovatel\u016f. Jeho \u017eivotn\u00ed osudy a liter\u00e1rn\u00ed tvorba hluboce ovlivnily nejen \u010deskou, ale i sv\u011btovou","breadcrumb":{"@id":"https:\/\/terezinskainiciativa.cz\/vzpominky\/v-sobotu-4-rijna-2025-zemrel-ivan-klima-bylo-mu-94-let\/#breadcrumb"},"inLanguage":"en-US","potentialAction":[{"@type":"ReadAction","target":["https:\/\/terezinskainiciativa.cz\/vzpominky\/v-sobotu-4-rijna-2025-zemrel-ivan-klima-bylo-mu-94-let\/"]}]},{"@type":"BreadcrumbList","@id":"https:\/\/terezinskainiciativa.cz\/vzpominky\/v-sobotu-4-rijna-2025-zemrel-ivan-klima-bylo-mu-94-let\/#breadcrumb","itemListElement":[{"@type":"ListItem","position":1,"name":"Dom\u016f","item":"https:\/\/terezinskainiciativa.cz\/"},{"@type":"ListItem","position":2,"name":"V sobotu 4. \u0159\u00edjna 2025 zem\u0159el Ivan Kl\u00edma. Bylo mu 94 let."}]},{"@type":"WebSite","@id":"https:\/\/terezinskainiciativa.cz\/#website","url":"https:\/\/terezinskainiciativa.cz\/","name":"Terez\u00ednsk\u00e1 iniciativa","description":"TI je sdru\u017een\u00ed b\u00fdval\u00fdch v\u011bz\u0148\u016f terez\u00ednsk\u00e9ho ghetta a jejich p\u0159\u00edm\u00fdch potomk\u016f","publisher":{"@id":"https:\/\/terezinskainiciativa.cz\/#organization"},"potentialAction":[{"@type":"SearchAction","target":{"@type":"EntryPoint","urlTemplate":"https:\/\/terezinskainiciativa.cz\/?s={search_term_string}"},"query-input":"required name=search_term_string"}],"inLanguage":"en-US"},{"@type":"Organization","@id":"https:\/\/terezinskainiciativa.cz\/#organization","name":"Terez\u00ednsk\u00e1 iniciativa","url":"https:\/\/terezinskainiciativa.cz\/","logo":{"@type":"ImageObject","inLanguage":"en-US","@id":"https:\/\/terezinskainiciativa.cz\/#\/schema\/logo\/image\/","url":"https:\/\/terezinskainiciativa.cz\/wp-content\/uploads\/2022\/12\/cropped-ti-v2.png","contentUrl":"https:\/\/terezinskainiciativa.cz\/wp-content\/uploads\/2022\/12\/cropped-ti-v2.png","width":242,"height":71,"caption":"Terez\u00ednsk\u00e1 iniciativa"},"image":{"@id":"https:\/\/terezinskainiciativa.cz\/#\/schema\/logo\/image\/"}},{"@type":"Person","@id":"https:\/\/terezinskainiciativa.cz\/#\/schema\/person\/19226cfe72c90058c84eed8ae52b2dcf","name":"TI","image":{"@type":"ImageObject","inLanguage":"en-US","@id":"https:\/\/terezinskainiciativa.cz\/#\/schema\/person\/image\/","url":"https:\/\/secure.gravatar.com\/avatar\/c2d28ae173a6028f6ad18228439211d3?s=96&d=mm&r=g","contentUrl":"https:\/\/secure.gravatar.com\/avatar\/c2d28ae173a6028f6ad18228439211d3?s=96&d=mm&r=g","caption":"TI"},"sameAs":["http:\/\/terezinskainiciativa.cz"]}]}},"_links":{"self":[{"href":"https:\/\/terezinskainiciativa.cz\/en\/wp-json\/wp\/v2\/posts\/984"}],"collection":[{"href":"https:\/\/terezinskainiciativa.cz\/en\/wp-json\/wp\/v2\/posts"}],"about":[{"href":"https:\/\/terezinskainiciativa.cz\/en\/wp-json\/wp\/v2\/types\/post"}],"author":[{"embeddable":true,"href":"https:\/\/terezinskainiciativa.cz\/en\/wp-json\/wp\/v2\/users\/1"}],"replies":[{"embeddable":true,"href":"https:\/\/terezinskainiciativa.cz\/en\/wp-json\/wp\/v2\/comments?post=984"}],"version-history":[{"count":2,"href":"https:\/\/terezinskainiciativa.cz\/en\/wp-json\/wp\/v2\/posts\/984\/revisions"}],"predecessor-version":[{"id":1009,"href":"https:\/\/terezinskainiciativa.cz\/en\/wp-json\/wp\/v2\/posts\/984\/revisions\/1009"}],"wp:attachment":[{"href":"https:\/\/terezinskainiciativa.cz\/en\/wp-json\/wp\/v2\/media?parent=984"}],"wp:term":[{"taxonomy":"category","embeddable":true,"href":"https:\/\/terezinskainiciativa.cz\/en\/wp-json\/wp\/v2\/categories?post=984"},{"taxonomy":"post_tag","embeddable":true,"href":"https:\/\/terezinskainiciativa.cz\/en\/wp-json\/wp\/v2\/tags?post=984"}],"curies":[{"name":"wp","href":"https:\/\/api.w.org\/{rel}","templated":true}]}}