{"id":988,"date":"2025-11-06T23:42:49","date_gmt":"2025-11-06T22:42:49","guid":{"rendered":"https:\/\/terezinskainiciativa.cz\/?p=988"},"modified":"2025-11-06T23:42:52","modified_gmt":"2025-11-06T22:42:52","slug":"v-sobotu-18-rijna-2025-zemrela-v-jeruzaleme-dita-krausova-bylo-ji-96-let","status":"publish","type":"post","link":"https:\/\/terezinskainiciativa.cz\/en\/vzpominky\/v-sobotu-18-rijna-2025-zemrela-v-jeruzaleme-dita-krausova-bylo-ji-96-let\/","title":{"rendered":"V sobotu 18. \u0159\u00edjna 2025 zem\u0159ela v Jeruzal\u00e9m\u011b Dita Krausov\u00e1. Bylo j\u00ed 96 let."},"content":{"rendered":"<p>Dita Krausov\u00e1, rozen\u00e1 Edith Polachov\u00e1, se narodila 12. \u010dervence 1929 v Praze. Jej\u00ed otec byl JUDr. Hans Polach a d\u011bde\u010dek Johann prvorepublikov\u00fd sen\u00e1tor N\u00e1rodn\u00edho shrom\u00e1\u017ed\u011bn\u00ed.<\/p>\n\n\n\n<p>V roce 1942 byla s rodinou deportov\u00e1na do Terez\u00edna a pozd\u011bji do Osv\u011btimi, Hamburku a Bergen-Belsenu. Po strastipln\u00e9m <em>putov\u00e1n\u00ed<\/em> koncentra\u010dn\u00edmi t\u00e1bory se do\u010dkala osvobozen\u00ed a vr\u00e1tila se do Prahy.<\/p>\n\n\n\n<p>Brzy se provdala za Otu B. Krause (1921\u20132000), spisovatele, v Izraeli pak je\u0161t\u011b u\u010ditele a grafologa.<\/p>\n\n\n\n<p>V roce 1949 emigrovali do Izraele. Nejd\u0159\u00edv \u017eili v Haif\u011b, pozd\u011bji v kibucu Givat Chaim, aby se nakonec usadili v Netaniji. Sv\u016fj \u017eivot popsala v 360str\u00e1nkov\u00e9 autobiografii <em>Odlo\u017een\u00fd \u017eivot<\/em>, kter\u00fd v listopadu 2018 vydalo nakladatelstv\u00ed Ikar.<\/p>\n\n\n\n<p>Na motivy jej\u00edho \u017eivota, zejm\u00e9na v Osv\u011btimi, napsal \u0161pan\u011blsk\u00fd autor Antonio Gonz\u00e1les Iturbe rom\u00e1n <em>Osv\u011btimsk\u00e1 knihovnice<\/em>.<\/p>\n\n\n\n<p>V roce 2022 vydala ve stejn\u00e9m nakladatelstv\u00ed dal\u0161\u00ed knihu nazvanou <em>\u017divot s Otou<\/em>. Autorka se v knize zpov\u00edd\u00e1 ze spole\u010dn\u00e9ho \u017eivota s man\u017eelem Otou.<\/p>\n\n\n\n<figure class=\"wp-block-image size-large is-resized\"><img loading=\"lazy\" decoding=\"async\" width=\"679\" height=\"1024\" src=\"https:\/\/terezinskainiciativa.cz\/wp-content\/uploads\/2025\/11\/Dita-Krausova-679x1024.jpg\" alt=\"\" class=\"wp-image-989\" style=\"width:1184px;height:auto\" srcset=\"https:\/\/terezinskainiciativa.cz\/wp-content\/uploads\/2025\/11\/Dita-Krausova-679x1024.jpg 679w, https:\/\/terezinskainiciativa.cz\/wp-content\/uploads\/2025\/11\/Dita-Krausova-199x300.jpg 199w, https:\/\/terezinskainiciativa.cz\/wp-content\/uploads\/2025\/11\/Dita-Krausova-8x12.jpg 8w, https:\/\/terezinskainiciativa.cz\/wp-content\/uploads\/2025\/11\/Dita-Krausova.jpg 711w\" sizes=\"(max-width: 679px) 100vw, 679px\" \/><\/figure>","protected":false},"excerpt":{"rendered":"<p>Dita Krausov\u00e1, rozen\u00e1 Edith Polachov\u00e1, se narodila 12. \u010dervence 1929 v Praze. Jej\u00ed otec byl JUDr. Hans Polach a d\u011bde\u010dek Johann prvorepublikov\u00fd sen\u00e1tor N\u00e1rodn\u00edho shrom\u00e1\u017ed\u011bn\u00ed. V roce 1942 byla s [&hellip;]<\/p>","protected":false},"author":1,"featured_media":0,"comment_status":"closed","ping_status":"closed","sticky":false,"template":"","format":"standard","meta":{"footnotes":""},"categories":[10],"tags":[],"class_list":["post-988","post","type-post","status-publish","format-standard","hentry","category-vzpominky"],"yoast_head":"<!-- This site is optimized with the Yoast SEO plugin v21.9.1 - https:\/\/yoast.com\/wordpress\/plugins\/seo\/ -->\n<title>V sobotu 18. \u0159\u00edjna 2025 zem\u0159ela v Jeruzal\u00e9m\u011b Dita Krausov\u00e1. Bylo j\u00ed 96 let.<\/title>\n<meta name=\"description\" content=\"Dita Krausov\u00e1, rozen\u00e1 Edith Polachov\u00e1, se narodila 12. \u010dervence 1929 v Praze. Jej\u00ed otec byl JUDr. Hans Polach a d\u011bde\u010dek Johann prvorepublikov\u00fd sen\u00e1tor\" \/>\n<meta name=\"robots\" content=\"index, follow, max-snippet:-1, max-image-preview:large, max-video-preview:-1\" \/>\n<link rel=\"canonical\" href=\"https:\/\/terezinskainiciativa.cz\/en\/vzpominky\/v-sobotu-18-rijna-2025-zemrela-v-jeruzaleme-dita-krausova-bylo-ji-96-let\/\" \/>\n<meta property=\"og:locale\" content=\"en_US\" \/>\n<meta property=\"og:type\" content=\"article\" \/>\n<meta property=\"og:title\" content=\"V sobotu 18. \u0159\u00edjna 2025 zem\u0159ela v Jeruzal\u00e9m\u011b Dita Krausov\u00e1. Bylo j\u00ed 96 let.\" \/>\n<meta property=\"og:description\" content=\"Dita Krausov\u00e1, rozen\u00e1 Edith Polachov\u00e1, se narodila 12. \u010dervence 1929 v Praze. Jej\u00ed otec byl JUDr. Hans Polach a d\u011bde\u010dek Johann prvorepublikov\u00fd sen\u00e1tor\" \/>\n<meta property=\"og:url\" content=\"https:\/\/terezinskainiciativa.cz\/en\/vzpominky\/v-sobotu-18-rijna-2025-zemrela-v-jeruzaleme-dita-krausova-bylo-ji-96-let\/\" \/>\n<meta property=\"og:site_name\" content=\"Terez\u00ednsk\u00e1 iniciativa\" \/>\n<meta property=\"article:published_time\" content=\"2025-11-06T22:42:49+00:00\" \/>\n<meta property=\"article:modified_time\" content=\"2025-11-06T22:42:52+00:00\" \/>\n<meta property=\"og:image\" content=\"https:\/\/terezinskainiciativa.cz\/wp-content\/uploads\/2025\/11\/Dita-Krausova-679x1024.jpg\" \/>\n<meta name=\"author\" content=\"TI\" \/>\n<meta name=\"twitter:card\" content=\"summary_large_image\" \/>\n<meta name=\"twitter:label1\" content=\"Written by\" \/>\n\t<meta name=\"twitter:data1\" content=\"TI\" \/>\n\t<meta name=\"twitter:label2\" content=\"Est. reading time\" \/>\n\t<meta name=\"twitter:data2\" content=\"1 minute\" \/>\n<script type=\"application\/ld+json\" class=\"yoast-schema-graph\">{\"@context\":\"https:\/\/schema.org\",\"@graph\":[{\"@type\":\"Article\",\"@id\":\"https:\/\/terezinskainiciativa.cz\/vzpominky\/v-sobotu-18-rijna-2025-zemrela-v-jeruzaleme-dita-krausova-bylo-ji-96-let\/#article\",\"isPartOf\":{\"@id\":\"https:\/\/terezinskainiciativa.cz\/vzpominky\/v-sobotu-18-rijna-2025-zemrela-v-jeruzaleme-dita-krausova-bylo-ji-96-let\/\"},\"author\":{\"name\":\"TI\",\"@id\":\"https:\/\/terezinskainiciativa.cz\/#\/schema\/person\/19226cfe72c90058c84eed8ae52b2dcf\"},\"headline\":\"V sobotu 18. \u0159\u00edjna 2025 zem\u0159ela v Jeruzal\u00e9m\u011b Dita Krausov\u00e1. Bylo j\u00ed 96 let.\",\"datePublished\":\"2025-11-06T22:42:49+00:00\",\"dateModified\":\"2025-11-06T22:42:52+00:00\",\"mainEntityOfPage\":{\"@id\":\"https:\/\/terezinskainiciativa.cz\/vzpominky\/v-sobotu-18-rijna-2025-zemrela-v-jeruzaleme-dita-krausova-bylo-ji-96-let\/\"},\"wordCount\":189,\"publisher\":{\"@id\":\"https:\/\/terezinskainiciativa.cz\/#organization\"},\"articleSection\":[\"Vzpom\u00ednky\"],\"inLanguage\":\"en-US\"},{\"@type\":\"WebPage\",\"@id\":\"https:\/\/terezinskainiciativa.cz\/vzpominky\/v-sobotu-18-rijna-2025-zemrela-v-jeruzaleme-dita-krausova-bylo-ji-96-let\/\",\"url\":\"https:\/\/terezinskainiciativa.cz\/vzpominky\/v-sobotu-18-rijna-2025-zemrela-v-jeruzaleme-dita-krausova-bylo-ji-96-let\/\",\"name\":\"V sobotu 18. \u0159\u00edjna 2025 zem\u0159ela v Jeruzal\u00e9m\u011b Dita Krausov\u00e1. Bylo j\u00ed 96 let.\",\"isPartOf\":{\"@id\":\"https:\/\/terezinskainiciativa.cz\/#website\"},\"datePublished\":\"2025-11-06T22:42:49+00:00\",\"dateModified\":\"2025-11-06T22:42:52+00:00\",\"description\":\"Dita Krausov\u00e1, rozen\u00e1 Edith Polachov\u00e1, se narodila 12. \u010dervence 1929 v Praze. Jej\u00ed otec byl JUDr. Hans Polach a d\u011bde\u010dek Johann prvorepublikov\u00fd sen\u00e1tor\",\"breadcrumb\":{\"@id\":\"https:\/\/terezinskainiciativa.cz\/vzpominky\/v-sobotu-18-rijna-2025-zemrela-v-jeruzaleme-dita-krausova-bylo-ji-96-let\/#breadcrumb\"},\"inLanguage\":\"en-US\",\"potentialAction\":[{\"@type\":\"ReadAction\",\"target\":[\"https:\/\/terezinskainiciativa.cz\/vzpominky\/v-sobotu-18-rijna-2025-zemrela-v-jeruzaleme-dita-krausova-bylo-ji-96-let\/\"]}]},{\"@type\":\"BreadcrumbList\",\"@id\":\"https:\/\/terezinskainiciativa.cz\/vzpominky\/v-sobotu-18-rijna-2025-zemrela-v-jeruzaleme-dita-krausova-bylo-ji-96-let\/#breadcrumb\",\"itemListElement\":[{\"@type\":\"ListItem\",\"position\":1,\"name\":\"Dom\u016f\",\"item\":\"https:\/\/terezinskainiciativa.cz\/\"},{\"@type\":\"ListItem\",\"position\":2,\"name\":\"V sobotu 18. \u0159\u00edjna 2025 zem\u0159ela v Jeruzal\u00e9m\u011b Dita Krausov\u00e1. Bylo j\u00ed 96 let.\"}]},{\"@type\":\"WebSite\",\"@id\":\"https:\/\/terezinskainiciativa.cz\/#website\",\"url\":\"https:\/\/terezinskainiciativa.cz\/\",\"name\":\"Terez\u00ednsk\u00e1 iniciativa\",\"description\":\"TI je sdru\u017een\u00ed b\u00fdval\u00fdch v\u011bz\u0148\u016f terez\u00ednsk\u00e9ho ghetta a jejich p\u0159\u00edm\u00fdch potomk\u016f\",\"publisher\":{\"@id\":\"https:\/\/terezinskainiciativa.cz\/#organization\"},\"potentialAction\":[{\"@type\":\"SearchAction\",\"target\":{\"@type\":\"EntryPoint\",\"urlTemplate\":\"https:\/\/terezinskainiciativa.cz\/?s={search_term_string}\"},\"query-input\":\"required name=search_term_string\"}],\"inLanguage\":\"en-US\"},{\"@type\":\"Organization\",\"@id\":\"https:\/\/terezinskainiciativa.cz\/#organization\",\"name\":\"Terez\u00ednsk\u00e1 iniciativa\",\"url\":\"https:\/\/terezinskainiciativa.cz\/\",\"logo\":{\"@type\":\"ImageObject\",\"inLanguage\":\"en-US\",\"@id\":\"https:\/\/terezinskainiciativa.cz\/#\/schema\/logo\/image\/\",\"url\":\"https:\/\/terezinskainiciativa.cz\/wp-content\/uploads\/2022\/12\/cropped-ti-v2.png\",\"contentUrl\":\"https:\/\/terezinskainiciativa.cz\/wp-content\/uploads\/2022\/12\/cropped-ti-v2.png\",\"width\":242,\"height\":71,\"caption\":\"Terez\u00ednsk\u00e1 iniciativa\"},\"image\":{\"@id\":\"https:\/\/terezinskainiciativa.cz\/#\/schema\/logo\/image\/\"}},{\"@type\":\"Person\",\"@id\":\"https:\/\/terezinskainiciativa.cz\/#\/schema\/person\/19226cfe72c90058c84eed8ae52b2dcf\",\"name\":\"TI\",\"image\":{\"@type\":\"ImageObject\",\"inLanguage\":\"en-US\",\"@id\":\"https:\/\/terezinskainiciativa.cz\/#\/schema\/person\/image\/\",\"url\":\"https:\/\/secure.gravatar.com\/avatar\/c2d28ae173a6028f6ad18228439211d3?s=96&d=mm&r=g\",\"contentUrl\":\"https:\/\/secure.gravatar.com\/avatar\/c2d28ae173a6028f6ad18228439211d3?s=96&d=mm&r=g\",\"caption\":\"TI\"},\"sameAs\":[\"http:\/\/terezinskainiciativa.cz\"]}]}<\/script>\n<!-- \/ Yoast SEO plugin. -->","yoast_head_json":{"title":"V sobotu 18. \u0159\u00edjna 2025 zem\u0159ela v Jeruzal\u00e9m\u011b Dita Krausov\u00e1. Bylo j\u00ed 96 let.","description":"Dita Krausov\u00e1, rozen\u00e1 Edith Polachov\u00e1, se narodila 12. \u010dervence 1929 v Praze. Jej\u00ed otec byl JUDr. Hans Polach a d\u011bde\u010dek Johann prvorepublikov\u00fd sen\u00e1tor","robots":{"index":"index","follow":"follow","max-snippet":"max-snippet:-1","max-image-preview":"max-image-preview:large","max-video-preview":"max-video-preview:-1"},"canonical":"https:\/\/terezinskainiciativa.cz\/en\/vzpominky\/v-sobotu-18-rijna-2025-zemrela-v-jeruzaleme-dita-krausova-bylo-ji-96-let\/","og_locale":"en_US","og_type":"article","og_title":"V sobotu 18. \u0159\u00edjna 2025 zem\u0159ela v Jeruzal\u00e9m\u011b Dita Krausov\u00e1. Bylo j\u00ed 96 let.","og_description":"Dita Krausov\u00e1, rozen\u00e1 Edith Polachov\u00e1, se narodila 12. \u010dervence 1929 v Praze. Jej\u00ed otec byl JUDr. Hans Polach a d\u011bde\u010dek Johann prvorepublikov\u00fd sen\u00e1tor","og_url":"https:\/\/terezinskainiciativa.cz\/en\/vzpominky\/v-sobotu-18-rijna-2025-zemrela-v-jeruzaleme-dita-krausova-bylo-ji-96-let\/","og_site_name":"Terez\u00ednsk\u00e1 iniciativa","article_published_time":"2025-11-06T22:42:49+00:00","article_modified_time":"2025-11-06T22:42:52+00:00","og_image":[{"url":"https:\/\/terezinskainiciativa.cz\/wp-content\/uploads\/2025\/11\/Dita-Krausova-679x1024.jpg"}],"author":"TI","twitter_card":"summary_large_image","twitter_misc":{"Written by":"TI","Est. reading time":"1 minute"},"schema":{"@context":"https:\/\/schema.org","@graph":[{"@type":"Article","@id":"https:\/\/terezinskainiciativa.cz\/vzpominky\/v-sobotu-18-rijna-2025-zemrela-v-jeruzaleme-dita-krausova-bylo-ji-96-let\/#article","isPartOf":{"@id":"https:\/\/terezinskainiciativa.cz\/vzpominky\/v-sobotu-18-rijna-2025-zemrela-v-jeruzaleme-dita-krausova-bylo-ji-96-let\/"},"author":{"name":"TI","@id":"https:\/\/terezinskainiciativa.cz\/#\/schema\/person\/19226cfe72c90058c84eed8ae52b2dcf"},"headline":"V sobotu 18. \u0159\u00edjna 2025 zem\u0159ela v Jeruzal\u00e9m\u011b Dita Krausov\u00e1. Bylo j\u00ed 96 let.","datePublished":"2025-11-06T22:42:49+00:00","dateModified":"2025-11-06T22:42:52+00:00","mainEntityOfPage":{"@id":"https:\/\/terezinskainiciativa.cz\/vzpominky\/v-sobotu-18-rijna-2025-zemrela-v-jeruzaleme-dita-krausova-bylo-ji-96-let\/"},"wordCount":189,"publisher":{"@id":"https:\/\/terezinskainiciativa.cz\/#organization"},"articleSection":["Vzpom\u00ednky"],"inLanguage":"en-US"},{"@type":"WebPage","@id":"https:\/\/terezinskainiciativa.cz\/vzpominky\/v-sobotu-18-rijna-2025-zemrela-v-jeruzaleme-dita-krausova-bylo-ji-96-let\/","url":"https:\/\/terezinskainiciativa.cz\/vzpominky\/v-sobotu-18-rijna-2025-zemrela-v-jeruzaleme-dita-krausova-bylo-ji-96-let\/","name":"V sobotu 18. \u0159\u00edjna 2025 zem\u0159ela v Jeruzal\u00e9m\u011b Dita Krausov\u00e1. Bylo j\u00ed 96 let.","isPartOf":{"@id":"https:\/\/terezinskainiciativa.cz\/#website"},"datePublished":"2025-11-06T22:42:49+00:00","dateModified":"2025-11-06T22:42:52+00:00","description":"Dita Krausov\u00e1, rozen\u00e1 Edith Polachov\u00e1, se narodila 12. \u010dervence 1929 v Praze. Jej\u00ed otec byl JUDr. Hans Polach a d\u011bde\u010dek Johann prvorepublikov\u00fd sen\u00e1tor","breadcrumb":{"@id":"https:\/\/terezinskainiciativa.cz\/vzpominky\/v-sobotu-18-rijna-2025-zemrela-v-jeruzaleme-dita-krausova-bylo-ji-96-let\/#breadcrumb"},"inLanguage":"en-US","potentialAction":[{"@type":"ReadAction","target":["https:\/\/terezinskainiciativa.cz\/vzpominky\/v-sobotu-18-rijna-2025-zemrela-v-jeruzaleme-dita-krausova-bylo-ji-96-let\/"]}]},{"@type":"BreadcrumbList","@id":"https:\/\/terezinskainiciativa.cz\/vzpominky\/v-sobotu-18-rijna-2025-zemrela-v-jeruzaleme-dita-krausova-bylo-ji-96-let\/#breadcrumb","itemListElement":[{"@type":"ListItem","position":1,"name":"Dom\u016f","item":"https:\/\/terezinskainiciativa.cz\/"},{"@type":"ListItem","position":2,"name":"V sobotu 18. \u0159\u00edjna 2025 zem\u0159ela v Jeruzal\u00e9m\u011b Dita Krausov\u00e1. Bylo j\u00ed 96 let."}]},{"@type":"WebSite","@id":"https:\/\/terezinskainiciativa.cz\/#website","url":"https:\/\/terezinskainiciativa.cz\/","name":"Terez\u00ednsk\u00e1 iniciativa","description":"TI je sdru\u017een\u00ed b\u00fdval\u00fdch v\u011bz\u0148\u016f terez\u00ednsk\u00e9ho ghetta a jejich p\u0159\u00edm\u00fdch potomk\u016f","publisher":{"@id":"https:\/\/terezinskainiciativa.cz\/#organization"},"potentialAction":[{"@type":"SearchAction","target":{"@type":"EntryPoint","urlTemplate":"https:\/\/terezinskainiciativa.cz\/?s={search_term_string}"},"query-input":"required name=search_term_string"}],"inLanguage":"en-US"},{"@type":"Organization","@id":"https:\/\/terezinskainiciativa.cz\/#organization","name":"Terez\u00ednsk\u00e1 iniciativa","url":"https:\/\/terezinskainiciativa.cz\/","logo":{"@type":"ImageObject","inLanguage":"en-US","@id":"https:\/\/terezinskainiciativa.cz\/#\/schema\/logo\/image\/","url":"https:\/\/terezinskainiciativa.cz\/wp-content\/uploads\/2022\/12\/cropped-ti-v2.png","contentUrl":"https:\/\/terezinskainiciativa.cz\/wp-content\/uploads\/2022\/12\/cropped-ti-v2.png","width":242,"height":71,"caption":"Terez\u00ednsk\u00e1 iniciativa"},"image":{"@id":"https:\/\/terezinskainiciativa.cz\/#\/schema\/logo\/image\/"}},{"@type":"Person","@id":"https:\/\/terezinskainiciativa.cz\/#\/schema\/person\/19226cfe72c90058c84eed8ae52b2dcf","name":"TI","image":{"@type":"ImageObject","inLanguage":"en-US","@id":"https:\/\/terezinskainiciativa.cz\/#\/schema\/person\/image\/","url":"https:\/\/secure.gravatar.com\/avatar\/c2d28ae173a6028f6ad18228439211d3?s=96&d=mm&r=g","contentUrl":"https:\/\/secure.gravatar.com\/avatar\/c2d28ae173a6028f6ad18228439211d3?s=96&d=mm&r=g","caption":"TI"},"sameAs":["http:\/\/terezinskainiciativa.cz"]}]}},"_links":{"self":[{"href":"https:\/\/terezinskainiciativa.cz\/en\/wp-json\/wp\/v2\/posts\/988"}],"collection":[{"href":"https:\/\/terezinskainiciativa.cz\/en\/wp-json\/wp\/v2\/posts"}],"about":[{"href":"https:\/\/terezinskainiciativa.cz\/en\/wp-json\/wp\/v2\/types\/post"}],"author":[{"embeddable":true,"href":"https:\/\/terezinskainiciativa.cz\/en\/wp-json\/wp\/v2\/users\/1"}],"replies":[{"embeddable":true,"href":"https:\/\/terezinskainiciativa.cz\/en\/wp-json\/wp\/v2\/comments?post=988"}],"version-history":[{"count":1,"href":"https:\/\/terezinskainiciativa.cz\/en\/wp-json\/wp\/v2\/posts\/988\/revisions"}],"predecessor-version":[{"id":990,"href":"https:\/\/terezinskainiciativa.cz\/en\/wp-json\/wp\/v2\/posts\/988\/revisions\/990"}],"wp:attachment":[{"href":"https:\/\/terezinskainiciativa.cz\/en\/wp-json\/wp\/v2\/media?parent=988"}],"wp:term":[{"taxonomy":"category","embeddable":true,"href":"https:\/\/terezinskainiciativa.cz\/en\/wp-json\/wp\/v2\/categories?post=988"},{"taxonomy":"post_tag","embeddable":true,"href":"https:\/\/terezinskainiciativa.cz\/en\/wp-json\/wp\/v2\/tags?post=988"}],"curies":[{"name":"wp","href":"https:\/\/api.w.org\/{rel}","templated":true}]}}