{"id":991,"date":"2025-11-06T23:51:16","date_gmt":"2025-11-06T22:51:16","guid":{"rendered":"https:\/\/terezinskainiciativa.cz\/?p=991"},"modified":"2025-11-06T23:51:20","modified_gmt":"2025-11-06T22:51:20","slug":"16-rijna-si-kazdorocne-pripominame-tragicke-vyroci-zahajeni-zidovskych-transportu-do-lodze-a-terezina","status":"publish","type":"post","link":"https:\/\/terezinskainiciativa.cz\/en\/akce\/16-rijna-si-kazdorocne-pripominame-tragicke-vyroci-zahajeni-zidovskych-transportu-do-lodze-a-terezina\/","title":{"rendered":"16. \u0159\u00edjna si ka\u017edoro\u010dn\u011b p\u0159ipom\u00edn\u00e1me tragick\u00e9 v\u00fdro\u010d\u00ed zah\u00e1jen\u00ed \u017eidovsk\u00fdch transport\u016f do Lod\u017ee a Terez\u00edna."},"content":{"rendered":"<p>P\u0159ed \u010dty\u0159iaosmdes\u00e1ti lety ode\u0161el z Prahy prvn\u00ed \u017eidovsk\u00fd transport do Lod\u017ee. Brzy n\u00e1sledovaly dal\u0161\u00ed, p\u0159ev\u00e1\u017en\u011b do Terez\u00edna. Terez\u00ednsk\u00e1 iniciativa je jedin\u00e1, kter\u00e1 tuto ud\u00e1lost p\u0159ipom\u00edn\u00e1. Pochopiteln\u011b, st\u00e1le jde o spolek, kter\u00fd zalo\u017eili p\u0159e\u017eiv\u0161\u00ed a \u00fakoly, kter\u00e9 si dali, pln\u00ed jejich dcery a synov\u00e9.<\/p>\n\n\n\n<p>Tak\u00e9 letos jsme pokra\u010dovali ve v\u00edc jak t\u0159icetilet\u00e9 tradici p\u0159ipom\u00edn\u00e1n\u00ed tohoto neblah\u00e9ho data. P\u0159ipom\u00edn\u00e1n\u00ed, kter\u00e9 je velmi d\u016fle\u017eit\u00e9. Nen\u00ed toti\u017e nikoho, krom\u011b \u010dlen\u016f Terez\u00ednsk\u00e9 iniciativy, kdo by tuhle, v\u00edc jak osmdes\u00e1t let starou historii, p\u0159ipom\u00ednal. Na\u0161emu v\u011bt\u0161inov\u00e9mu okol\u00ed i \u017eidovsk\u00e9 komunit\u011b. Nebudeme-li to p\u0159ipom\u00ednat, a to i n\u011bkter\u00fdmi vysm\u00edvan\u00fdm \u201ekladen\u00edm kytice\u201c, nebude to d\u011blat nikdo, a na n\u011bkdej\u0161\u00ed v\u011bzn\u011b Terez\u00edna, Lod\u017ee a dal\u0161\u00edch koncentra\u010dn\u00edch t\u00e1bor\u016f se zapomene. A to nechci, to si, v\u011bru, nep\u0159eji! Rozhodn\u011b nechci, aby se zapomn\u011blo p\u0159\u00edli\u0161 brzy. A proto je nesm\u00edrn\u011b d\u016fle\u017eit\u00e9 a nutn\u00e9 nezapom\u00ednat, ale naopak \u2013 p\u0159ipom\u00ednat si \u2013 t\u0159eba i t\u00edm ka\u017edoro\u010dn\u00edm kladen\u00edm kytic.<\/p>\n\n\n\n<p>Ve 14 hodin jsme se se\u0161li na Nov\u00e9m \u017eidovsk\u00e9m h\u0159bitov\u011b na Vinohradech u kamene lod\u017esk\u00fdch. Po p\u0159iv\u00edt\u00e1n\u00ed \u00fa\u010dastn\u00edk\u016f Michalem Str\u00e1nsk\u00fdm a pod\u011bkov\u00e1n\u00edm za \u00fa\u010dast polo\u017eila Tamara Pavl\u00ed\u010dkov\u00e1 kytici Terez\u00ednsk\u00e9 iniciativy.<\/p>\n\n\n\n<p class=\"has-text-align-center\">*********<\/p>\n\n\n\n<p><br>V 15.30 jsme zah\u00e1jili kr\u00e1tk\u00fdm projevem p\u0159edsedy Terez\u00ednsk\u00e9 iniciativy Michalem Str\u00e1nsk\u00fdm a polo\u017een\u00edm kytic u pam\u011btn\u00ed desky na zdi hotelu Mama Shelter tuto pietn\u00ed vzpom\u00ednku. Z t\u011bchto m\u00edst odch\u00e1zely transporty, z nich\u017e se jen m\u00e1lo lid\u00ed vr\u00e1tilo zp\u011bt. Tady se n\u00e1s se\u0161lo v\u00edc ne\u017e na Vinohradech, za to naprosto chyb\u011bli mlad\u00ed lid\u00e9. \u0160koda! Ale byl tu mimo dal\u0161\u00edch Jan \u010ci\u017einsk\u00fd, starosta m\u011bstsk\u00e9 \u010d\u00e1sti Praha 7, Katrin Bock s doprovodem z Velvyslanectv\u00ed SRN a byla tu delegace z Centra pam\u011bti a dialogu Bubny v \u010dele s \u0159editelkou Pavl\u00ednou \u0160ulcovou.<\/p>\n\n\n\n<figure class=\"wp-block-gallery has-nested-images columns-2 is-cropped wp-block-gallery-1 is-layout-flex wp-block-gallery-is-layout-flex\">\n<figure class=\"wp-block-image size-large\"><img loading=\"lazy\" decoding=\"async\" width=\"1024\" height=\"683\" data-id=\"996\" src=\"https:\/\/terezinskainiciativa.cz\/wp-content\/uploads\/2025\/11\/Novy-zidovsky-hrbitov-DSCF7256-1024x683.jpg\" alt=\"\" class=\"wp-image-996\" srcset=\"https:\/\/terezinskainiciativa.cz\/wp-content\/uploads\/2025\/11\/Novy-zidovsky-hrbitov-DSCF7256-1024x683.jpg 1024w, https:\/\/terezinskainiciativa.cz\/wp-content\/uploads\/2025\/11\/Novy-zidovsky-hrbitov-DSCF7256-300x200.jpg 300w, https:\/\/terezinskainiciativa.cz\/wp-content\/uploads\/2025\/11\/Novy-zidovsky-hrbitov-DSCF7256-768x512.jpg 768w, https:\/\/terezinskainiciativa.cz\/wp-content\/uploads\/2025\/11\/Novy-zidovsky-hrbitov-DSCF7256-18x12.jpg 18w, https:\/\/terezinskainiciativa.cz\/wp-content\/uploads\/2025\/11\/Novy-zidovsky-hrbitov-DSCF7256-1200x800.jpg 1200w, https:\/\/terezinskainiciativa.cz\/wp-content\/uploads\/2025\/11\/Novy-zidovsky-hrbitov-DSCF7256.jpg 1224w\" sizes=\"(max-width: 1024px) 100vw, 1024px\" \/><\/figure>\n\n\n\n<figure class=\"wp-block-image size-large\"><img loading=\"lazy\" decoding=\"async\" width=\"1024\" height=\"683\" data-id=\"995\" src=\"https:\/\/terezinskainiciativa.cz\/wp-content\/uploads\/2025\/11\/Novy-zidovsky-hrbitov-DSCF7263-1024x683.jpg\" alt=\"\" class=\"wp-image-995\" srcset=\"https:\/\/terezinskainiciativa.cz\/wp-content\/uploads\/2025\/11\/Novy-zidovsky-hrbitov-DSCF7263-1024x683.jpg 1024w, https:\/\/terezinskainiciativa.cz\/wp-content\/uploads\/2025\/11\/Novy-zidovsky-hrbitov-DSCF7263-300x200.jpg 300w, https:\/\/terezinskainiciativa.cz\/wp-content\/uploads\/2025\/11\/Novy-zidovsky-hrbitov-DSCF7263-768x512.jpg 768w, https:\/\/terezinskainiciativa.cz\/wp-content\/uploads\/2025\/11\/Novy-zidovsky-hrbitov-DSCF7263-18x12.jpg 18w, https:\/\/terezinskainiciativa.cz\/wp-content\/uploads\/2025\/11\/Novy-zidovsky-hrbitov-DSCF7263-1200x800.jpg 1200w, https:\/\/terezinskainiciativa.cz\/wp-content\/uploads\/2025\/11\/Novy-zidovsky-hrbitov-DSCF7263.jpg 1224w\" sizes=\"(max-width: 1024px) 100vw, 1024px\" \/><\/figure>\n\n\n\n<figure class=\"wp-block-image size-large\"><img loading=\"lazy\" decoding=\"async\" width=\"1024\" height=\"683\" data-id=\"994\" src=\"https:\/\/terezinskainiciativa.cz\/wp-content\/uploads\/2025\/11\/U-pametni-desky-na-zdi-hotelu-Mama-Shelter-DSCF7275-1024x683.jpg\" alt=\"\" class=\"wp-image-994\" srcset=\"https:\/\/terezinskainiciativa.cz\/wp-content\/uploads\/2025\/11\/U-pametni-desky-na-zdi-hotelu-Mama-Shelter-DSCF7275-1024x683.jpg 1024w, https:\/\/terezinskainiciativa.cz\/wp-content\/uploads\/2025\/11\/U-pametni-desky-na-zdi-hotelu-Mama-Shelter-DSCF7275-300x200.jpg 300w, https:\/\/terezinskainiciativa.cz\/wp-content\/uploads\/2025\/11\/U-pametni-desky-na-zdi-hotelu-Mama-Shelter-DSCF7275-768x512.jpg 768w, https:\/\/terezinskainiciativa.cz\/wp-content\/uploads\/2025\/11\/U-pametni-desky-na-zdi-hotelu-Mama-Shelter-DSCF7275-18x12.jpg 18w, https:\/\/terezinskainiciativa.cz\/wp-content\/uploads\/2025\/11\/U-pametni-desky-na-zdi-hotelu-Mama-Shelter-DSCF7275-1200x800.jpg 1200w, https:\/\/terezinskainiciativa.cz\/wp-content\/uploads\/2025\/11\/U-pametni-desky-na-zdi-hotelu-Mama-Shelter-DSCF7275.jpg 1224w\" sizes=\"(max-width: 1024px) 100vw, 1024px\" \/><\/figure>\n\n\n\n<figure class=\"wp-block-image size-large\"><img loading=\"lazy\" decoding=\"async\" width=\"1024\" height=\"683\" data-id=\"993\" src=\"https:\/\/terezinskainiciativa.cz\/wp-content\/uploads\/2025\/11\/U-pametni-desky-na-zdi-hotelu-Mama-Shelter-DSCF7279-1024x683.jpg\" alt=\"\" class=\"wp-image-993\" srcset=\"https:\/\/terezinskainiciativa.cz\/wp-content\/uploads\/2025\/11\/U-pametni-desky-na-zdi-hotelu-Mama-Shelter-DSCF7279-1024x683.jpg 1024w, https:\/\/terezinskainiciativa.cz\/wp-content\/uploads\/2025\/11\/U-pametni-desky-na-zdi-hotelu-Mama-Shelter-DSCF7279-300x200.jpg 300w, https:\/\/terezinskainiciativa.cz\/wp-content\/uploads\/2025\/11\/U-pametni-desky-na-zdi-hotelu-Mama-Shelter-DSCF7279-768x512.jpg 768w, https:\/\/terezinskainiciativa.cz\/wp-content\/uploads\/2025\/11\/U-pametni-desky-na-zdi-hotelu-Mama-Shelter-DSCF7279-18x12.jpg 18w, https:\/\/terezinskainiciativa.cz\/wp-content\/uploads\/2025\/11\/U-pametni-desky-na-zdi-hotelu-Mama-Shelter-DSCF7279-1200x800.jpg 1200w, https:\/\/terezinskainiciativa.cz\/wp-content\/uploads\/2025\/11\/U-pametni-desky-na-zdi-hotelu-Mama-Shelter-DSCF7279.jpg 1224w\" sizes=\"(max-width: 1024px) 100vw, 1024px\" \/><\/figure>\n\n\n\n<figure class=\"wp-block-image size-large\"><img loading=\"lazy\" decoding=\"async\" width=\"1024\" height=\"731\" data-id=\"992\" src=\"https:\/\/terezinskainiciativa.cz\/wp-content\/uploads\/2025\/11\/U-pametni-desky-na-zdi-hotelu-Mama-Shelter-DSCF7284-1024x731.jpg\" alt=\"\" class=\"wp-image-992\" srcset=\"https:\/\/terezinskainiciativa.cz\/wp-content\/uploads\/2025\/11\/U-pametni-desky-na-zdi-hotelu-Mama-Shelter-DSCF7284-1024x731.jpg 1024w, https:\/\/terezinskainiciativa.cz\/wp-content\/uploads\/2025\/11\/U-pametni-desky-na-zdi-hotelu-Mama-Shelter-DSCF7284-300x214.jpg 300w, https:\/\/terezinskainiciativa.cz\/wp-content\/uploads\/2025\/11\/U-pametni-desky-na-zdi-hotelu-Mama-Shelter-DSCF7284-768x548.jpg 768w, https:\/\/terezinskainiciativa.cz\/wp-content\/uploads\/2025\/11\/U-pametni-desky-na-zdi-hotelu-Mama-Shelter-DSCF7284-18x12.jpg 18w, https:\/\/terezinskainiciativa.cz\/wp-content\/uploads\/2025\/11\/U-pametni-desky-na-zdi-hotelu-Mama-Shelter-DSCF7284.jpg 1143w\" sizes=\"(max-width: 1024px) 100vw, 1024px\" \/><\/figure>\n\n\n\n<figure class=\"wp-block-image size-large\"><img loading=\"lazy\" decoding=\"async\" width=\"1024\" height=\"577\" data-id=\"997\" src=\"https:\/\/terezinskainiciativa.cz\/wp-content\/uploads\/2025\/11\/U-pametni-desky-na-zdi-hotelu-Mama-Shelter-DSCF7286-1024x577.jpg\" alt=\"\" class=\"wp-image-997\" srcset=\"https:\/\/terezinskainiciativa.cz\/wp-content\/uploads\/2025\/11\/U-pametni-desky-na-zdi-hotelu-Mama-Shelter-DSCF7286-1024x577.jpg 1024w, https:\/\/terezinskainiciativa.cz\/wp-content\/uploads\/2025\/11\/U-pametni-desky-na-zdi-hotelu-Mama-Shelter-DSCF7286-300x169.jpg 300w, https:\/\/terezinskainiciativa.cz\/wp-content\/uploads\/2025\/11\/U-pametni-desky-na-zdi-hotelu-Mama-Shelter-DSCF7286-768x433.jpg 768w, https:\/\/terezinskainiciativa.cz\/wp-content\/uploads\/2025\/11\/U-pametni-desky-na-zdi-hotelu-Mama-Shelter-DSCF7286-18x10.jpg 18w, https:\/\/terezinskainiciativa.cz\/wp-content\/uploads\/2025\/11\/U-pametni-desky-na-zdi-hotelu-Mama-Shelter-DSCF7286-1200x676.jpg 1200w, https:\/\/terezinskainiciativa.cz\/wp-content\/uploads\/2025\/11\/U-pametni-desky-na-zdi-hotelu-Mama-Shelter-DSCF7286.jpg 1224w\" sizes=\"(max-width: 1024px) 100vw, 1024px\" \/><\/figure>\n<\/figure>\n\n\n\n<ol start=\"16\" class=\"wp-block-list\"><\/ol>","protected":false},"excerpt":{"rendered":"<p>P\u0159ed \u010dty\u0159iaosmdes\u00e1ti lety ode\u0161el z Prahy prvn\u00ed \u017eidovsk\u00fd transport do Lod\u017ee. Brzy n\u00e1sledovaly dal\u0161\u00ed, p\u0159ev\u00e1\u017en\u011b do Terez\u00edna. Terez\u00ednsk\u00e1 iniciativa je jedin\u00e1, kter\u00e1 tuto ud\u00e1lost p\u0159ipom\u00edn\u00e1. Pochopiteln\u011b, st\u00e1le jde o spolek, [&hellip;]<\/p>","protected":false},"author":1,"featured_media":0,"comment_status":"closed","ping_status":"closed","sticky":false,"template":"","format":"standard","meta":{"footnotes":""},"categories":[11],"tags":[],"class_list":["post-991","post","type-post","status-publish","format-standard","hentry","category-akce"],"yoast_head":"<!-- This site is optimized with the Yoast SEO plugin v21.9.1 - https:\/\/yoast.com\/wordpress\/plugins\/seo\/ -->\n<title>16. \u0159\u00edjna si ka\u017edoro\u010dn\u011b p\u0159ipom\u00edn\u00e1me tragick\u00e9 v\u00fdro\u010d\u00ed zah\u00e1jen\u00ed \u017eidovsk\u00fdch transport\u016f do Lod\u017ee a Terez\u00edna.<\/title>\n<meta name=\"description\" content=\"P\u0159ed \u010dty\u0159iaosmdes\u00e1ti lety ode\u0161el z Prahy prvn\u00ed \u017eidovsk\u00fd transport do Lod\u017ee. Brzy n\u00e1sledovaly dal\u0161\u00ed, p\u0159ev\u00e1\u017en\u011b do Terez\u00edna. Terez\u00ednsk\u00e1 iniciativa je jedin\u00e1,\" \/>\n<meta name=\"robots\" content=\"index, follow, max-snippet:-1, max-image-preview:large, max-video-preview:-1\" \/>\n<link rel=\"canonical\" href=\"https:\/\/terezinskainiciativa.cz\/en\/akce\/16-rijna-si-kazdorocne-pripominame-tragicke-vyroci-zahajeni-zidovskych-transportu-do-lodze-a-terezina\/\" \/>\n<meta property=\"og:locale\" content=\"en_US\" \/>\n<meta property=\"og:type\" content=\"article\" \/>\n<meta property=\"og:title\" content=\"16. \u0159\u00edjna si ka\u017edoro\u010dn\u011b p\u0159ipom\u00edn\u00e1me tragick\u00e9 v\u00fdro\u010d\u00ed zah\u00e1jen\u00ed \u017eidovsk\u00fdch transport\u016f do Lod\u017ee a Terez\u00edna.\" \/>\n<meta property=\"og:description\" content=\"P\u0159ed \u010dty\u0159iaosmdes\u00e1ti lety ode\u0161el z Prahy prvn\u00ed \u017eidovsk\u00fd transport do Lod\u017ee. Brzy n\u00e1sledovaly dal\u0161\u00ed, p\u0159ev\u00e1\u017en\u011b do Terez\u00edna. Terez\u00ednsk\u00e1 iniciativa je jedin\u00e1,\" \/>\n<meta property=\"og:url\" content=\"https:\/\/terezinskainiciativa.cz\/en\/akce\/16-rijna-si-kazdorocne-pripominame-tragicke-vyroci-zahajeni-zidovskych-transportu-do-lodze-a-terezina\/\" \/>\n<meta property=\"og:site_name\" content=\"Terez\u00ednsk\u00e1 iniciativa\" \/>\n<meta property=\"article:published_time\" content=\"2025-11-06T22:51:16+00:00\" \/>\n<meta property=\"article:modified_time\" content=\"2025-11-06T22:51:20+00:00\" \/>\n<meta property=\"og:image\" content=\"https:\/\/terezinskainiciativa.cz\/wp-content\/uploads\/2025\/11\/Novy-zidovsky-hrbitov-DSCF7256-1024x683.jpg\" \/>\n<meta name=\"author\" content=\"TI\" \/>\n<meta name=\"twitter:card\" content=\"summary_large_image\" \/>\n<meta name=\"twitter:label1\" content=\"Written by\" \/>\n\t<meta name=\"twitter:data1\" content=\"TI\" \/>\n\t<meta name=\"twitter:label2\" content=\"Est. reading time\" \/>\n\t<meta name=\"twitter:data2\" content=\"3 minutes\" \/>\n<script type=\"application\/ld+json\" class=\"yoast-schema-graph\">{\"@context\":\"https:\/\/schema.org\",\"@graph\":[{\"@type\":\"Article\",\"@id\":\"https:\/\/terezinskainiciativa.cz\/akce\/16-rijna-si-kazdorocne-pripominame-tragicke-vyroci-zahajeni-zidovskych-transportu-do-lodze-a-terezina\/#article\",\"isPartOf\":{\"@id\":\"https:\/\/terezinskainiciativa.cz\/akce\/16-rijna-si-kazdorocne-pripominame-tragicke-vyroci-zahajeni-zidovskych-transportu-do-lodze-a-terezina\/\"},\"author\":{\"name\":\"TI\",\"@id\":\"https:\/\/terezinskainiciativa.cz\/#\/schema\/person\/19226cfe72c90058c84eed8ae52b2dcf\"},\"headline\":\"16. \u0159\u00edjna si ka\u017edoro\u010dn\u011b p\u0159ipom\u00edn\u00e1me tragick\u00e9 v\u00fdro\u010d\u00ed zah\u00e1jen\u00ed \u017eidovsk\u00fdch transport\u016f do Lod\u017ee a Terez\u00edna.\",\"datePublished\":\"2025-11-06T22:51:16+00:00\",\"dateModified\":\"2025-11-06T22:51:20+00:00\",\"mainEntityOfPage\":{\"@id\":\"https:\/\/terezinskainiciativa.cz\/akce\/16-rijna-si-kazdorocne-pripominame-tragicke-vyroci-zahajeni-zidovskych-transportu-do-lodze-a-terezina\/\"},\"wordCount\":394,\"publisher\":{\"@id\":\"https:\/\/terezinskainiciativa.cz\/#organization\"},\"articleSection\":[\"Akce\"],\"inLanguage\":\"en-US\"},{\"@type\":\"WebPage\",\"@id\":\"https:\/\/terezinskainiciativa.cz\/akce\/16-rijna-si-kazdorocne-pripominame-tragicke-vyroci-zahajeni-zidovskych-transportu-do-lodze-a-terezina\/\",\"url\":\"https:\/\/terezinskainiciativa.cz\/akce\/16-rijna-si-kazdorocne-pripominame-tragicke-vyroci-zahajeni-zidovskych-transportu-do-lodze-a-terezina\/\",\"name\":\"16. \u0159\u00edjna si ka\u017edoro\u010dn\u011b p\u0159ipom\u00edn\u00e1me tragick\u00e9 v\u00fdro\u010d\u00ed zah\u00e1jen\u00ed \u017eidovsk\u00fdch transport\u016f do Lod\u017ee a Terez\u00edna.\",\"isPartOf\":{\"@id\":\"https:\/\/terezinskainiciativa.cz\/#website\"},\"datePublished\":\"2025-11-06T22:51:16+00:00\",\"dateModified\":\"2025-11-06T22:51:20+00:00\",\"description\":\"P\u0159ed \u010dty\u0159iaosmdes\u00e1ti lety ode\u0161el z Prahy prvn\u00ed \u017eidovsk\u00fd transport do Lod\u017ee. Brzy n\u00e1sledovaly dal\u0161\u00ed, p\u0159ev\u00e1\u017en\u011b do Terez\u00edna. Terez\u00ednsk\u00e1 iniciativa je jedin\u00e1,\",\"breadcrumb\":{\"@id\":\"https:\/\/terezinskainiciativa.cz\/akce\/16-rijna-si-kazdorocne-pripominame-tragicke-vyroci-zahajeni-zidovskych-transportu-do-lodze-a-terezina\/#breadcrumb\"},\"inLanguage\":\"en-US\",\"potentialAction\":[{\"@type\":\"ReadAction\",\"target\":[\"https:\/\/terezinskainiciativa.cz\/akce\/16-rijna-si-kazdorocne-pripominame-tragicke-vyroci-zahajeni-zidovskych-transportu-do-lodze-a-terezina\/\"]}]},{\"@type\":\"BreadcrumbList\",\"@id\":\"https:\/\/terezinskainiciativa.cz\/akce\/16-rijna-si-kazdorocne-pripominame-tragicke-vyroci-zahajeni-zidovskych-transportu-do-lodze-a-terezina\/#breadcrumb\",\"itemListElement\":[{\"@type\":\"ListItem\",\"position\":1,\"name\":\"Dom\u016f\",\"item\":\"https:\/\/terezinskainiciativa.cz\/\"},{\"@type\":\"ListItem\",\"position\":2,\"name\":\"16. \u0159\u00edjna si ka\u017edoro\u010dn\u011b p\u0159ipom\u00edn\u00e1me tragick\u00e9 v\u00fdro\u010d\u00ed zah\u00e1jen\u00ed \u017eidovsk\u00fdch transport\u016f do Lod\u017ee a Terez\u00edna.\"}]},{\"@type\":\"WebSite\",\"@id\":\"https:\/\/terezinskainiciativa.cz\/#website\",\"url\":\"https:\/\/terezinskainiciativa.cz\/\",\"name\":\"Terez\u00ednsk\u00e1 iniciativa\",\"description\":\"TI je sdru\u017een\u00ed b\u00fdval\u00fdch v\u011bz\u0148\u016f terez\u00ednsk\u00e9ho ghetta a jejich p\u0159\u00edm\u00fdch potomk\u016f\",\"publisher\":{\"@id\":\"https:\/\/terezinskainiciativa.cz\/#organization\"},\"potentialAction\":[{\"@type\":\"SearchAction\",\"target\":{\"@type\":\"EntryPoint\",\"urlTemplate\":\"https:\/\/terezinskainiciativa.cz\/?s={search_term_string}\"},\"query-input\":\"required name=search_term_string\"}],\"inLanguage\":\"en-US\"},{\"@type\":\"Organization\",\"@id\":\"https:\/\/terezinskainiciativa.cz\/#organization\",\"name\":\"Terez\u00ednsk\u00e1 iniciativa\",\"url\":\"https:\/\/terezinskainiciativa.cz\/\",\"logo\":{\"@type\":\"ImageObject\",\"inLanguage\":\"en-US\",\"@id\":\"https:\/\/terezinskainiciativa.cz\/#\/schema\/logo\/image\/\",\"url\":\"https:\/\/terezinskainiciativa.cz\/wp-content\/uploads\/2022\/12\/cropped-ti-v2.png\",\"contentUrl\":\"https:\/\/terezinskainiciativa.cz\/wp-content\/uploads\/2022\/12\/cropped-ti-v2.png\",\"width\":242,\"height\":71,\"caption\":\"Terez\u00ednsk\u00e1 iniciativa\"},\"image\":{\"@id\":\"https:\/\/terezinskainiciativa.cz\/#\/schema\/logo\/image\/\"}},{\"@type\":\"Person\",\"@id\":\"https:\/\/terezinskainiciativa.cz\/#\/schema\/person\/19226cfe72c90058c84eed8ae52b2dcf\",\"name\":\"TI\",\"image\":{\"@type\":\"ImageObject\",\"inLanguage\":\"en-US\",\"@id\":\"https:\/\/terezinskainiciativa.cz\/#\/schema\/person\/image\/\",\"url\":\"https:\/\/secure.gravatar.com\/avatar\/c2d28ae173a6028f6ad18228439211d3?s=96&d=mm&r=g\",\"contentUrl\":\"https:\/\/secure.gravatar.com\/avatar\/c2d28ae173a6028f6ad18228439211d3?s=96&d=mm&r=g\",\"caption\":\"TI\"},\"sameAs\":[\"http:\/\/terezinskainiciativa.cz\"]}]}<\/script>\n<!-- \/ Yoast SEO plugin. -->","yoast_head_json":{"title":"16. \u0159\u00edjna si ka\u017edoro\u010dn\u011b p\u0159ipom\u00edn\u00e1me tragick\u00e9 v\u00fdro\u010d\u00ed zah\u00e1jen\u00ed \u017eidovsk\u00fdch transport\u016f do Lod\u017ee a Terez\u00edna.","description":"P\u0159ed \u010dty\u0159iaosmdes\u00e1ti lety ode\u0161el z Prahy prvn\u00ed \u017eidovsk\u00fd transport do Lod\u017ee. Brzy n\u00e1sledovaly dal\u0161\u00ed, p\u0159ev\u00e1\u017en\u011b do Terez\u00edna. Terez\u00ednsk\u00e1 iniciativa je jedin\u00e1,","robots":{"index":"index","follow":"follow","max-snippet":"max-snippet:-1","max-image-preview":"max-image-preview:large","max-video-preview":"max-video-preview:-1"},"canonical":"https:\/\/terezinskainiciativa.cz\/en\/akce\/16-rijna-si-kazdorocne-pripominame-tragicke-vyroci-zahajeni-zidovskych-transportu-do-lodze-a-terezina\/","og_locale":"en_US","og_type":"article","og_title":"16. \u0159\u00edjna si ka\u017edoro\u010dn\u011b p\u0159ipom\u00edn\u00e1me tragick\u00e9 v\u00fdro\u010d\u00ed zah\u00e1jen\u00ed \u017eidovsk\u00fdch transport\u016f do Lod\u017ee a Terez\u00edna.","og_description":"P\u0159ed \u010dty\u0159iaosmdes\u00e1ti lety ode\u0161el z Prahy prvn\u00ed \u017eidovsk\u00fd transport do Lod\u017ee. Brzy n\u00e1sledovaly dal\u0161\u00ed, p\u0159ev\u00e1\u017en\u011b do Terez\u00edna. Terez\u00ednsk\u00e1 iniciativa je jedin\u00e1,","og_url":"https:\/\/terezinskainiciativa.cz\/en\/akce\/16-rijna-si-kazdorocne-pripominame-tragicke-vyroci-zahajeni-zidovskych-transportu-do-lodze-a-terezina\/","og_site_name":"Terez\u00ednsk\u00e1 iniciativa","article_published_time":"2025-11-06T22:51:16+00:00","article_modified_time":"2025-11-06T22:51:20+00:00","og_image":[{"url":"https:\/\/terezinskainiciativa.cz\/wp-content\/uploads\/2025\/11\/Novy-zidovsky-hrbitov-DSCF7256-1024x683.jpg"}],"author":"TI","twitter_card":"summary_large_image","twitter_misc":{"Written by":"TI","Est. reading time":"3 minutes"},"schema":{"@context":"https:\/\/schema.org","@graph":[{"@type":"Article","@id":"https:\/\/terezinskainiciativa.cz\/akce\/16-rijna-si-kazdorocne-pripominame-tragicke-vyroci-zahajeni-zidovskych-transportu-do-lodze-a-terezina\/#article","isPartOf":{"@id":"https:\/\/terezinskainiciativa.cz\/akce\/16-rijna-si-kazdorocne-pripominame-tragicke-vyroci-zahajeni-zidovskych-transportu-do-lodze-a-terezina\/"},"author":{"name":"TI","@id":"https:\/\/terezinskainiciativa.cz\/#\/schema\/person\/19226cfe72c90058c84eed8ae52b2dcf"},"headline":"16. \u0159\u00edjna si ka\u017edoro\u010dn\u011b p\u0159ipom\u00edn\u00e1me tragick\u00e9 v\u00fdro\u010d\u00ed zah\u00e1jen\u00ed \u017eidovsk\u00fdch transport\u016f do Lod\u017ee a Terez\u00edna.","datePublished":"2025-11-06T22:51:16+00:00","dateModified":"2025-11-06T22:51:20+00:00","mainEntityOfPage":{"@id":"https:\/\/terezinskainiciativa.cz\/akce\/16-rijna-si-kazdorocne-pripominame-tragicke-vyroci-zahajeni-zidovskych-transportu-do-lodze-a-terezina\/"},"wordCount":394,"publisher":{"@id":"https:\/\/terezinskainiciativa.cz\/#organization"},"articleSection":["Akce"],"inLanguage":"en-US"},{"@type":"WebPage","@id":"https:\/\/terezinskainiciativa.cz\/akce\/16-rijna-si-kazdorocne-pripominame-tragicke-vyroci-zahajeni-zidovskych-transportu-do-lodze-a-terezina\/","url":"https:\/\/terezinskainiciativa.cz\/akce\/16-rijna-si-kazdorocne-pripominame-tragicke-vyroci-zahajeni-zidovskych-transportu-do-lodze-a-terezina\/","name":"16. \u0159\u00edjna si ka\u017edoro\u010dn\u011b p\u0159ipom\u00edn\u00e1me tragick\u00e9 v\u00fdro\u010d\u00ed zah\u00e1jen\u00ed \u017eidovsk\u00fdch transport\u016f do Lod\u017ee a Terez\u00edna.","isPartOf":{"@id":"https:\/\/terezinskainiciativa.cz\/#website"},"datePublished":"2025-11-06T22:51:16+00:00","dateModified":"2025-11-06T22:51:20+00:00","description":"P\u0159ed \u010dty\u0159iaosmdes\u00e1ti lety ode\u0161el z Prahy prvn\u00ed \u017eidovsk\u00fd transport do Lod\u017ee. Brzy n\u00e1sledovaly dal\u0161\u00ed, p\u0159ev\u00e1\u017en\u011b do Terez\u00edna. Terez\u00ednsk\u00e1 iniciativa je jedin\u00e1,","breadcrumb":{"@id":"https:\/\/terezinskainiciativa.cz\/akce\/16-rijna-si-kazdorocne-pripominame-tragicke-vyroci-zahajeni-zidovskych-transportu-do-lodze-a-terezina\/#breadcrumb"},"inLanguage":"en-US","potentialAction":[{"@type":"ReadAction","target":["https:\/\/terezinskainiciativa.cz\/akce\/16-rijna-si-kazdorocne-pripominame-tragicke-vyroci-zahajeni-zidovskych-transportu-do-lodze-a-terezina\/"]}]},{"@type":"BreadcrumbList","@id":"https:\/\/terezinskainiciativa.cz\/akce\/16-rijna-si-kazdorocne-pripominame-tragicke-vyroci-zahajeni-zidovskych-transportu-do-lodze-a-terezina\/#breadcrumb","itemListElement":[{"@type":"ListItem","position":1,"name":"Dom\u016f","item":"https:\/\/terezinskainiciativa.cz\/"},{"@type":"ListItem","position":2,"name":"16. \u0159\u00edjna si ka\u017edoro\u010dn\u011b p\u0159ipom\u00edn\u00e1me tragick\u00e9 v\u00fdro\u010d\u00ed zah\u00e1jen\u00ed \u017eidovsk\u00fdch transport\u016f do Lod\u017ee a Terez\u00edna."}]},{"@type":"WebSite","@id":"https:\/\/terezinskainiciativa.cz\/#website","url":"https:\/\/terezinskainiciativa.cz\/","name":"Terez\u00ednsk\u00e1 iniciativa","description":"TI je sdru\u017een\u00ed b\u00fdval\u00fdch v\u011bz\u0148\u016f terez\u00ednsk\u00e9ho ghetta a jejich p\u0159\u00edm\u00fdch potomk\u016f","publisher":{"@id":"https:\/\/terezinskainiciativa.cz\/#organization"},"potentialAction":[{"@type":"SearchAction","target":{"@type":"EntryPoint","urlTemplate":"https:\/\/terezinskainiciativa.cz\/?s={search_term_string}"},"query-input":"required name=search_term_string"}],"inLanguage":"en-US"},{"@type":"Organization","@id":"https:\/\/terezinskainiciativa.cz\/#organization","name":"Terez\u00ednsk\u00e1 iniciativa","url":"https:\/\/terezinskainiciativa.cz\/","logo":{"@type":"ImageObject","inLanguage":"en-US","@id":"https:\/\/terezinskainiciativa.cz\/#\/schema\/logo\/image\/","url":"https:\/\/terezinskainiciativa.cz\/wp-content\/uploads\/2022\/12\/cropped-ti-v2.png","contentUrl":"https:\/\/terezinskainiciativa.cz\/wp-content\/uploads\/2022\/12\/cropped-ti-v2.png","width":242,"height":71,"caption":"Terez\u00ednsk\u00e1 iniciativa"},"image":{"@id":"https:\/\/terezinskainiciativa.cz\/#\/schema\/logo\/image\/"}},{"@type":"Person","@id":"https:\/\/terezinskainiciativa.cz\/#\/schema\/person\/19226cfe72c90058c84eed8ae52b2dcf","name":"TI","image":{"@type":"ImageObject","inLanguage":"en-US","@id":"https:\/\/terezinskainiciativa.cz\/#\/schema\/person\/image\/","url":"https:\/\/secure.gravatar.com\/avatar\/c2d28ae173a6028f6ad18228439211d3?s=96&d=mm&r=g","contentUrl":"https:\/\/secure.gravatar.com\/avatar\/c2d28ae173a6028f6ad18228439211d3?s=96&d=mm&r=g","caption":"TI"},"sameAs":["http:\/\/terezinskainiciativa.cz"]}]}},"_links":{"self":[{"href":"https:\/\/terezinskainiciativa.cz\/en\/wp-json\/wp\/v2\/posts\/991"}],"collection":[{"href":"https:\/\/terezinskainiciativa.cz\/en\/wp-json\/wp\/v2\/posts"}],"about":[{"href":"https:\/\/terezinskainiciativa.cz\/en\/wp-json\/wp\/v2\/types\/post"}],"author":[{"embeddable":true,"href":"https:\/\/terezinskainiciativa.cz\/en\/wp-json\/wp\/v2\/users\/1"}],"replies":[{"embeddable":true,"href":"https:\/\/terezinskainiciativa.cz\/en\/wp-json\/wp\/v2\/comments?post=991"}],"version-history":[{"count":1,"href":"https:\/\/terezinskainiciativa.cz\/en\/wp-json\/wp\/v2\/posts\/991\/revisions"}],"predecessor-version":[{"id":998,"href":"https:\/\/terezinskainiciativa.cz\/en\/wp-json\/wp\/v2\/posts\/991\/revisions\/998"}],"wp:attachment":[{"href":"https:\/\/terezinskainiciativa.cz\/en\/wp-json\/wp\/v2\/media?parent=991"}],"wp:term":[{"taxonomy":"category","embeddable":true,"href":"https:\/\/terezinskainiciativa.cz\/en\/wp-json\/wp\/v2\/categories?post=991"},{"taxonomy":"post_tag","embeddable":true,"href":"https:\/\/terezinskainiciativa.cz\/en\/wp-json\/wp\/v2\/tags?post=991"}],"curies":[{"name":"wp","href":"https:\/\/api.w.org\/{rel}","templated":true}]}}