{"id":999,"date":"2025-11-07T00:12:18","date_gmt":"2025-11-06T23:12:18","guid":{"rendered":"https:\/\/terezinskainiciativa.cz\/?p=999"},"modified":"2025-11-07T00:12:39","modified_gmt":"2025-11-06T23:12:39","slug":"snem-clenu-terezinske-iniciativy-se-konal-21-10-2025","status":"publish","type":"post","link":"https:\/\/terezinskainiciativa.cz\/en\/akce\/snem-clenu-terezinske-iniciativy-se-konal-21-10-2025\/","title":{"rendered":"Sn\u011bm \u010dlen\u016f Terez\u00ednsk\u00e9 iniciativy se konal 21. 10. 2025"},"content":{"rendered":"<h2 class=\"wp-block-heading alignwide has-text-align-center\">v zasedac\u00ed m\u00edstnosti \u017didovsk\u00e9 radnice v Maiselov\u011b ulici<\/h2>\n\n\n\n<p>Sn\u011bm zah\u00e1jil p\u0159edseda Terez\u00ednsk\u00e9 iniciativy Michal Str\u00e1nsk\u00fd. P\u0159iv\u00edtal p\u0159\u00edtomn\u00e9 a p\u0159ednesl zpr\u00e1vu o \u010dinnosti na\u0161eho spolku od minul\u00e9ho sn\u011bmu v roce 2024 do dne\u0161n\u00edho dne.<\/p>\n\n\n\n<p>Po n\u011bm se ujal slova Rudolf \u010cern\u00edk, kter\u00fd p\u0159e\u010detl zpr\u00e1vu za nep\u0159\u00edtomnou hospod\u00e1\u0159ku Tamaru Pavl\u00ed\u010dkovou. Jako t\u0159et\u00ed zpr\u00e1vu p\u0159e\u010detla Olga Kol\u00e1rov\u00e1 zpr\u00e1vu revizn\u00ed komise. Minutou ticha uctil sn\u011bm v\u0161echny, kte\u0159\u00ed od minul\u00e9ho sn\u011bmu do dne\u0161n\u00edho dne zem\u0159eli.<\/p>\n\n\n\n<p>N\u00e1sledovala diskuse, do n\u00ed\u017e se zapojilo 8 lid\u00ed s rozli\u010dn\u00fdmi p\u0159\u00edsp\u011bvky. Diskuse byla na chvilku p\u0159eru\u0161ena p\u011bveck\u00fdm vystoupen\u00edm d\u011bt\u00ed z Lauderov\u00fdch \u0161kol pod veden\u00edm Heleny Diveck\u00e9 a p\u0159\u00edchodem nov\u00e9ho velvyslance St\u00e1tu Izrael JE Amira Weissbroda, kter\u00fd po p\u0159iv\u00edt\u00e1n\u00ed Michalem Str\u00e1nsk\u00fdm p\u0159ednesl kr\u00e1tk\u00fd pozdravn\u00fd projev. Pan velvyslanec sn\u011bm pozdravil \u010desky (co\u017e bylo zvl\u00e1\u0161\u0165 mil\u00e9) a d\u00e1le anglicky \u0159ekl, \u017ee \u010dinnost TI je d\u016fle\u017eit\u00e1 a \u017ee je r\u00e1d, \u017ee tu s n\u00e1mi m\u016f\u017ee b\u00fdt. Nab\u00eddl, \u017ee kdyby bylo cokoliv t\u0159eba, tak on i vyslanectv\u00ed jsou k dispozici.<\/p>\n\n\n\n<p>Na z\u00e1v\u011br p\u0159ednesla Michaela Vidl\u00e1kov\u00e1 n\u00e1vrh usnesen\u00ed, kter\u00e9 bylo po hlasov\u00e1n\u00ed jednomysln\u011b p\u0159ijato.<br>A pak u\u017e jsme se neform\u00e1ln\u011b bavili.<\/p>\n\n\n\n<h2 class=\"wp-block-heading has-text-align-center\">Zpr\u00e1va o \u010dinnosti Terez\u00ednsk\u00e9 iniciativy za rok 2024\u20132025<\/h2>\n\n\n\n<h3 class=\"wp-block-heading has-text-align-center\"><em>aneb od sn\u011bmu ke sn\u011bmu<\/em><\/h3>\n\n\n\n<blockquote class=\"wp-block-quote has-text-align-center is-layout-flow wp-block-quote-is-layout-flow\">\n<p>Foto ze sn\u011bmu: Dominik Faustus, Pam\u00e1tn\u00edk Terez\u00edn<\/p>\n<\/blockquote>\n\n\n\n<p>V \u017e\u00e1dn\u00e9m p\u0159\u00edpad\u011b jsme nep\u0159estali plnit v\u0161echny \u00fakoly, kter\u00e9 na n\u00e1s kladou stanovy Terez\u00ednsk\u00e9 iniciativy, pot\u0159eby \u010dlen\u016f na\u0161eho spolku, v\u00edc jak p\u011btat\u0159icetilet\u00e1 tradice a doba, v n\u00ed\u017e \u017eijeme.<br>Za na\u0161i hlavn\u00ed \u010dinnost st\u00e1le pova\u017eujeme finan\u010dn\u011b zaji\u0161\u0165ovat, a t\u00edm i umo\u017e\u0148ovat, dopravu \u017e\u00e1k\u016f a student\u016f do Terez\u00edna. P\u0159esto\u017ee dotace, kter\u00e9 dost\u00e1v\u00e1me, jsou st\u00e1le ni\u017e\u0161\u00ed a ni\u017e\u0161\u00ed, zaji\u0161\u0165ujeme a umo\u017e\u0148ujeme cestu do Terez\u00edna, jak je to jen mo\u017en\u00e9.<br>Na\u0161imi hlavn\u00edmi (a z\u00e1rove\u0148 jedin\u00fdmi) don\u00e1tory jsou \u2013 Nada\u010dn\u00ed fond ob\u011btem holocaustu, Ministerstvo \u0161kolstv\u00ed, ml\u00e1de\u017ee a t\u011blov\u00fdchovy, Federace \u017eidovsk\u00fdch obc\u00ed a \u017didovsk\u00e1 obec Praha. T\u011bmto organizac\u00edm pat\u0159\u00ed n\u00e1\u0161 d\u00edk, bez nich bychom nemohli \u017e\u00e1k\u016fm a student\u016fm cestu do Terez\u00edna hradit.<\/p>\n\n\n\n<p>Ka\u017ed\u00fdm rokem \u017e\u00e1k\u016fm a student\u016fm umo\u017e\u0148ujeme cestu, a t\u00edm i n\u00e1v\u0161t\u011bvu, a hlavn\u011b mo\u017enost alespo\u0148 trochu se sezn\u00e1mit s krut\u00fdm osudem \u017did\u016f. V roce 2024 to bylo p\u0159ibli\u017en\u011b 2 000 student\u016f a \u017e\u00e1k\u016f ze 42 \u0161kol v \u010cesk\u00e9 republice.<br>St\u00e1le jsme p\u0159esv\u011bd\u010deni, \u017ee t\u00edm pom\u00e1h\u00e1me v\u011bt\u0161\u00ed toleranci, \u017ee t\u00edm bojujeme proti antisemitismu, n\u00e1bo\u017eensk\u00e9 a lidsk\u00e9 nesn\u00e1\u0161enlivosti, rasismu a xenofobii, kter\u00e9 v\u0161ude ve sv\u011bt\u011b, a \u017eel i v \u010cesk\u00e9 republice, nar\u016fst\u00e1.<\/p>\n\n\n\n<p>Mimo tuto eduka\u010dn\u00ed \u010dinnost Terez\u00ednsk\u00e1 iniciativa slou\u017e\u00ed a p\u0159isp\u00edv\u00e1 ke sdru\u017eov\u00e1n\u00ed n\u011bkdej\u0161\u00edch v\u011bz\u0148\u016f koncentra\u010dn\u00edch t\u00e1bor\u016f a jejich p\u0159\u00edm\u00fdch potomk\u016f.<\/p>\n\n\n\n<p class=\"has-text-align-center\">*********<\/p>\n\n\n\n<p>Lidsk\u00fd \u017eivot je ne\u00faprosn\u00fd a tak\u00e9 kone\u010dn\u00fd. Proto v\u00e1s hned na za\u010d\u00e1tku sn\u011bmu vyz\u00fdv\u00e1m:<br>Povsta\u0148te, pros\u00edm, a minutou ticha uct\u011bme pam\u00e1tku v\u0161ech na\u0161ich \u010dlen\u016f, kte\u0159\u00ed od minul\u00e9ho sn\u011bmu do dne\u0161ka u\u017e mezi n\u00e1mi nejsou.<\/p>\n\n\n\n<p class=\"has-text-align-center\">*********<\/p>\n\n\n\n<h3 class=\"wp-block-heading\">Od z\u00e1\u0159\u00ed 2024 do z\u00e1\u0159\u00ed 2025<\/h3>\n\n\n\n<p>Na\u0161i brn\u011bn\u0161t\u00ed \u010dlenov\u00e9 se <strong>na p\u0159elomu srpna a z\u00e1\u0159\u00ed 2024<\/strong> z\u00fa\u010dastnili t\u0159et\u00edho ro\u010dn\u00edku \u0160tetl Festu, mezin\u00e1rodn\u00edho multi\u017e\u00e1nrov\u00e9ho festivalu \u017eidovsk\u00e9 kultury.<\/p>\n\n\n\n<p><strong>V podve\u010der 7. \u0159\u00edjna minul\u00e9ho roku<\/strong> se na\u0161i \u010dlenov\u00e9 z\u00fa\u010dastnili shrom\u00e1\u017ed\u011bn\u00ed na Starom\u011bstsk\u00e9m n\u00e1m\u011bst\u00ed Nikdy nezapomeneme, spolu a siln\u011bj\u0161\u00ed, aby si p\u0159ipomn\u011bli tragick\u00e9 ud\u00e1losti v roce 2023 v Izraeli, kdy terorist\u00e9 Ham\u00e1su p\u0159epadli St\u00e1t Izrael a do P\u00e1sma Gazy odvlekli rukojm\u00ed.<\/p>\n\n\n\n<p><strong>V polovin\u011b \u0159\u00edjna<\/strong> jsme se se\u0161li na pravideln\u00e9m sn\u011bmu \u010dlen\u016f Terez\u00ednsk\u00e9 iniciativy. Zhodnotili jsme na\u0161i \u010dinnost, vyty\u010dili si \u00fakoly do budoucna a z\u00e1rove\u0148, v souladu se stanovami, zvolili na dal\u0161\u00ed t\u0159i roky p\u0159edsednictvo.<\/p>\n\n\n\n<p><strong>V \u0159\u00edjnu<\/strong> jsme si na \u017didovsk\u00e9m h\u0159bitov\u011b na Vinohradech a pozd\u011bji u pam\u011btn\u00ed desky na zdi hotelu Mama Shelter p\u0159ipomn\u011bli 83. v\u00fdro\u010d\u00ed prvn\u00edho transportu do Lod\u017ee. Na na\u0161i vzpom\u00ednku nav\u00e1zalo Centrum pam\u011bti a dialogu Bubny, kter\u00e9 p\u0159ipravilo mikrofon a reproduktory a umo\u017enilo pron\u00e9st kr\u00e1tk\u00e9 projevy p\u0159edsedovi Terez\u00ednsk\u00e9 iniciativy a starostovi Prahy 7 a videomapingem a symbolick\u00fdm nasv\u00edcen\u00edm fas\u00e1dy hotelu ve Veletr\u017en\u00ed ulici ukon\u010dit tento pam\u011btn\u00ed den.<\/p>\n\n\n\n<p>Nada\u010dn\u00ed fond ob\u011btem holocaustu, Odd\u011blen\u00ed pro vzd\u011bl\u00e1n\u00ed a kulturu \u017didovsk\u00e9ho muzea a Terez\u00ednsk\u00e1 iniciativa uspo\u0159\u00e1daly pro n\u011bkolik generac\u00ed vzd\u011bl\u00e1vac\u00ed z\u00e1jezd do Osv\u011btimi. Z\u00fa\u010dastnili se i \u010dlenov\u00e9 \u010dtvrt\u00e9 generace a z\u00e1jezd byl \u00fa\u010dastn\u00edky velmi p\u0159\u00edzniv\u011b hodnocen.<\/p>\n\n\n\n<p>V \u201ek\u0159esle pro hosta\u201c, kterou po\u0159\u00e1d\u00e1 soci\u00e1ln\u00ed odd\u011blen\u00ed \u017dOP v pensionu Jordan v Janovsk\u00e9ho ulici, usedl v z\u00e1\u0159\u00ed p\u0159edseda TI, kter\u00fd nejen ve stru\u010dnosti sezn\u00e1mil p\u0159\u00edtomn\u00e9 s histori\u00ed na\u0161eho sdru\u017een\u00ed, ale zejm\u00e9na zodpov\u011bd\u011bl \u0159adu dotaz\u016f z publika.<\/p>\n\n\n\n<p><strong>V prosinci 2024<\/strong> pozvalo p\u0159edsednictvo na\u0161eho spolku sv\u00e9 \u010dleny, p\u0159ev\u00e1\u017en\u011b \u010dleny 1. generace, na p\u0159\u00e1telsk\u00e9 posezen\u00ed v kav\u00e1rn\u011b Vitr\u00edna na Vinohradech.<\/p>\n\n\n\n<p><strong>V lednu 2025<\/strong> (v roce 80. v\u00fdro\u010d\u00ed osvobozen\u00ed Osv\u011btimi a konce sv\u011btov\u00e9 v\u00e1lky) jsme si na v\u00fdjime\u010dn\u00e9m vzpom\u00ednkov\u00e9m setk\u00e1n\u00ed na Pra\u017esk\u00e9m hrad\u011b v Den pam\u00e1tky ob\u011bt\u00ed holocaustu a p\u0159edch\u00e1zen\u00ed zlo\u010din\u016fm proti lidskosti op\u011bt p\u0159ipomn\u011bli den, kdy byl osvobozen nacistick\u00fd koncentra\u010dn\u00ed a vyhlazovac\u00ed t\u00e1bor Osv\u011btim. Letos se vzpom\u00ednkov\u00fd den konal pod z\u00e1\u0161titou prezidenta republiky, kter\u00fd byl p\u0159\u00edtomen a kter\u00fd tak\u00e9 pronesl kr\u00e1tk\u00fd projev.<\/p>\n\n\n\n<p>Za \u00fa\u010dasti \u010dlen\u016f p\u0159edsednictva TI byl slavnostn\u011b ukon\u010den na Velvyslanectv\u00ed SRN \u010dty\u0159let\u00fd projekt Musica non grata.<\/p>\n\n\n\n<p><strong>V b\u0159eznu<\/strong> prob\u011bhla v Pinkasov\u011b synagoze ka\u017edoro\u010dn\u00ed tryzna za terez\u00ednsk\u00fd rodinn\u00fd t\u00e1bor za p\u0159\u00edtomnosti n\u011bkolika \u010dlen\u016f diplomatick\u00e9ho sboru v \u010cR, za p\u0159\u00edtomnosti p\u0159edstavitel\u016f \u017eidovsk\u00fdch organizac\u00ed v \u010cesk\u00e9 republice, a p\u0159edev\u0161\u00edm za p\u0159\u00edtomnosti na\u0161ich \u010dlen\u016f.<\/p>\n\n\n\n<p><strong>V kv\u011btnu<\/strong> (tradi\u010dn\u011b t\u0159et\u00ed ned\u011bli v m\u011bs\u00edci) se na N\u00e1rodn\u00edm h\u0159bitov\u011b v Terez\u00edn\u011b konala pravideln\u00e1 Terez\u00ednsk\u00e1 tryzna. Jedn\u00edm z po\u0159adatel\u016f je Terez\u00ednsk\u00e1 iniciativa, kter\u00e1 tak\u00e9 organizuje autobusov\u00fd z\u00e1jezd do Terez\u00edna, kter\u00e9ho vyu\u017e\u00edvaj\u00ed nejen \u010dlenov\u00e9 TI. Akce se samoz\u0159ejm\u011b konala za \u00fa\u010dasti \u010dlen\u016f Terez\u00ednsk\u00e9 iniciativy.<\/p>\n\n\n\n<p>Samoz\u0159ejm\u00e1 je \u00fa\u010dast na\u0161ich \u010dlen\u016f na Jom ha-\u0160oa, a\u0165 u\u017e ve Vysok\u00e9 synagoze v Maiselov\u011b ulici, v Terez\u00edn\u011b nebo na 38 m\u00edstech v \u010cesk\u00e9 republice.<\/p>\n\n\n\n<p>Spolek Schwarzheide \u2013 n\u00e1sleduj\u00edc\u00ed generace, jeho\u017e \u010dlenov\u00e9 jsou sou\u010dasn\u011b tak\u00e9 \u010dlenov\u00e9 TI, uspo\u0159\u00e1dal pietu za v\u011bzn\u011b Schwarzheide a za ty, kte\u0159\u00ed nep\u0159e\u017eili pochod smrti, ve \u0161kole v \u010cesk\u00e9 L\u00edp\u011b. Za \u00fa\u010dasti diplomat\u016f ze St\u00e1tu Izrael, SRN, Francie a Polska.<\/p>\n\n\n\n<p><strong>Za\u010d\u00e1tkem \u010dervna<\/strong> se pravideln\u011b ka\u017ed\u00fd rok vyhla\u0161uj\u00ed v\u00edt\u011bzov\u00e9 v\u00fdtvarn\u00fdch prac\u00ed sout\u011b\u017ee Pam\u00e1tn\u00edku Terez\u00edn. Ka\u017ed\u00fd rok se t\u00e9to slavnostn\u00ed akce z\u00fa\u010dast\u0148uj\u00ed \u010dlenov\u00e9 p\u0159edsednictva Terez\u00ednsk\u00e9 iniciativy. TI dotuje jednu z vyhla\u0161ovan\u00fdch cen.<\/p>\n\n\n\n<p>V Terez\u00edn\u011b \u201ejsme op\u011bt porazili Brundib\u00e1ra\u201c. \u010cervnov\u00e9 p\u0159edstaven\u00ed d\u011btsk\u00e9 opery bylo sou\u010d\u00e1st\u00ed p\u0159ipom\u00ednkov\u00fdch akc\u00ed v roce 80. v\u00fdro\u010d\u00ed osvobozen\u00ed. Mezi div\u00e1ky byli pochopiteln\u011b i \u010dlenov\u00e9 Terez\u00ednsk\u00e9 iniciativy.<\/p>\n\n\n\n<p><strong>V \u010dervnu<\/strong> uspo\u0159\u00e1dalo p\u0159edsednictvo neofici\u00e1ln\u00ed setk\u00e1n\u00ed sv\u00fdch \u010dlen\u016f, zejm\u00e9na p\u0159e\u017eiv\u0161\u00edch, v kav\u00e1rn\u011b D\u011brav\u00fd kotl\u00edk na Pet\u0159in\u00e1ch. Setk\u00e1n\u00ed jsme uspo\u0159\u00e1dali jako sou\u010d\u00e1st mal\u00e9 \u201ep\u0159edoslavy\u201c dev\u011btadevades\u00e1t\u00fdch narozenin Jany Dubov\u00e9, na\u0161\u00ed velmi obl\u00edben\u00e9 \u010dlenky.<\/p>\n\n\n\n<p>Terez\u00ednsk\u00e1 iniciativa se p\u0159idala k reakc\u00edm Federace \u017eidovsk\u00fdch obc\u00ed na projevy antisemitismu a antiizraelismu n\u011bkter\u00fdch p\u0159edstavitel\u016f ve\u0159ejn\u00e9ho \u017eivota a k po\u0159adatel\u016fm festivalu Rock for People.<\/p>\n\n\n\n<p><strong>V \u010dervenci<\/strong> se p\u0159edstavitel\u00e9 TI z\u00fa\u010dastnili slavnostn\u00edho zah\u00e1jen\u00ed revitalizace n\u00e1dra\u017e\u00ed v Bubnech na m\u00edsto p\u0159ipom\u00ednky tragick\u00fdch transport\u016f do koncentra\u010dn\u00edch t\u00e1bor\u016f.<\/p>\n\n\n\n<p><strong>V srpnu<\/strong> se n\u011bkolik \u010dlen\u016f Terez\u00ednsk\u00e9 iniciativy z druh\u00e9 generace z\u00fa\u010dastnilo dvoudenn\u00edho setk\u00e1n\u00ed pracovn\u00ed skupiny, kter\u00e1 se zapojuje do vzd\u011bl\u00e1v\u00e1n\u00ed \u017e\u00e1k\u016f a student\u016f (nejen) o holocaustu, ale tak\u00e9 i o \u017eidovsk\u00e9 identit\u011b. Tato iniciativa je velmi \u017e\u00e1douc\u00ed, proto\u017ee jen m\u00e1lo p\u0159e\u017eiv\u0161\u00edch je je\u0161t\u011b dnes v takov\u00e9 zdravotn\u00ed kondici, \u017ee mohou o sv\u00e9m v\u011bzn\u011bn\u00ed vypr\u00e1v\u011bt a besedovat. Proto se druh\u00e1 generace zapojuje do t\u00e9to \u010dinnosti, ale mohou vypr\u00e1v\u011bt pouze o sv\u00fdch rodi\u010d\u00edch a p\u0159\u00edbuzn\u00fdch. Av\u0161ak mohou vypr\u00e1v\u011bt o sv\u00fdch setk\u00e1n\u00edch s antisemitismem, rasismem, xenofobi\u00ed a n\u00e1bo\u017eenskou nesn\u00e1\u0161enlivost\u00ed, a tak slou\u017eit jako jist\u00e9 memento do sou\u010dasnosti a budoucnosti. A \u017ee je to, zvl\u00e1\u0161t\u011b dnes, velmi d\u016fle\u017eit\u00e9 a pot\u0159ebn\u00e9, o tom snad nikdo z n\u00e1s nepochybuje.<\/p>\n\n\n\n<p><strong>V srpnu<\/strong> se tak\u00e9 na\u0161i morav\u0161t\u00ed \u010dlenov\u00e9 z\u00fa\u010dastnili (snad lze \u0159\u00edci, \u017ee ji\u017e tradi\u010dn\u00edho) \u010dtvrt\u00e9ho \u0160tetl Festu v Brn\u011b.<\/p>\n\n\n\n<p><strong>Za\u010d\u00e1tkem \u0159\u00edjna<\/strong> jsme si na shrom\u00e1\u017ed\u011bn\u00ed v M\u011bstsk\u00e9 knihovn\u011b p\u0159ipomn\u011bli tragick\u00e9 a trpk\u00e9 ud\u00e1losti v Izraeli p\u0159ed dv\u011bma roky.<\/p>\n\n\n\n<p class=\"has-text-align-center\">*********<\/p>\n\n\n\n<h3 class=\"wp-block-heading\">The Terez\u00edn Initiative<\/h3>\n\n\n\n<p>K dne\u0161n\u00edmu dni m\u00e1me 209 \u010dlen\u016f, z toho 181 \u010dlen\u016f v \u010cesk\u00e9 republice. V zahrani\u010d\u00ed \u017eije 28 \u010dlen\u016f, z toho jich je v Evrop\u011b 12 a 16 v z\u00e1mo\u0159\u00ed.<\/p>\n\n\n\n<p>Co se t\u00fdk\u00e1 v\u011bkov\u00e9ho slo\u017een\u00ed \u2013 m\u00e1me 82 \u010dlen\u016f prvn\u00ed generace (39,24 %) a 127 \u010dlen\u016f druh\u00e9 a dal\u0161\u00edch generac\u00ed (60,76 %).<\/p>\n\n\n\n<p>Sch\u016fzky p\u0159edsednictva se konaj\u00ed minim\u00e1ln\u011b jednou m\u011bs\u00ed\u010dn\u011b, s v\u00fdjimkou \u010dervence a srpna. Na sch\u016fz\u00edch p\u0159ipravujeme dal\u0161\u00ed \u010dinnost pro dal\u0161\u00ed obdob\u00ed.<\/p>\n\n\n\n<p class=\"has-text-align-center\">*********<\/p>\n\n\n\n<h3 class=\"wp-block-heading\">\u010casopis Terez\u00ednsk\u00e1 iniciativa<\/h3>\n\n\n\n<p>Zat\u00edm m\u00e1me dost sil, abychom mohli vyd\u00e1vat \u010dasopis ve velmi dobr\u00e9 polygrafick\u00e9 \u00farovni, \u010dasopis, kter\u00fd na jedn\u00e9 stran\u011b integruje na\u0161e \u010dleny, na druh\u00e9 seznamuje \u010dten\u00e1\u0159e s \u017eidovsk\u00fdm \u017eivotem v \u010cesk\u00e9 republice.<\/p>\n\n\n\n<p class=\"has-text-align-center\">*********<\/p>\n\n\n\n<h3 class=\"wp-block-heading\">Institut pam\u011bti holocaustu<\/h3>\n\n\n\n<p>Jde o staronovou organizaci. N\u011bkdej\u0161\u00ed Institut Terez\u00ednsk\u00e9 iniciativy zm\u011bnil pouze n\u00e1zev, jinak v\u0161e z\u016fst\u00e1v\u00e1 jako dosud, v\u010detn\u011b person\u00e1ln\u00edho obsazen\u00ed.<\/p>\n\n\n\n<blockquote class=\"wp-block-quote has-text-align-right is-layout-flow wp-block-quote-is-layout-flow\">\n<p>Michal Str\u00e1nsk\u00fd, p\u0159edseda TI<\/p>\n<\/blockquote>\n\n\n\n<h2 class=\"wp-block-heading\">Diskuse<\/h2>\n\n\n\n<p><strong>Jan Kovanic<\/strong> n\u00e1s informoval o sv\u00e9 spolupr\u00e1ci se \u017e\u00e1ky z Liberce v r\u00e1mci projektu organizace Post Bellum \u2013 Hled\u00e1n\u00ed \u017eidovsk\u00fdch soused\u016f. Jan Kovanic sd\u00edlel se \u017e\u00e1ky vzpom\u00ednky na sv\u00e9ho otce. Zm\u00ednil, \u017ee organiz\u00e1to\u0159i akc\u00ed a p\u0159edn\u00e1\u0161ek se necht\u011bj\u00ed dot\u00fdkat ot\u00e1zek sou\u010dasn\u00e9 politiky.<\/p>\n\n\n\n<p><strong>Eva Bene\u0161ov\u00e1<\/strong> se velmi pochvaln\u011b vyj\u00e1d\u0159ila k \u010dasopisu Terez\u00ednsk\u00e1 iniciativa a vyzdvihla jeho p\u0159\u00ednos nejen pro \u010dleny TI, ale i pro ostatn\u00ed z na\u0161\u00ed komunity. D\u00e1le pak hovo\u0159ila o akci s\u00e1zen\u00ed \u017elut\u00fdch krokus\u016f ve ve\u0159ejn\u00e9m prostoru za milion zavra\u017ed\u011bn\u00fdch d\u011bt\u00ed. Nyn\u00ed ji\u017e nem\u016f\u017ee doch\u00e1zet do \u0161kol, \u00fa\u010dastn\u00ed se tedy online p\u0159edn\u00e1\u0161ek a diskus\u00ed.<\/p>\n\n\n\n<p><strong>Vivien Soykov\u00e1<\/strong> se ve sv\u00e9m p\u0159\u00edsp\u011bvku p\u0159imluvila za omezen\u00ed pou\u017e\u00edv\u00e1n\u00ed v\u00fdrazu anti a nab\u00e1dala nenad\u00e1vat lidem. Je dle n\u00ed d\u016fle\u017eit\u00e9 v\u011bnovat se kultu\u0159e a v\u00e9st k tomu i d\u011bti.<\/p>\n\n\n\n<p><strong>Daniela P\u0159ikrylov\u00e1<\/strong> informovala o setk\u00e1n\u00ed se \u010dleny 3. generace.<\/p>\n\n\n\n<p><strong>Jan Roub\u00ednek<\/strong> ve sv\u00e9m vystoupen\u00ed zd\u016fraznil, \u017ee v sou\u010dasn\u00e9 dob\u011b je moc d\u016fle\u017eit\u00e9 mluvit o tom, co se stalo a p\u0159ed\u00e1vat sv\u011bdectv\u00ed \u010dleny prvn\u00ed i dal\u0161\u00edch generac\u00ed p\u0159e\u017eiv\u0161\u00edch.<\/p>\n\n\n\n<p><strong>Michaela Vidl\u00e1kov\u00e1<\/strong> vyj\u00e1d\u0159ila sv\u016fj nesouhlas s pl\u00e1novanou p\u0159estavbou b\u00fdval\u00e9ho chlapeck\u00e9ho domova v Terez\u00edn\u011b i n\u00e1dra\u017e\u00ed Bubny. Jde podle n\u00ed o deformov\u00e1n\u00ed t\u011bchto staveb.<\/p>\n\n\n\n<p><strong>Jan Roub\u00ednek<\/strong> v reakci \u0159ekl, \u017ee n\u00e1zor jednotlivce je d\u016fle\u017eit\u00fd, ale nelze vyhov\u011bt v\u0161em a je vhodn\u00e9 se op\u00edrat o stanoviska historik\u016f. Ti s p\u0159estavbou souhlas\u00ed.<\/p>\n\n\n\n<p><strong>N\u00e1sledovalo moc mil\u00e9 vystoupen\u00ed d\u011btsk\u00e9ho p\u011bveck\u00e9ho sboru.<\/strong><\/p>\n\n\n\n<p><strong>Michal Str\u00e1nsk\u00fd<\/strong> p\u0159iv\u00edtal nov\u00e9ho velvyslance St\u00e1tu Izrael JE pana Amira Weissbroda, kter\u00fd pr\u00e1v\u011b n\u00e1\u0161 sn\u011bm nav\u0161t\u00edvil.<\/p>\n\n\n\n<p><strong>Linda Bolard<\/strong> vyj\u00e1d\u0159ila sv\u016fj nesouhlas se zp\u016fsobem p\u0159ipom\u00edn\u00e1n\u00ed historie v \u010desk\u00e9 spole\u010dnosti.<\/p>\n\n\n\n<p><strong>Marta Mal\u00e1<\/strong> v\u0161echny z\u00fa\u010dastn\u011bn\u00e9 pozdravila a pod\u011bkovala za spolupr\u00e1ci.<\/p>\n\n\n\n<blockquote class=\"wp-block-quote has-text-align-right is-layout-flow wp-block-quote-is-layout-flow\">\n<p>Zora Sko\u0159epov\u00e1<\/p>\n<\/blockquote>\n\n\n\n<figure class=\"wp-block-gallery has-nested-images columns-default is-cropped wp-block-gallery-1 is-layout-flex wp-block-gallery-is-layout-flex\">\n<figure class=\"wp-block-image size-large\"><img loading=\"lazy\" decoding=\"async\" width=\"956\" height=\"637\" data-id=\"1000\" src=\"https:\/\/terezinskainiciativa.cz\/wp-content\/uploads\/2025\/11\/6J9A9343.jpg\" alt=\"\" class=\"wp-image-1000\" srcset=\"https:\/\/terezinskainiciativa.cz\/wp-content\/uploads\/2025\/11\/6J9A9343.jpg 956w, https:\/\/terezinskainiciativa.cz\/wp-content\/uploads\/2025\/11\/6J9A9343-300x200.jpg 300w, https:\/\/terezinskainiciativa.cz\/wp-content\/uploads\/2025\/11\/6J9A9343-768x512.jpg 768w, https:\/\/terezinskainiciativa.cz\/wp-content\/uploads\/2025\/11\/6J9A9343-18x12.jpg 18w\" sizes=\"(max-width: 956px) 100vw, 956px\" \/><\/figure>\n\n\n\n<figure class=\"wp-block-image size-large\"><img loading=\"lazy\" decoding=\"async\" width=\"1024\" height=\"683\" data-id=\"1005\" src=\"https:\/\/terezinskainiciativa.cz\/wp-content\/uploads\/2025\/11\/6J9A9400-1024x683.jpg\" alt=\"\" class=\"wp-image-1005\" srcset=\"https:\/\/terezinskainiciativa.cz\/wp-content\/uploads\/2025\/11\/6J9A9400-1024x683.jpg 1024w, https:\/\/terezinskainiciativa.cz\/wp-content\/uploads\/2025\/11\/6J9A9400-300x200.jpg 300w, https:\/\/terezinskainiciativa.cz\/wp-content\/uploads\/2025\/11\/6J9A9400-768x512.jpg 768w, https:\/\/terezinskainiciativa.cz\/wp-content\/uploads\/2025\/11\/6J9A9400-18x12.jpg 18w, https:\/\/terezinskainiciativa.cz\/wp-content\/uploads\/2025\/11\/6J9A9400-1200x800.jpg 1200w, https:\/\/terezinskainiciativa.cz\/wp-content\/uploads\/2025\/11\/6J9A9400.jpg 1402w\" sizes=\"(max-width: 1024px) 100vw, 1024px\" \/><\/figure>\n\n\n\n<figure class=\"wp-block-image size-large\"><img loading=\"lazy\" decoding=\"async\" width=\"1024\" height=\"683\" data-id=\"1002\" src=\"https:\/\/terezinskainiciativa.cz\/wp-content\/uploads\/2025\/11\/6J9A9456-1024x683.jpg\" alt=\"\" class=\"wp-image-1002\" srcset=\"https:\/\/terezinskainiciativa.cz\/wp-content\/uploads\/2025\/11\/6J9A9456-1024x683.jpg 1024w, https:\/\/terezinskainiciativa.cz\/wp-content\/uploads\/2025\/11\/6J9A9456-300x200.jpg 300w, https:\/\/terezinskainiciativa.cz\/wp-content\/uploads\/2025\/11\/6J9A9456-768x512.jpg 768w, https:\/\/terezinskainiciativa.cz\/wp-content\/uploads\/2025\/11\/6J9A9456-18x12.jpg 18w, https:\/\/terezinskainiciativa.cz\/wp-content\/uploads\/2025\/11\/6J9A9456-1200x800.jpg 1200w, https:\/\/terezinskainiciativa.cz\/wp-content\/uploads\/2025\/11\/6J9A9456.jpg 1500w\" sizes=\"(max-width: 1024px) 100vw, 1024px\" \/><\/figure>\n\n\n\n<figure class=\"wp-block-image size-large\"><img loading=\"lazy\" decoding=\"async\" width=\"1024\" height=\"683\" data-id=\"1004\" src=\"https:\/\/terezinskainiciativa.cz\/wp-content\/uploads\/2025\/11\/6J9A9468-1024x683.jpg\" alt=\"\" class=\"wp-image-1004\" srcset=\"https:\/\/terezinskainiciativa.cz\/wp-content\/uploads\/2025\/11\/6J9A9468-1024x683.jpg 1024w, https:\/\/terezinskainiciativa.cz\/wp-content\/uploads\/2025\/11\/6J9A9468-300x200.jpg 300w, https:\/\/terezinskainiciativa.cz\/wp-content\/uploads\/2025\/11\/6J9A9468-768x512.jpg 768w, https:\/\/terezinskainiciativa.cz\/wp-content\/uploads\/2025\/11\/6J9A9468-18x12.jpg 18w, https:\/\/terezinskainiciativa.cz\/wp-content\/uploads\/2025\/11\/6J9A9468-1200x800.jpg 1200w, https:\/\/terezinskainiciativa.cz\/wp-content\/uploads\/2025\/11\/6J9A9468.jpg 1500w\" sizes=\"(max-width: 1024px) 100vw, 1024px\" \/><\/figure>\n\n\n\n<figure class=\"wp-block-image size-large\"><img loading=\"lazy\" decoding=\"async\" width=\"1024\" height=\"683\" data-id=\"1001\" src=\"https:\/\/terezinskainiciativa.cz\/wp-content\/uploads\/2025\/11\/6J9A9494-1024x683.jpg\" alt=\"\" class=\"wp-image-1001\" srcset=\"https:\/\/terezinskainiciativa.cz\/wp-content\/uploads\/2025\/11\/6J9A9494-1024x683.jpg 1024w, https:\/\/terezinskainiciativa.cz\/wp-content\/uploads\/2025\/11\/6J9A9494-300x200.jpg 300w, https:\/\/terezinskainiciativa.cz\/wp-content\/uploads\/2025\/11\/6J9A9494-768x512.jpg 768w, https:\/\/terezinskainiciativa.cz\/wp-content\/uploads\/2025\/11\/6J9A9494-18x12.jpg 18w, https:\/\/terezinskainiciativa.cz\/wp-content\/uploads\/2025\/11\/6J9A9494-1200x800.jpg 1200w, https:\/\/terezinskainiciativa.cz\/wp-content\/uploads\/2025\/11\/6J9A9494.jpg 1443w\" sizes=\"(max-width: 1024px) 100vw, 1024px\" \/><\/figure>\n\n\n\n<figure class=\"wp-block-image size-large\"><img loading=\"lazy\" decoding=\"async\" width=\"1024\" height=\"763\" data-id=\"1003\" src=\"https:\/\/terezinskainiciativa.cz\/wp-content\/uploads\/2025\/11\/6J9A9654-1024x763.jpg\" alt=\"\" class=\"wp-image-1003\" srcset=\"https:\/\/terezinskainiciativa.cz\/wp-content\/uploads\/2025\/11\/6J9A9654-1024x763.jpg 1024w, https:\/\/terezinskainiciativa.cz\/wp-content\/uploads\/2025\/11\/6J9A9654-300x224.jpg 300w, https:\/\/terezinskainiciativa.cz\/wp-content\/uploads\/2025\/11\/6J9A9654-768x573.jpg 768w, https:\/\/terezinskainiciativa.cz\/wp-content\/uploads\/2025\/11\/6J9A9654-16x12.jpg 16w, https:\/\/terezinskainiciativa.cz\/wp-content\/uploads\/2025\/11\/6J9A9654.jpg 1171w\" sizes=\"(max-width: 1024px) 100vw, 1024px\" \/><\/figure>\n\n\n\n<figure class=\"wp-block-image size-large\"><img loading=\"lazy\" decoding=\"async\" width=\"1024\" height=\"683\" data-id=\"1006\" src=\"https:\/\/terezinskainiciativa.cz\/wp-content\/uploads\/2025\/11\/6J9A9659-1024x683.jpg\" alt=\"\" class=\"wp-image-1006\" srcset=\"https:\/\/terezinskainiciativa.cz\/wp-content\/uploads\/2025\/11\/6J9A9659-1024x683.jpg 1024w, https:\/\/terezinskainiciativa.cz\/wp-content\/uploads\/2025\/11\/6J9A9659-300x200.jpg 300w, https:\/\/terezinskainiciativa.cz\/wp-content\/uploads\/2025\/11\/6J9A9659-768x512.jpg 768w, https:\/\/terezinskainiciativa.cz\/wp-content\/uploads\/2025\/11\/6J9A9659-18x12.jpg 18w, https:\/\/terezinskainiciativa.cz\/wp-content\/uploads\/2025\/11\/6J9A9659-1200x800.jpg 1200w, https:\/\/terezinskainiciativa.cz\/wp-content\/uploads\/2025\/11\/6J9A9659.jpg 1405w\" sizes=\"(max-width: 1024px) 100vw, 1024px\" \/><\/figure>\n\n\n\n<figure class=\"wp-block-image size-large\"><img loading=\"lazy\" decoding=\"async\" width=\"1024\" height=\"683\" data-id=\"1007\" src=\"https:\/\/terezinskainiciativa.cz\/wp-content\/uploads\/2025\/11\/6J9A9787-1024x683.jpg\" alt=\"\" class=\"wp-image-1007\" srcset=\"https:\/\/terezinskainiciativa.cz\/wp-content\/uploads\/2025\/11\/6J9A9787-1024x683.jpg 1024w, https:\/\/terezinskainiciativa.cz\/wp-content\/uploads\/2025\/11\/6J9A9787-300x200.jpg 300w, https:\/\/terezinskainiciativa.cz\/wp-content\/uploads\/2025\/11\/6J9A9787-768x512.jpg 768w, https:\/\/terezinskainiciativa.cz\/wp-content\/uploads\/2025\/11\/6J9A9787-18x12.jpg 18w, https:\/\/terezinskainiciativa.cz\/wp-content\/uploads\/2025\/11\/6J9A9787-1200x800.jpg 1200w, https:\/\/terezinskainiciativa.cz\/wp-content\/uploads\/2025\/11\/6J9A9787.jpg 1306w\" sizes=\"(max-width: 1024px) 100vw, 1024px\" \/><\/figure>\n<\/figure>","protected":false},"excerpt":{"rendered":"<p>v zasedac\u00ed m\u00edstnosti \u017didovsk\u00e9 radnice v Maiselov\u011b ulici Sn\u011bm zah\u00e1jil p\u0159edseda Terez\u00ednsk\u00e9 iniciativy Michal Str\u00e1nsk\u00fd. P\u0159iv\u00edtal p\u0159\u00edtomn\u00e9 a p\u0159ednesl zpr\u00e1vu o \u010dinnosti na\u0161eho spolku od minul\u00e9ho sn\u011bmu v roce 2024 [&hellip;]<\/p>","protected":false},"author":1,"featured_media":0,"comment_status":"closed","ping_status":"closed","sticky":false,"template":"","format":"standard","meta":{"footnotes":""},"categories":[11],"tags":[],"class_list":["post-999","post","type-post","status-publish","format-standard","hentry","category-akce"],"yoast_head":"<!-- This site is optimized with the Yoast SEO plugin v21.9.1 - https:\/\/yoast.com\/wordpress\/plugins\/seo\/ -->\n<title>Sn\u011bm \u010dlen\u016f Terez\u00ednsk\u00e9 iniciativy se konal 21. 10. 2025<\/title>\n<meta name=\"description\" content=\"v zasedac\u00ed m\u00edstnosti \u017didovsk\u00e9 radnice v Maiselov\u011b ulici Sn\u011bm zah\u00e1jil p\u0159edseda Terez\u00ednsk\u00e9 iniciativy Michal Str\u00e1nsk\u00fd. P\u0159iv\u00edtal p\u0159\u00edtomn\u00e9 a p\u0159ednesl zpr\u00e1vu o\" \/>\n<meta name=\"robots\" content=\"index, follow, max-snippet:-1, max-image-preview:large, max-video-preview:-1\" \/>\n<link rel=\"canonical\" href=\"https:\/\/terezinskainiciativa.cz\/en\/akce\/snem-clenu-terezinske-iniciativy-se-konal-21-10-2025\/\" \/>\n<meta property=\"og:locale\" content=\"en_US\" \/>\n<meta property=\"og:type\" content=\"article\" \/>\n<meta property=\"og:title\" content=\"Sn\u011bm \u010dlen\u016f Terez\u00ednsk\u00e9 iniciativy se konal 21. 10. 2025\" \/>\n<meta property=\"og:description\" content=\"v zasedac\u00ed m\u00edstnosti \u017didovsk\u00e9 radnice v Maiselov\u011b ulici Sn\u011bm zah\u00e1jil p\u0159edseda Terez\u00ednsk\u00e9 iniciativy Michal Str\u00e1nsk\u00fd. P\u0159iv\u00edtal p\u0159\u00edtomn\u00e9 a p\u0159ednesl zpr\u00e1vu o\" \/>\n<meta property=\"og:url\" content=\"https:\/\/terezinskainiciativa.cz\/en\/akce\/snem-clenu-terezinske-iniciativy-se-konal-21-10-2025\/\" \/>\n<meta property=\"og:site_name\" content=\"Terez\u00ednsk\u00e1 iniciativa\" \/>\n<meta property=\"article:published_time\" content=\"2025-11-06T23:12:18+00:00\" \/>\n<meta property=\"article:modified_time\" content=\"2025-11-06T23:12:39+00:00\" \/>\n<meta property=\"og:image\" content=\"https:\/\/terezinskainiciativa.cz\/wp-content\/uploads\/2025\/11\/6J9A9343.jpg\" \/>\n<meta name=\"author\" content=\"TI\" \/>\n<meta name=\"twitter:card\" content=\"summary_large_image\" \/>\n<meta name=\"twitter:label1\" content=\"Written by\" \/>\n\t<meta name=\"twitter:data1\" content=\"TI\" \/>\n\t<meta name=\"twitter:label2\" content=\"Est. reading time\" \/>\n\t<meta name=\"twitter:data2\" content=\"9 minutes\" \/>\n<script type=\"application\/ld+json\" class=\"yoast-schema-graph\">{\"@context\":\"https:\/\/schema.org\",\"@graph\":[{\"@type\":\"Article\",\"@id\":\"https:\/\/terezinskainiciativa.cz\/akce\/snem-clenu-terezinske-iniciativy-se-konal-21-10-2025\/#article\",\"isPartOf\":{\"@id\":\"https:\/\/terezinskainiciativa.cz\/akce\/snem-clenu-terezinske-iniciativy-se-konal-21-10-2025\/\"},\"author\":{\"name\":\"TI\",\"@id\":\"https:\/\/terezinskainiciativa.cz\/#\/schema\/person\/19226cfe72c90058c84eed8ae52b2dcf\"},\"headline\":\"Sn\u011bm \u010dlen\u016f Terez\u00ednsk\u00e9 iniciativy se konal 21. 10. 2025\",\"datePublished\":\"2025-11-06T23:12:18+00:00\",\"dateModified\":\"2025-11-06T23:12:39+00:00\",\"mainEntityOfPage\":{\"@id\":\"https:\/\/terezinskainiciativa.cz\/akce\/snem-clenu-terezinske-iniciativy-se-konal-21-10-2025\/\"},\"wordCount\":2214,\"publisher\":{\"@id\":\"https:\/\/terezinskainiciativa.cz\/#organization\"},\"articleSection\":[\"Akce\"],\"inLanguage\":\"en-US\"},{\"@type\":\"WebPage\",\"@id\":\"https:\/\/terezinskainiciativa.cz\/akce\/snem-clenu-terezinske-iniciativy-se-konal-21-10-2025\/\",\"url\":\"https:\/\/terezinskainiciativa.cz\/akce\/snem-clenu-terezinske-iniciativy-se-konal-21-10-2025\/\",\"name\":\"Sn\u011bm \u010dlen\u016f Terez\u00ednsk\u00e9 iniciativy se konal 21. 10. 2025\",\"isPartOf\":{\"@id\":\"https:\/\/terezinskainiciativa.cz\/#website\"},\"datePublished\":\"2025-11-06T23:12:18+00:00\",\"dateModified\":\"2025-11-06T23:12:39+00:00\",\"description\":\"v zasedac\u00ed m\u00edstnosti \u017didovsk\u00e9 radnice v Maiselov\u011b ulici Sn\u011bm zah\u00e1jil p\u0159edseda Terez\u00ednsk\u00e9 iniciativy Michal Str\u00e1nsk\u00fd. P\u0159iv\u00edtal p\u0159\u00edtomn\u00e9 a p\u0159ednesl zpr\u00e1vu o\",\"breadcrumb\":{\"@id\":\"https:\/\/terezinskainiciativa.cz\/akce\/snem-clenu-terezinske-iniciativy-se-konal-21-10-2025\/#breadcrumb\"},\"inLanguage\":\"en-US\",\"potentialAction\":[{\"@type\":\"ReadAction\",\"target\":[\"https:\/\/terezinskainiciativa.cz\/akce\/snem-clenu-terezinske-iniciativy-se-konal-21-10-2025\/\"]}]},{\"@type\":\"BreadcrumbList\",\"@id\":\"https:\/\/terezinskainiciativa.cz\/akce\/snem-clenu-terezinske-iniciativy-se-konal-21-10-2025\/#breadcrumb\",\"itemListElement\":[{\"@type\":\"ListItem\",\"position\":1,\"name\":\"Dom\u016f\",\"item\":\"https:\/\/terezinskainiciativa.cz\/\"},{\"@type\":\"ListItem\",\"position\":2,\"name\":\"Sn\u011bm \u010dlen\u016f Terez\u00ednsk\u00e9 iniciativy se konal 21. 10. 2025\"}]},{\"@type\":\"WebSite\",\"@id\":\"https:\/\/terezinskainiciativa.cz\/#website\",\"url\":\"https:\/\/terezinskainiciativa.cz\/\",\"name\":\"Terez\u00ednsk\u00e1 iniciativa\",\"description\":\"TI je sdru\u017een\u00ed b\u00fdval\u00fdch v\u011bz\u0148\u016f terez\u00ednsk\u00e9ho ghetta a jejich p\u0159\u00edm\u00fdch potomk\u016f\",\"publisher\":{\"@id\":\"https:\/\/terezinskainiciativa.cz\/#organization\"},\"potentialAction\":[{\"@type\":\"SearchAction\",\"target\":{\"@type\":\"EntryPoint\",\"urlTemplate\":\"https:\/\/terezinskainiciativa.cz\/?s={search_term_string}\"},\"query-input\":\"required name=search_term_string\"}],\"inLanguage\":\"en-US\"},{\"@type\":\"Organization\",\"@id\":\"https:\/\/terezinskainiciativa.cz\/#organization\",\"name\":\"Terez\u00ednsk\u00e1 iniciativa\",\"url\":\"https:\/\/terezinskainiciativa.cz\/\",\"logo\":{\"@type\":\"ImageObject\",\"inLanguage\":\"en-US\",\"@id\":\"https:\/\/terezinskainiciativa.cz\/#\/schema\/logo\/image\/\",\"url\":\"https:\/\/terezinskainiciativa.cz\/wp-content\/uploads\/2022\/12\/cropped-ti-v2.png\",\"contentUrl\":\"https:\/\/terezinskainiciativa.cz\/wp-content\/uploads\/2022\/12\/cropped-ti-v2.png\",\"width\":242,\"height\":71,\"caption\":\"Terez\u00ednsk\u00e1 iniciativa\"},\"image\":{\"@id\":\"https:\/\/terezinskainiciativa.cz\/#\/schema\/logo\/image\/\"}},{\"@type\":\"Person\",\"@id\":\"https:\/\/terezinskainiciativa.cz\/#\/schema\/person\/19226cfe72c90058c84eed8ae52b2dcf\",\"name\":\"TI\",\"image\":{\"@type\":\"ImageObject\",\"inLanguage\":\"en-US\",\"@id\":\"https:\/\/terezinskainiciativa.cz\/#\/schema\/person\/image\/\",\"url\":\"https:\/\/secure.gravatar.com\/avatar\/c2d28ae173a6028f6ad18228439211d3?s=96&d=mm&r=g\",\"contentUrl\":\"https:\/\/secure.gravatar.com\/avatar\/c2d28ae173a6028f6ad18228439211d3?s=96&d=mm&r=g\",\"caption\":\"TI\"},\"sameAs\":[\"http:\/\/terezinskainiciativa.cz\"]}]}<\/script>\n<!-- \/ Yoast SEO plugin. -->","yoast_head_json":{"title":"Sn\u011bm \u010dlen\u016f Terez\u00ednsk\u00e9 iniciativy se konal 21. 10. 2025","description":"v zasedac\u00ed m\u00edstnosti \u017didovsk\u00e9 radnice v Maiselov\u011b ulici Sn\u011bm zah\u00e1jil p\u0159edseda Terez\u00ednsk\u00e9 iniciativy Michal Str\u00e1nsk\u00fd. P\u0159iv\u00edtal p\u0159\u00edtomn\u00e9 a p\u0159ednesl zpr\u00e1vu o","robots":{"index":"index","follow":"follow","max-snippet":"max-snippet:-1","max-image-preview":"max-image-preview:large","max-video-preview":"max-video-preview:-1"},"canonical":"https:\/\/terezinskainiciativa.cz\/en\/akce\/snem-clenu-terezinske-iniciativy-se-konal-21-10-2025\/","og_locale":"en_US","og_type":"article","og_title":"Sn\u011bm \u010dlen\u016f Terez\u00ednsk\u00e9 iniciativy se konal 21. 10. 2025","og_description":"v zasedac\u00ed m\u00edstnosti \u017didovsk\u00e9 radnice v Maiselov\u011b ulici Sn\u011bm zah\u00e1jil p\u0159edseda Terez\u00ednsk\u00e9 iniciativy Michal Str\u00e1nsk\u00fd. P\u0159iv\u00edtal p\u0159\u00edtomn\u00e9 a p\u0159ednesl zpr\u00e1vu o","og_url":"https:\/\/terezinskainiciativa.cz\/en\/akce\/snem-clenu-terezinske-iniciativy-se-konal-21-10-2025\/","og_site_name":"Terez\u00ednsk\u00e1 iniciativa","article_published_time":"2025-11-06T23:12:18+00:00","article_modified_time":"2025-11-06T23:12:39+00:00","og_image":[{"url":"https:\/\/terezinskainiciativa.cz\/wp-content\/uploads\/2025\/11\/6J9A9343.jpg"}],"author":"TI","twitter_card":"summary_large_image","twitter_misc":{"Written by":"TI","Est. reading time":"9 minutes"},"schema":{"@context":"https:\/\/schema.org","@graph":[{"@type":"Article","@id":"https:\/\/terezinskainiciativa.cz\/akce\/snem-clenu-terezinske-iniciativy-se-konal-21-10-2025\/#article","isPartOf":{"@id":"https:\/\/terezinskainiciativa.cz\/akce\/snem-clenu-terezinske-iniciativy-se-konal-21-10-2025\/"},"author":{"name":"TI","@id":"https:\/\/terezinskainiciativa.cz\/#\/schema\/person\/19226cfe72c90058c84eed8ae52b2dcf"},"headline":"Sn\u011bm \u010dlen\u016f Terez\u00ednsk\u00e9 iniciativy se konal 21. 10. 2025","datePublished":"2025-11-06T23:12:18+00:00","dateModified":"2025-11-06T23:12:39+00:00","mainEntityOfPage":{"@id":"https:\/\/terezinskainiciativa.cz\/akce\/snem-clenu-terezinske-iniciativy-se-konal-21-10-2025\/"},"wordCount":2214,"publisher":{"@id":"https:\/\/terezinskainiciativa.cz\/#organization"},"articleSection":["Akce"],"inLanguage":"en-US"},{"@type":"WebPage","@id":"https:\/\/terezinskainiciativa.cz\/akce\/snem-clenu-terezinske-iniciativy-se-konal-21-10-2025\/","url":"https:\/\/terezinskainiciativa.cz\/akce\/snem-clenu-terezinske-iniciativy-se-konal-21-10-2025\/","name":"Sn\u011bm \u010dlen\u016f Terez\u00ednsk\u00e9 iniciativy se konal 21. 10. 2025","isPartOf":{"@id":"https:\/\/terezinskainiciativa.cz\/#website"},"datePublished":"2025-11-06T23:12:18+00:00","dateModified":"2025-11-06T23:12:39+00:00","description":"v zasedac\u00ed m\u00edstnosti \u017didovsk\u00e9 radnice v Maiselov\u011b ulici Sn\u011bm zah\u00e1jil p\u0159edseda Terez\u00ednsk\u00e9 iniciativy Michal Str\u00e1nsk\u00fd. P\u0159iv\u00edtal p\u0159\u00edtomn\u00e9 a p\u0159ednesl zpr\u00e1vu o","breadcrumb":{"@id":"https:\/\/terezinskainiciativa.cz\/akce\/snem-clenu-terezinske-iniciativy-se-konal-21-10-2025\/#breadcrumb"},"inLanguage":"en-US","potentialAction":[{"@type":"ReadAction","target":["https:\/\/terezinskainiciativa.cz\/akce\/snem-clenu-terezinske-iniciativy-se-konal-21-10-2025\/"]}]},{"@type":"BreadcrumbList","@id":"https:\/\/terezinskainiciativa.cz\/akce\/snem-clenu-terezinske-iniciativy-se-konal-21-10-2025\/#breadcrumb","itemListElement":[{"@type":"ListItem","position":1,"name":"Dom\u016f","item":"https:\/\/terezinskainiciativa.cz\/"},{"@type":"ListItem","position":2,"name":"Sn\u011bm \u010dlen\u016f Terez\u00ednsk\u00e9 iniciativy se konal 21. 10. 2025"}]},{"@type":"WebSite","@id":"https:\/\/terezinskainiciativa.cz\/#website","url":"https:\/\/terezinskainiciativa.cz\/","name":"Terez\u00ednsk\u00e1 iniciativa","description":"TI je sdru\u017een\u00ed b\u00fdval\u00fdch v\u011bz\u0148\u016f terez\u00ednsk\u00e9ho ghetta a jejich p\u0159\u00edm\u00fdch potomk\u016f","publisher":{"@id":"https:\/\/terezinskainiciativa.cz\/#organization"},"potentialAction":[{"@type":"SearchAction","target":{"@type":"EntryPoint","urlTemplate":"https:\/\/terezinskainiciativa.cz\/?s={search_term_string}"},"query-input":"required name=search_term_string"}],"inLanguage":"en-US"},{"@type":"Organization","@id":"https:\/\/terezinskainiciativa.cz\/#organization","name":"Terez\u00ednsk\u00e1 iniciativa","url":"https:\/\/terezinskainiciativa.cz\/","logo":{"@type":"ImageObject","inLanguage":"en-US","@id":"https:\/\/terezinskainiciativa.cz\/#\/schema\/logo\/image\/","url":"https:\/\/terezinskainiciativa.cz\/wp-content\/uploads\/2022\/12\/cropped-ti-v2.png","contentUrl":"https:\/\/terezinskainiciativa.cz\/wp-content\/uploads\/2022\/12\/cropped-ti-v2.png","width":242,"height":71,"caption":"Terez\u00ednsk\u00e1 iniciativa"},"image":{"@id":"https:\/\/terezinskainiciativa.cz\/#\/schema\/logo\/image\/"}},{"@type":"Person","@id":"https:\/\/terezinskainiciativa.cz\/#\/schema\/person\/19226cfe72c90058c84eed8ae52b2dcf","name":"TI","image":{"@type":"ImageObject","inLanguage":"en-US","@id":"https:\/\/terezinskainiciativa.cz\/#\/schema\/person\/image\/","url":"https:\/\/secure.gravatar.com\/avatar\/c2d28ae173a6028f6ad18228439211d3?s=96&d=mm&r=g","contentUrl":"https:\/\/secure.gravatar.com\/avatar\/c2d28ae173a6028f6ad18228439211d3?s=96&d=mm&r=g","caption":"TI"},"sameAs":["http:\/\/terezinskainiciativa.cz"]}]}},"_links":{"self":[{"href":"https:\/\/terezinskainiciativa.cz\/en\/wp-json\/wp\/v2\/posts\/999"}],"collection":[{"href":"https:\/\/terezinskainiciativa.cz\/en\/wp-json\/wp\/v2\/posts"}],"about":[{"href":"https:\/\/terezinskainiciativa.cz\/en\/wp-json\/wp\/v2\/types\/post"}],"author":[{"embeddable":true,"href":"https:\/\/terezinskainiciativa.cz\/en\/wp-json\/wp\/v2\/users\/1"}],"replies":[{"embeddable":true,"href":"https:\/\/terezinskainiciativa.cz\/en\/wp-json\/wp\/v2\/comments?post=999"}],"version-history":[{"count":1,"href":"https:\/\/terezinskainiciativa.cz\/en\/wp-json\/wp\/v2\/posts\/999\/revisions"}],"predecessor-version":[{"id":1008,"href":"https:\/\/terezinskainiciativa.cz\/en\/wp-json\/wp\/v2\/posts\/999\/revisions\/1008"}],"wp:attachment":[{"href":"https:\/\/terezinskainiciativa.cz\/en\/wp-json\/wp\/v2\/media?parent=999"}],"wp:term":[{"taxonomy":"category","embeddable":true,"href":"https:\/\/terezinskainiciativa.cz\/en\/wp-json\/wp\/v2\/categories?post=999"},{"taxonomy":"post_tag","embeddable":true,"href":"https:\/\/terezinskainiciativa.cz\/en\/wp-json\/wp\/v2\/tags?post=999"}],"curies":[{"name":"wp","href":"https:\/\/api.w.org\/{rel}","templated":true}]}}