{"id":12,"count":2,"description":"","link":"https:\/\/terezinskainiciativa.cz\/en\/events\/category\/za-hradby\/","name":"Filmov\u00fd festival Za hradby","slug":"za-hradby","taxonomy":"tribe_events_cat","parent":0,"meta":[],"yoast_head":"<!-- This site is optimized with the Yoast SEO plugin v21.9.1 - https:\/\/yoast.com\/wordpress\/plugins\/seo\/ -->\n<title>Filmov\u00fd festival Za hradby - Terez\u00ednsk\u00e1 iniciativa<\/title>\n<meta name=\"robots\" content=\"index, follow, max-snippet:-1, max-image-preview:large, max-video-preview:-1\" \/>\n<link rel=\"canonical\" href=\"https:\/\/terezinskainiciativa.cz\/en\/events\/rubrika\/za-hradby\/\" \/>\n<meta property=\"og:locale\" content=\"en_US\" \/>\n<meta property=\"og:type\" content=\"article\" \/>\n<meta property=\"og:title\" content=\"Filmov\u00fd festival Za hradby - Terez\u00ednsk\u00e1 iniciativa\" \/>\n<meta property=\"og:url\" content=\"https:\/\/terezinskainiciativa.cz\/en\/events\/rubrika\/za-hradby\/\" \/>\n<meta property=\"og:site_name\" content=\"Terez\u00ednsk\u00e1 iniciativa\" \/>\n<meta property=\"og:image\" content=\"https:\/\/terezinskainiciativa.cz\/wp-content\/uploads\/2022\/12\/cropped-ti-v2.png\" \/>\n\t<meta property=\"og:image:width\" content=\"242\" \/>\n\t<meta property=\"og:image:height\" content=\"71\" \/>\n\t<meta property=\"og:image:type\" content=\"image\/png\" \/>\n<meta name=\"twitter:card\" content=\"summary_large_image\" \/>\n<script type=\"application\/ld+json\" class=\"yoast-schema-graph\">{\"@context\":\"https:\/\/schema.org\",\"@graph\":[{\"@type\":\"CollectionPage\",\"@id\":\"https:\/\/terezinskainiciativa.cz\/events\/rubrika\/za-hradby\/\",\"url\":\"https:\/\/terezinskainiciativa.cz\/events\/rubrika\/za-hradby\/\",\"name\":\"Filmov\u00fd festival Za hradby - Terez\u00ednsk\u00e1 iniciativa\",\"isPartOf\":{\"@id\":\"https:\/\/terezinskainiciativa.cz\/#website\"},\"breadcrumb\":{\"@id\":\"https:\/\/terezinskainiciativa.cz\/events\/rubrika\/za-hradby\/#breadcrumb\"},\"inLanguage\":\"en-US\"},{\"@type\":\"BreadcrumbList\",\"@id\":\"https:\/\/terezinskainiciativa.cz\/events\/rubrika\/za-hradby\/#breadcrumb\",\"itemListElement\":[{\"@type\":\"ListItem\",\"position\":1,\"name\":\"Dom\u016f\",\"item\":\"https:\/\/terezinskainiciativa.cz\/\"},{\"@type\":\"ListItem\",\"position\":2,\"name\":\"Filmov\u00fd festival Za hradby\"}]},{\"@type\":\"WebSite\",\"@id\":\"https:\/\/terezinskainiciativa.cz\/#website\",\"url\":\"https:\/\/terezinskainiciativa.cz\/\",\"name\":\"Terez\u00ednsk\u00e1 iniciativa\",\"description\":\"TI je sdru\u017een\u00ed b\u00fdval\u00fdch v\u011bz\u0148\u016f terez\u00ednsk\u00e9ho ghetta a jejich p\u0159\u00edm\u00fdch potomk\u016f\",\"publisher\":{\"@id\":\"https:\/\/terezinskainiciativa.cz\/#organization\"},\"potentialAction\":[{\"@type\":\"SearchAction\",\"target\":{\"@type\":\"EntryPoint\",\"urlTemplate\":\"https:\/\/terezinskainiciativa.cz\/?s={search_term_string}\"},\"query-input\":\"required name=search_term_string\"}],\"inLanguage\":\"en-US\"},{\"@type\":\"Organization\",\"@id\":\"https:\/\/terezinskainiciativa.cz\/#organization\",\"name\":\"Terez\u00ednsk\u00e1 iniciativa\",\"url\":\"https:\/\/terezinskainiciativa.cz\/\",\"logo\":{\"@type\":\"ImageObject\",\"inLanguage\":\"en-US\",\"@id\":\"https:\/\/terezinskainiciativa.cz\/#\/schema\/logo\/image\/\",\"url\":\"https:\/\/terezinskainiciativa.cz\/wp-content\/uploads\/2022\/12\/cropped-ti-v2.png\",\"contentUrl\":\"https:\/\/terezinskainiciativa.cz\/wp-content\/uploads\/2022\/12\/cropped-ti-v2.png\",\"width\":242,\"height\":71,\"caption\":\"Terez\u00ednsk\u00e1 iniciativa\"},\"image\":{\"@id\":\"https:\/\/terezinskainiciativa.cz\/#\/schema\/logo\/image\/\"}}]}<\/script>\n<!-- \/ Yoast SEO plugin. -->","yoast_head_json":{"title":"Filmov\u00fd festival Za hradby - Terez\u00ednsk\u00e1 iniciativa","robots":{"index":"index","follow":"follow","max-snippet":"max-snippet:-1","max-image-preview":"max-image-preview:large","max-video-preview":"max-video-preview:-1"},"canonical":"https:\/\/terezinskainiciativa.cz\/en\/events\/rubrika\/za-hradby\/","og_locale":"en_US","og_type":"article","og_title":"Filmov\u00fd festival Za hradby - Terez\u00ednsk\u00e1 iniciativa","og_url":"https:\/\/terezinskainiciativa.cz\/en\/events\/rubrika\/za-hradby\/","og_site_name":"Terez\u00ednsk\u00e1 iniciativa","og_image":[{"width":242,"height":71,"url":"https:\/\/terezinskainiciativa.cz\/wp-content\/uploads\/2022\/12\/cropped-ti-v2.png","type":"image\/png"}],"twitter_card":"summary_large_image","schema":{"@context":"https:\/\/schema.org","@graph":[{"@type":"CollectionPage","@id":"https:\/\/terezinskainiciativa.cz\/events\/rubrika\/za-hradby\/","url":"https:\/\/terezinskainiciativa.cz\/events\/rubrika\/za-hradby\/","name":"Filmov\u00fd festival Za hradby - Terez\u00ednsk\u00e1 iniciativa","isPartOf":{"@id":"https:\/\/terezinskainiciativa.cz\/#website"},"breadcrumb":{"@id":"https:\/\/terezinskainiciativa.cz\/events\/rubrika\/za-hradby\/#breadcrumb"},"inLanguage":"en-US"},{"@type":"BreadcrumbList","@id":"https:\/\/terezinskainiciativa.cz\/events\/rubrika\/za-hradby\/#breadcrumb","itemListElement":[{"@type":"ListItem","position":1,"name":"Dom\u016f","item":"https:\/\/terezinskainiciativa.cz\/"},{"@type":"ListItem","position":2,"name":"Filmov\u00fd festival Za hradby"}]},{"@type":"WebSite","@id":"https:\/\/terezinskainiciativa.cz\/#website","url":"https:\/\/terezinskainiciativa.cz\/","name":"Terez\u00ednsk\u00e1 iniciativa","description":"TI je sdru\u017een\u00ed b\u00fdval\u00fdch v\u011bz\u0148\u016f terez\u00ednsk\u00e9ho ghetta a jejich p\u0159\u00edm\u00fdch potomk\u016f","publisher":{"@id":"https:\/\/terezinskainiciativa.cz\/#organization"},"potentialAction":[{"@type":"SearchAction","target":{"@type":"EntryPoint","urlTemplate":"https:\/\/terezinskainiciativa.cz\/?s={search_term_string}"},"query-input":"required name=search_term_string"}],"inLanguage":"en-US"},{"@type":"Organization","@id":"https:\/\/terezinskainiciativa.cz\/#organization","name":"Terez\u00ednsk\u00e1 iniciativa","url":"https:\/\/terezinskainiciativa.cz\/","logo":{"@type":"ImageObject","inLanguage":"en-US","@id":"https:\/\/terezinskainiciativa.cz\/#\/schema\/logo\/image\/","url":"https:\/\/terezinskainiciativa.cz\/wp-content\/uploads\/2022\/12\/cropped-ti-v2.png","contentUrl":"https:\/\/terezinskainiciativa.cz\/wp-content\/uploads\/2022\/12\/cropped-ti-v2.png","width":242,"height":71,"caption":"Terez\u00ednsk\u00e1 iniciativa"},"image":{"@id":"https:\/\/terezinskainiciativa.cz\/#\/schema\/logo\/image\/"}}]}},"_links":{"self":[{"href":"https:\/\/terezinskainiciativa.cz\/en\/wp-json\/wp\/v2\/tribe_events_cat\/12"}],"collection":[{"href":"https:\/\/terezinskainiciativa.cz\/en\/wp-json\/wp\/v2\/tribe_events_cat"}],"about":[{"href":"https:\/\/terezinskainiciativa.cz\/en\/wp-json\/wp\/v2\/taxonomies\/tribe_events_cat"}],"wp:post_type":[{"href":"https:\/\/terezinskainiciativa.cz\/en\/wp-json\/wp\/v2\/tribe_events?tribe_events_cat=12"}],"curies":[{"name":"wp","href":"https:\/\/api.w.org\/{rel}","templated":true}]}}